{"id":612727,"date":"2025-12-21T00:09:54","date_gmt":"2025-12-21T00:09:54","guid":{"rendered":"https:\/\/www.europesays.com\/fr\/612727\/"},"modified":"2025-12-21T00:09:54","modified_gmt":"2025-12-21T00:09:54","slug":"minimalisme-sargent-richter-quelles-expositions-faut-il-ne-pas-manquer-a-paris","status":"publish","type":"post","link":"https:\/\/www.europesays.com\/fr\/612727\/","title":{"rendered":"Minimalisme, Sargent, Richter\u2026 Quelles expositions faut-il ne pas manquer \u00e0 Paris\u00a0?"},"content":{"rendered":"<p>Apr\u00e8s <a href=\"https:\/\/www.sudouest.fr\/culture\/video-les-plus-belles-expositions-a-paris-david-hockney-la-joie-de-creer-24362960.php\" target=\"_blank\" rel=\"follow noopener\">David Hockney<\/a>, changement radical de registre \u00e0 la <a href=\"https:\/\/www.fondationlouisvuitton.fr\/fr\/evenements\/exposition-gerhard-richter\" target=\"_blank\" rel=\"nofollow noopener\">Fondation Louis-Vuitton<\/a>avec cette r\u00e9trospective consacr\u00e9e \u00e0 une autre figure majeure de la peinture contemporaine, mais dont la sensibilit\u00e9 est bien plus sombre, l\u2019Allemand Gerhard Richter, 93\u00a0ans. Une \u0153uvre marqu\u00e9e par le traumatisme de la Seconde Guerre mondiale, et, comme ses pairs Anselm Kiefer&#8230;<\/p>\n<p>Apr\u00e8s <a href=\"https:\/\/www.sudouest.fr\/culture\/video-les-plus-belles-expositions-a-paris-david-hockney-la-joie-de-creer-24362960.php\" target=\"_blank\" rel=\"follow noopener\">David Hockney<\/a>, changement radical de registre \u00e0 la <a href=\"https:\/\/www.fondationlouisvuitton.fr\/fr\/evenements\/exposition-gerhard-richter\" target=\"_blank\" rel=\"nofollow noopener\">Fondation Louis-Vuitton<\/a> avec cette r\u00e9trospective consacr\u00e9e \u00e0 une autre figure majeure de la peinture contemporaine, mais dont la sensibilit\u00e9 est bien plus sombre, l\u2019Allemand Gerhard Richter, 93\u00a0ans. Une \u0153uvre marqu\u00e9e par le traumatisme de la Seconde Guerre mondiale, et, comme ses pairs Anselm Kiefer ou Georg Baselitz, par l\u2019horreur du nazisme.<\/p>\n<p>Jamais une exposition si compl\u00e8te n\u2019avait \u00e9t\u00e9 d\u00e9di\u00e9e \u00e0 Richter. Elle r\u00e9unit 275 peintures, dessins, photographies, couvre soixante ans de carri\u00e8re. On d\u00e9couvre une extr\u00eame vari\u00e9t\u00e9 dans ses travaux, mais ce sont surtout ses photographies peintes, produites dans les ann\u00e9es 1960-1970, qui marquent l\u2019esprit et le regard. Des photos pioch\u00e9es dans la presse ou dans ses albums de famille, reproduites dans de grands tableaux et dont les contours sont estomp\u00e9s, au moyen d\u2019une brosse. La pr\u00e9cision de son travail sur le flou est fascinante. Richter introduit une distance, un myst\u00e8re, questionne la possibilit\u00e9 m\u00eame de repr\u00e9senter le r\u00e9el. Ses tableaux sont \u00e9mouvants, souvent \u00e2pres. Jusqu\u2019au 2\u00a0mars 2026. Tous les jours sauf le mardi, 5 \u00e0 32\u00a0\u20ac.<\/p>\n<p><strong>John Singer Sargent au mus\u00e9e d\u2019Orsay<\/strong><\/p>\n<p><strong> <\/strong>Il est tr\u00e8s connu des amateurs d\u2019art aux \u00c9tats-Unis, mais peu en France, o\u00f9 c\u2019est d\u2019ailleurs la premi\u00e8re fois qu\u2019une grande r\u00e9trospective lui est consacr\u00e9e. Le <a href=\"https:\/\/www.musee-orsay.fr\/fr\/agenda\/expositions\/john-singer-sargent-eblouir-paris\" target=\"_blank\" rel=\"nofollow noopener\">mus\u00e9e d\u2019Orsay<\/a> invite \u00e0 d\u00e9couvrir jusqu\u2019\u00e0 mi-janvier le peintre <a href=\"https:\/\/www.sudouest.fr\/pyrenees-atlantiques\/bayonne\/bayonne-le-musee-bonnat-helleu-prete-deux-oeuvres-majeures-au-met-de-new-york-24300995.php\" target=\"_blank\" rel=\"follow noopener\">John Singer Sargent<\/a> (1856 \u2013 1925). L\u2019exposition est centr\u00e9e sur ses ann\u00e9es parisiennes, dans les d\u00e9cennies 1870-1880.<\/p>\n<p>Une galerie de portraits \u00e9blouissants des \u00e9lites de l\u2019\u00e9poque. Des tableaux \u00e0 la fois sensuels, r\u00e9alistes, souvent monumentaux. Sargent peint des enfants \u00e9tranges, opaques, un grand m\u00e9decin et grand s\u00e9ducteur, le <a href=\"https:\/\/www.sudouest.fr\/dordogne\/bergerac\/videos-destins-du-perigord-samuel-pozzi-dans-l-intimite-de-ces-dames-1654707.php\" target=\"_blank\" rel=\"follow noopener\">docteur Pozzi<\/a>, saisi dans son intimit\u00e9, dans une longue robe de chambre rouge, mi-diva mi-cardinal, ou Madame X, en robe de satin noir. \u0152uvre dont une premi\u00e8re version, jug\u00e9e ind\u00e9cente, avait fait scandale. Elle est ici montr\u00e9e en majest\u00e9. Tous les jours sauf le lundi, jusqu\u2019au 11\u00a0janvier 2026. 13 \u00e0 16\u00a0\u20ac.<\/p>\n<p>        <img decoding=\"async\" id=\"26407636\" src=\"https:\/\/www.europesays.com\/fr\/wp-content\/uploads\/2025\/12\/tconvfimg-john-singer-sargent-et-la-mode-le-peintre-americain-qui-fit-briller-les-soi.jpg\" alt=\"\u00ab\u00a0Madame X\u00a0\u00bb de John Singer Sargent (1883-1884).\" itemprop=\"contentURL\"\/><\/p>\n<p>    \u00ab\u00a0Madame X\u00a0\u00bb de John Singer Sargent (1883-1884).<\/p>\n<p>\u00a9 The Metropolitan Museum of Art, Dist. GrandPalaisRmn\u00a0\/\u00a0image Art Resource<\/p>\n<p><strong>\u00ab\u00a0Minimal\u00a0\u00bb \u00e0 la Bourse de Commerce<\/strong><\/p>\n<p>Apr\u00e8s l\u2019Arte Povera il y a un an, <a href=\"https:\/\/www.pinaultcollection.com\/fr\/boursedecommerce\" target=\"_blank\" rel=\"nofollow noopener\">la Bourse de Commerce<\/a> -Collection Pinault revisite \u00e0 nouveau un chapitre de l\u2019art contemporain, cette fois, l\u2019art minimal. L\u2019exposition, qui pr\u00e9sente une centaine d\u2019\u0153uvres, et aborde le minimalisme dans un sens large (trop\u00a0?) puisqu\u2019on y voit m\u00eame du Land Art, vaut pour sa richesse et son d\u00e9coupage, en sept sections th\u00e9matiques, chacune \u00e9clairant un aspect de cette avant-garde des ann\u00e9es 1960-70\u00a0: \u00ab\u00a0lumi\u00e8re\u00a0\u00bb, \u00ab\u00a0surface\u00a0\u00bb, \u00ab\u00a0monochrome\u00a0\u00bb\u2026. <\/p>\n","protected":false},"excerpt":{"rendered":"Apr\u00e8s David Hockney, changement radical de registre \u00e0 la Fondation Louis-Vuittonavec cette r\u00e9trospective consacr\u00e9e \u00e0 une autre figure&hellip;\n","protected":false},"author":2,"featured_media":612728,"comment_status":"","ping_status":"","sticky":false,"template":"","format":"standard","meta":{"footnotes":""},"categories":[1358],"tags":[1348,1384,1385,1386,58,59,1011,27],"class_list":{"0":"post-612727","1":"post","2":"type-post","3":"status-publish","4":"format-standard","5":"has-post-thumbnail","7":"category-arts-et-design","8":"tag-arts","9":"tag-arts-and-design","10":"tag-arts-et-design","11":"tag-design","12":"tag-divertissement","13":"tag-entertainment","14":"tag-fr","15":"tag-france"},"share_on_mastodon":{"url":"https:\/\/pubeurope.com\/@fr\/115754659687897675","error":""},"_links":{"self":[{"href":"https:\/\/www.europesays.com\/fr\/wp-json\/wp\/v2\/posts\/612727","targetHints":{"allow":["GET"]}}],"collection":[{"href":"https:\/\/www.europesays.com\/fr\/wp-json\/wp\/v2\/posts"}],"about":[{"href":"https:\/\/www.europesays.com\/fr\/wp-json\/wp\/v2\/types\/post"}],"author":[{"embeddable":true,"href":"https:\/\/www.europesays.com\/fr\/wp-json\/wp\/v2\/users\/2"}],"replies":[{"embeddable":true,"href":"https:\/\/www.europesays.com\/fr\/wp-json\/wp\/v2\/comments?post=612727"}],"version-history":[{"count":0,"href":"https:\/\/www.europesays.com\/fr\/wp-json\/wp\/v2\/posts\/612727\/revisions"}],"wp:featuredmedia":[{"embeddable":true,"href":"https:\/\/www.europesays.com\/fr\/wp-json\/wp\/v2\/media\/612728"}],"wp:attachment":[{"href":"https:\/\/www.europesays.com\/fr\/wp-json\/wp\/v2\/media?parent=612727"}],"wp:term":[{"taxonomy":"category","embeddable":true,"href":"https:\/\/www.europesays.com\/fr\/wp-json\/wp\/v2\/categories?post=612727"},{"taxonomy":"post_tag","embeddable":true,"href":"https:\/\/www.europesays.com\/fr\/wp-json\/wp\/v2\/tags?post=612727"}],"curies":[{"name":"wp","href":"https:\/\/api.w.org\/{rel}","templated":true}]}}