{"id":612729,"date":"2025-12-21T00:12:23","date_gmt":"2025-12-21T00:12:23","guid":{"rendered":"https:\/\/www.europesays.com\/fr\/612729\/"},"modified":"2025-12-21T00:12:23","modified_gmt":"2025-12-21T00:12:23","slug":"je-pleure-deja-je-suis-desole-jimmy-kimmel-conclut-une-annee-difficile-par-des-sanglots-dans-son-late-show","status":"publish","type":"post","link":"https:\/\/www.europesays.com\/fr\/612729\/","title":{"rendered":"\u00ab\u00a0Je pleure d\u00e9j\u00e0, je suis d\u00e9sol\u00e9\u00a0\u00bb : Jimmy Kimmel conclut \u00ab\u00a0une ann\u00e9e difficile\u00a0\u00bb par des sanglots dans son late-show"},"content":{"rendered":"<p>                <img loading=\"lazy\" decoding=\"async\" src=\"https:\/\/www.europesays.com\/fr\/wp-content\/uploads\/2025\/04\/87-65fc4537aa4a1-35x35-1.jpg\" class=\"author-article-picture\" width=\"35\" height=\"35\"\/><\/p>\n<p>                    Par<\/p>\n<p>                                            <a class=\"author-article-bio-link\" href=\"https:\/\/www.ozap.com\/auteur\/olivier-cortinovis_a87\" target=\"_blank\" rel=\"noopener\">Olivier Cortinovis<\/a><\/p>\n<p>                    |<\/p>\n<p>                                            Journaliste<\/p>\n<p>\n                Sportif frustr\u00e9 (les ligaments crois\u00e9s tu connais\u2026) qui a choisi le journalisme pour tacler ceux qui ont r\u00e9ussi. Mon volume de jeu me permet aujourd\u2019hui de couvrir toujours autant de terrain, des grands shows de la TNT (Koh-Lanta, Star Academy, P\u00e9kin Express) aux s\u00e9ries les plus confidentielles sur Netflix. Avec un seul credo dans la musette : celui de raconter des histoires avec de l\u2019humain et un peu d\u2019humour dedans\n            <\/p>\n<p>\n    Jimmy Kimmel a essay\u00e9 de retenir ses larmes lors de son dernier monologue de 2025, alors qu\u2019il remerciait les t\u00e9l\u00e9spectateurs de l\u2019avoir aid\u00e9 \u00e0 traverser une ann\u00e9e tumultueuse.\n<\/p>\n<p><img decoding=\"async\" class=\"image-article\" src=\"https:\/\/www.europesays.com\/fr\/wp-content\/uploads\/2025\/12\/ee15b0cdcd31cca6-580x0-1.png\" width=\"580\" height=\"auto\" fetchpriority=\"high\" alt=\"Jimmy Kimmel au bord des larmes dans le &quot;Jimmy Kimmel Live !&quot;\"\/><\/p>\n<p>    Jimmy Kimmel au bord des larmes dans le \u00ab\u00a0Jimmy Kimmel Live !\u00a0\u00bb\u00a9 ABC<\/p>\n<p>La suite apr\u00e8s la publicit\u00e9<\/p>\n<p>C\u2019\u00e9tait la der de l\u2019ann\u00e9e avant la tr\u00eave des confiseurs pour les animateurs de talk-shows fran\u00e7ais comme am\u00e9ricains. A l\u2019instar de Cyril Hanouna, <a href=\"https:\/\/www.ozap.com\/actu\/tu-seras-notre-soleil-a-nous-tous-cyril-hanouna-en-larmes-apres-leloge-de-ses-chroniqueurs-lors-de-la-derniere-de-lannee-de-tout-beau-tout-n9uf\/652985\" target=\"_blank\" rel=\"noopener\">en larmes dans \u00ab\u00a0Tout beau, tout n9uf<\/a>\u00ab\u00a0, <a href=\"https:\/\/www.ozap.com\/personnalite\/jimmy-kimmel_e289564\" target=\"_blank\" rel=\"noopener\">Jimmy Kimmel <\/a>a fendu l\u2019armure dans son \u00e9mission diffus\u00e9e le jeudi 18 d\u00e9cembre. Secou\u00e9 par une saison chaotique, o\u00f9 <a href=\"https:\/\/www.ozap.com\/actu\/une-excellente-nouvelle-pour-lamerique-donald-trump-se-rejouit-de-la-suspension-de-jimmy-kimmel-star-de-la-tv-americaine-apres-des-propos-sur-lassassinat-de-charlie-kirk\/651661\" target=\"_blank\" rel=\"noopener\">il a \u00e9t\u00e9 momentan\u00e9ment suspendu d\u2019antenne <\/a>et sans cesse pris pour cible par <a href=\"https:\/\/www.ozap.com\/personnalite\/donald-trump_e1771\" target=\"_blank\" rel=\"noopener\">Donald Trump<\/a>, la star des anchormans a dress\u00e9 le bilan d\u2019une ann\u00e9e \u00ab\u00a0\u00e9trange\u00a0\u00bb et \u00ab\u00a0difficile\u00a0\u00bb dans son traditionnel monologue. \u00ab\u00a0Nous avons connu des bas, nous avons connu des hauts. Pour moi, peut-\u00eatre plus que n\u2019importe quelle autre ann\u00e9e de ma vie\u00a0\u00bb, a-t-il seulement pu glisser, avant d\u2019\u00eatre saisi par l\u2019\u00e9motion. \u00ab\u00a0Je pleure d\u00e9j\u00e0, je suis d\u00e9sol\u00e9\u00a0\u00bb, s&rsquo;est interrompu l&rsquo;habituel trublion.<\/p>\n<p>Reconnaissant envers ses t\u00e9l\u00e9spectateurs<\/p>\n<p>Il a n\u00e9anmoins combattu ses larmes pour reprendre son discours et remercier les partisans de son show satirique pour leur fid\u00e9lit\u00e9 dans ce moment particulier. \u00ab\u00a0Je tiens simplement \u00e0 vous dire que nous appr\u00e9cions votre soutien, votre enthousiasme, et pas seulement pour votre pr\u00e9sence en tant que spectateurs. Cette ann\u00e9e, vous nous avez litt\u00e9ralement sortis du p\u00e9trin, et nous ne vous remercierons jamais assez personnellement\u00a0\u00bb,\u00a0a d\u00e9velopp\u00e9 le pr\u00e9sentateur dans une r\u00e9f\u00e9rence directe au toll\u00e9 provoqu\u00e9 par l\u2019annulation pure et simple de son \u00e9mission en septembre dernier.<\/p>\n<p>Suspendu par ses employeurs apr\u00e8s une pol\u00e9mique autour d&rsquo;une blague jug\u00e9e \u00ab\u00a0ind\u00e9licate\u00a0\u00bb sur l&rsquo;assassinat de l&rsquo;influenceur conservateur Charlie Kirk, Jimmy Kimmel avait effectu\u00e9 <a href=\"https:\/\/www.ozap.com\/actu\/excuses-larmes-attaques-contre-donald-trump-que-retenir-du-retour-a-lantenne-de-jimmy-kimmel-sur-abc\/651752\" target=\"_blank\" rel=\"noopener\">un retour tonitruant \u00e0 l\u2019antenne de la cha\u00eene ABC<\/a>, une semaine apr\u00e8s.\u00a0La grande star des late-shows a m\u00eame \u00e9t\u00e9 <a href=\"https:\/\/www.ozap.com\/actu\/deux-mois-apres-sa-suspension-jimmy-kimmel-et-son-emission-satirique-prolonges-sur-la-chaine-abc\/652809\" target=\"_blank\" rel=\"noopener\">reconduite dans ses fonctions<\/a> jusqu&rsquo;au milieu de l\u2019ann\u00e9e 2027. Il poursuivra au moins une ann\u00e9e suppl\u00e9mentaire son r\u00f4le de poil \u00e0 gratter dans les m\u00e9dias am\u00e9ricains.\u00a0<\/p>\n<blockquote class=\"twitter-tweet\">\n<p lang=\"en\" dir=\"ltr\">Jimmy Kimmel, who has an annual salary of $16M, cried last night while thinking of the \u00ab\u00a0difficult year\u00a0\u00bb that he&rsquo;s had. I guess gaslighting people about Charile Kirk&rsquo;s death must have really taken a toll on him. <a href=\"https:\/\/t.co\/ufiSFYLs1x\">pic.twitter.com\/ufiSFYLs1x<\/a><\/p>\n<p>\u2014 Price of Reason (@priceoreason) <a href=\"https:\/\/twitter.com\/priceoreason\/status\/2002067790841491531?ref_src=twsrc%5Etfw\" target=\"_blank\" rel=\"noopener\">December 19, 2025<\/a><\/p><\/blockquote>\n<p>Prolong\u00e9 \u00e0 l&rsquo;antenne d&rsquo;ABC<\/p>\n<p>Aussit\u00f4t son come-back devant les cam\u00e9ras de la cha\u00eene propri\u00e9t\u00e9 de Disney, l&rsquo;humoriste avait\u00a0repris sa verve satirique contre Donald Trump, se moquant de lui lorsqu\u2019il somnole durant des r\u00e9unions et qu\u2019il prononce mal les noms de dirigeants \u00e9trangers.\u00a0Mis en ligne sur YouTube, son monologue m\u00ealant excuses et attaques compte plus de 23 millions de vues \u00e0 l&rsquo;heure actuelle. Le natif de Brooklyn a d\u00e9marr\u00e9 son aventure sur cette cha\u00eene en 2003, et s&rsquo;\u00e9tait d&rsquo;ailleurs \u00e9mu de cette long\u00e9vit\u00e9 sur le petit \u00e9cran dans son plaidoyer de retour. \u00ab\u00a0J&rsquo;ai eu la chance de travailler dans une entreprise qui m&rsquo;a permis de faire ce show comme nous le voulions depuis presque 23 ans. M\u00eame quand cela les mettait mal \u00e0 l&rsquo;aise, ils ont d\u00e9fendu mon droit de me moquer de nos dirigeants. Je leur en suis tr\u00e8s reconnaissant\u00a0\u00bb, avait prononc\u00e9 le pr\u00e9sentateur des Oscars au sujet de ses patrons.<\/p>\n<p>        <script async src=\"https:\/\/platform.twitter.com\/widgets.js\" charset=\"utf-8\"><\/script><\/p>\n","protected":false},"excerpt":{"rendered":"Par Olivier Cortinovis | Journaliste Sportif frustr\u00e9 (les ligaments crois\u00e9s tu connais\u2026) qui a choisi le journalisme pour&hellip;\n","protected":false},"author":2,"featured_media":612730,"comment_status":"","ping_status":"","sticky":false,"template":"","format":"standard","meta":{"footnotes":""},"categories":[1356],"tags":[58,59,1011,27,252,1364],"class_list":{"0":"post-612729","1":"post","2":"type-post","3":"status-publish","4":"format-standard","5":"has-post-thumbnail","7":"category-television","8":"tag-divertissement","9":"tag-entertainment","10":"tag-fr","11":"tag-france","12":"tag-television","13":"tag-tv"},"share_on_mastodon":{"url":"https:\/\/pubeurope.com\/@fr\/115754667676474604","error":""},"_links":{"self":[{"href":"https:\/\/www.europesays.com\/fr\/wp-json\/wp\/v2\/posts\/612729","targetHints":{"allow":["GET"]}}],"collection":[{"href":"https:\/\/www.europesays.com\/fr\/wp-json\/wp\/v2\/posts"}],"about":[{"href":"https:\/\/www.europesays.com\/fr\/wp-json\/wp\/v2\/types\/post"}],"author":[{"embeddable":true,"href":"https:\/\/www.europesays.com\/fr\/wp-json\/wp\/v2\/users\/2"}],"replies":[{"embeddable":true,"href":"https:\/\/www.europesays.com\/fr\/wp-json\/wp\/v2\/comments?post=612729"}],"version-history":[{"count":0,"href":"https:\/\/www.europesays.com\/fr\/wp-json\/wp\/v2\/posts\/612729\/revisions"}],"wp:featuredmedia":[{"embeddable":true,"href":"https:\/\/www.europesays.com\/fr\/wp-json\/wp\/v2\/media\/612730"}],"wp:attachment":[{"href":"https:\/\/www.europesays.com\/fr\/wp-json\/wp\/v2\/media?parent=612729"}],"wp:term":[{"taxonomy":"category","embeddable":true,"href":"https:\/\/www.europesays.com\/fr\/wp-json\/wp\/v2\/categories?post=612729"},{"taxonomy":"post_tag","embeddable":true,"href":"https:\/\/www.europesays.com\/fr\/wp-json\/wp\/v2\/tags?post=612729"}],"curies":[{"name":"wp","href":"https:\/\/api.w.org\/{rel}","templated":true}]}}