{"id":612731,"date":"2025-12-21T00:13:11","date_gmt":"2025-12-21T00:13:11","guid":{"rendered":"https:\/\/www.europesays.com\/fr\/612731\/"},"modified":"2025-12-21T00:13:11","modified_gmt":"2025-12-21T00:13:11","slug":"actus-champagne-fm-un-troisieme-deces-apres-une-collision","status":"publish","type":"post","link":"https:\/\/www.europesays.com\/fr\/612731\/","title":{"rendered":"Actus &#8211; Champagne FM &#8211; Un troisi\u00e8me d\u00e9c\u00e8s apr\u00e8s une collision"},"content":{"rendered":"\n<p>Le bilan de <a href=\"https:\/\/www.champagnefm.com\/deux-morts-et-cinq-blesses-dans-une-collision-frontale\" rel=\"noopener\" target=\"_blank\">la collision frontale entre une voiture et une fourgonnette<\/a>, survenue vendredi soir \u00e0 hauteur de la commune de Bourguignons (Aube), s&rsquo;est alourdi ces derni\u00e8res heures.<\/p>\n<p>Un jeune homme de 21 ans est d\u00e9c\u00e9d\u00e9 des suites de ses terribles blessures.<\/p>\n<p>Il s&rsquo;agit de l&rsquo;un des passagers qui se d\u00e9tectent \u00e0 l&rsquo;arri\u00e8re de la voiture.<\/p>\n<p>Son d\u00e9c\u00e8s vient s&rsquo;ajouter \u00e0 ceux du conducteur, \u00e9galement \u00e2g\u00e9 de 21 ans, et de la passag\u00e8re avant qui en avait 19.<\/p>\n<p>Quatre autres personnes ont \u00e9t\u00e9 bless\u00e9es dont trois gri\u00e8vement.<\/p>\n<p>Les victimes ont \u00e9t\u00e9 transport\u00e9es vers les h\u00f4pitaux de Troyes, Reims et Dijon.<\/p>\n<p>\u00c9voquant un \u00ab carnage\u00a0 \u00bb, le sous-pr\u00e9fet de l&rsquo;Aube a eu des mots tr\u00e8s forts .<\/p>\n<p>\u00ab Combien de victimes devrons-nous encore avoir pour prendre conscience de ce qu&rsquo;il se passe dans ce d\u00e9partement ? Combien de sacs mortuaires faut-il pour voir infl\u00e9chir la courbe de la mortalit\u00e9 routi\u00e8re ? \u00bb\u00a0<\/p>\n<p>\u00a0<\/p>\n<p>!function(f,b,e,v,n,t,s)<br \/>\n{if(f.fbq)return;n=f.fbq=function(){n.callMethod?<br \/>\nn.callMethod.apply(n,arguments):n.queue.push(arguments)};<br \/>\nif(!f._fbq)f._fbq=n;n.push=n;n.loaded=!0;n.version=&rsquo;2.0&prime;;<br \/>\nn.queue=[];t=b.createElement(e);t.async=!0;<br \/>\nt.src=v;s=b.getElementsByTagName(e)[0];<br \/>\ns.parentNode.insertBefore(t,s)}(window, document,&rsquo;script&rsquo;,<br \/>\n&lsquo;https:\/\/connect.facebook.net\/en_US\/fbevents.js&rsquo;);<br \/>\nfbq(&lsquo;init&rsquo;, &lsquo;804989127308002&rsquo;);<br \/>\nfbq(&lsquo;track&rsquo;, &lsquo;PageView&rsquo;);<\/p>\n","protected":false},"excerpt":{"rendered":"Le bilan de la collision frontale entre une voiture et une fourgonnette, survenue vendredi soir \u00e0 hauteur de&hellip;\n","protected":false},"author":2,"featured_media":612732,"comment_status":"","ping_status":"","sticky":false,"template":"","format":"standard","meta":{"footnotes":""},"categories":[1355],"tags":[11,3723,65455,5591,52029,65464,65463,65459,58,59,65456,1011,27,876,38839,30237,37289,37290,1114,4537,23664,12650,1361,873,12,1825,4243,65457,65461,65462,65458,56304,1964,65460],"class_list":{"0":"post-612731","1":"post","2":"type-post","3":"status-publish","4":"format-standard","5":"has-post-thumbnail","7":"category-musique","8":"tag-actualites","9":"tag-actus","10":"tag-ardennes","11":"tag-aube","12":"tag-chalons","13":"tag-champagne-ardennes","14":"tag-champagne-fm","15":"tag-charleville-mezieres","16":"tag-divertissement","17":"tag-entertainment","18":"tag-epernay","19":"tag-fr","20":"tag-france","21":"tag-france-3","22":"tag-france-bleu","23":"tag-haute-marne","24":"tag-info-locale","25":"tag-info-regionale","26":"tag-infos","27":"tag-lunion","28":"tag-la-voix-du-nord","29":"tag-marne","30":"tag-music","31":"tag-musique","32":"tag-news","33":"tag-radio","34":"tag-reims","35":"tag-rethel","36":"tag-romilly","37":"tag-sainte-menehould","38":"tag-sedan","39":"tag-sezanne","40":"tag-troyes","41":"tag-vouziers"},"share_on_mastodon":{"url":"https:\/\/pubeurope.com\/@fr\/115754670897089472","error":""},"_links":{"self":[{"href":"https:\/\/www.europesays.com\/fr\/wp-json\/wp\/v2\/posts\/612731","targetHints":{"allow":["GET"]}}],"collection":[{"href":"https:\/\/www.europesays.com\/fr\/wp-json\/wp\/v2\/posts"}],"about":[{"href":"https:\/\/www.europesays.com\/fr\/wp-json\/wp\/v2\/types\/post"}],"author":[{"embeddable":true,"href":"https:\/\/www.europesays.com\/fr\/wp-json\/wp\/v2\/users\/2"}],"replies":[{"embeddable":true,"href":"https:\/\/www.europesays.com\/fr\/wp-json\/wp\/v2\/comments?post=612731"}],"version-history":[{"count":0,"href":"https:\/\/www.europesays.com\/fr\/wp-json\/wp\/v2\/posts\/612731\/revisions"}],"wp:featuredmedia":[{"embeddable":true,"href":"https:\/\/www.europesays.com\/fr\/wp-json\/wp\/v2\/media\/612732"}],"wp:attachment":[{"href":"https:\/\/www.europesays.com\/fr\/wp-json\/wp\/v2\/media?parent=612731"}],"wp:term":[{"taxonomy":"category","embeddable":true,"href":"https:\/\/www.europesays.com\/fr\/wp-json\/wp\/v2\/categories?post=612731"},{"taxonomy":"post_tag","embeddable":true,"href":"https:\/\/www.europesays.com\/fr\/wp-json\/wp\/v2\/tags?post=612731"}],"curies":[{"name":"wp","href":"https:\/\/api.w.org\/{rel}","templated":true}]}}