{"id":612740,"date":"2025-12-21T00:19:16","date_gmt":"2025-12-21T00:19:16","guid":{"rendered":"https:\/\/www.europesays.com\/fr\/612740\/"},"modified":"2025-12-21T00:19:16","modified_gmt":"2025-12-21T00:19:16","slug":"ce-multistyler-babyliss-tombe-a-moins-de-100-euros-juste-avant-noel-et-il-fait-tout-a-la-fois","status":"publish","type":"post","link":"https:\/\/www.europesays.com\/fr\/612740\/","title":{"rendered":"Ce multistyler BaByliss tombe \u00e0 moins de 100 euros juste avant No\u00ebl, et il fait tout \u00e0 la fois !"},"content":{"rendered":"<p>Propos\u00e9 actuellement \u00e0 99,90 euros au lieu de 149 euros, soit<br \/>\nune <strong>remise de 33 %<\/strong>, le multistylerAir Wand 3-en-1<br \/>\nde BaByliss tombe \u00e0 point nomm\u00e9 pour celles qui r\u00eavent de<br \/>\n<strong>brushing dignes d\u2019un salon<\/strong>\u2026 sans y passer des<br \/>\nheures ni exploser leur budget. \u00c0 glisser sous le sapin ou \u00e0<br \/>\ns\u2019offrir en douce.<\/p>\n<p>Pens\u00e9 pour <strong>s\u00e9cher, lisser et apporter du volume<\/strong><br \/>\navec un seul appareil, ce mod\u00e8le compact et puissant a d\u00e9j\u00e0<br \/>\nconvaincu plus d\u2019une utilisatrice (la preuve avec sa belle note de<br \/>\n4,5\/5 \u00e9toiles et plus de 300 avis). Il faut dire qu&rsquo;il est aussi<br \/>\nefficace sur cheveux mouill\u00e9s que secs, avec un vrai plus c\u00f4t\u00e9 soin<br \/>\ngr\u00e2ce \u00e0 sa technologie ionique anti-frisottis et son mode<br \/>\nUltra-Care, cens\u00e9 prot\u00e9ger la fibre capillaire. Bref, si vous<br \/>\ncherchez un petit styler pratique pour laisser libre cours \u00e0 vos<br \/>\nfantaisies capillaires, c&rsquo;est une option \u00e0 consid\u00e9rer<br \/>\ns\u00e9rieusement.<\/p>\n<p><strong>&gt;&gt; <a href=\"https:\/\/fliz.ly\/wMwy8_w\" target=\"_blank\" rel=\"nofollow noopener\">D\u00e9couvrez le multistyler Air Wand<br \/>\n4-en-1 de BaByliss<\/a><\/strong><\/p>\n<p>Un appareil coiffant tout-en-un pour des coiffures<br \/>\nimpeccables<\/p>\n<p>Le multistyler Air Wand de BaByliss permet de s\u00e9cher, lisser et<br \/>\nd&rsquo;apporter du volume avec un seul appareil. Et \u00e7a, c\u2019est exactement<br \/>\nce qu\u2019on attend d\u2019un bon styler. Avec ses diff\u00e9rents accessoires,<br \/>\nil remplace \u00e0 lui seul le s\u00e8che-cheveux, le lisseur et la brosse<br \/>\nbrushing. Ses <strong>trois embouts interchangeables<\/strong><br \/>\npermettent un coiffage adapt\u00e9 \u00e0 tous les types de cheveux et toutes<br \/>\nles envies : une brosse ovale pour le volume d\u00e8s la racine, une<br \/>\nbrosse plate pour un lissage naturel, et un embout lissant<br \/>\nc\u00e9ramique pour dompter m\u00eame les chevelures \u00e9paisses.<\/p>\n<p>Dot\u00e9 d\u2019un <strong>moteur num\u00e9rique puissant<\/strong> (1600 W) et<br \/>\nd\u2019un flux d\u2019air atteignant 123 km\/h, le BaByliss Air Wand promet un<br \/>\ns\u00e9chage express. Son <strong>double syst\u00e8me ionique<\/strong> permet<br \/>\nd&rsquo;\u00e9liminer les frisottis et les m\u00e8ches rebelles tandis que la<br \/>\n<strong>fonctionnalit\u00e9 Ultra Care<\/strong> alterne entre air chaud<br \/>\net air froid pour limiter les d\u00e9g\u00e2ts li\u00e9s \u00e0 la chaleur sur la fibre<br \/>\ncapillaire.<\/p>\n<p>Pens\u00e9 pour un usage facile, ce mod\u00e8le mise aussi sur le confort<br \/>\n: un poids plume, un design compact, un cordon rotatif de 2,5<br \/>\nm\u00e8tres et un filtre \u00e0 air amovible pour l\u2019entretien. Id\u00e9al pour<br \/>\ncelles qui aiment se coiffer sans s\u2019arracher les bras, ni perdre du<br \/>\ntemps.<\/p>\n<p>Un prix canon \u00e0 l&rsquo;approche des<br \/>\nf\u00eates<\/p>\n<p>Avec No\u00ebl qui approche, ce bon plan tombe \u00e0 pic. L\u2019Air Wand de<br \/>\nBaByliss coche toutes les cases pour devenir indispensable \u00e0 celles<br \/>\nqui aiment s&rsquo;offrir de belles coiffure : <strong>utile, facile \u00e0<br \/>\nprendre en main, polyvalent<\/strong> avec ses 3 accessoires inclus.<br \/>\n\u00c0 <a href=\"https:\/\/fliz.ly\/wMwy8_w\" target=\"_blank\" rel=\"nofollow noopener\">seulement 99,90 euros sur Amazon<\/a>, il se<br \/>\npositionne aussi comme une vraie alternative aux appareils<br \/>\nprofessionnels souvent bien plus chers.<\/p>\n<p>Et d&rsquo;apr\u00e8s les commentaires utilisateurs, il tient vraiment ses<br \/>\npromesses. Beaucoup saluent la rapidit\u00e9 du s\u00e9chage, la simplicit\u00e9<br \/>\nd\u2019utilisation et le rendu \u201ccomme chez le coiffeur\u201d.\u00a0<br \/>\nOn aime aussi beaucoup le design bleu nuit qui ajoute une petite<br \/>\ntouche \u00e9l\u00e9gante. Bref, pour des brushing canons d\u00e8s qu&rsquo;on en a<br \/>\nenvie, cet appareil polyvalent et accessible est la solution<br \/>\nparfaite.<\/p>\n<p>Tous les produits mis en avant dans cet article ont \u00e9t\u00e9<br \/>\ns\u00e9lectionn\u00e9s par nos r\u00e9dacteurs. Ce contenu a \u00e9t\u00e9 r\u00e9dig\u00e9 par un<br \/>\nr\u00e9dacteur avec l&rsquo;aide d&rsquo;une intelligence artificielle.<br \/>Lorsque vous achetez via nos liens de vente, nous pouvons<br \/>\npercevoir une commission d\u2019affiliation. Les prix indiqu\u00e9s et les<br \/>\nstocks peuvent \u00eatre amen\u00e9s \u00e0 varier entre le moment o\u00f9 l\u2019article<br \/>\nest publi\u00e9 et votre lecture de la page.<\/p>\n","protected":false},"excerpt":{"rendered":"Propos\u00e9 actuellement \u00e0 99,90 euros au lieu de 149 euros, soit une remise de 33 %, le multistylerAir&hellip;\n","protected":false},"author":2,"featured_media":612741,"comment_status":"","ping_status":"","sticky":false,"template":"","format":"standard","meta":{"footnotes":""},"categories":[7],"tags":[1011,27,43,40,41,39,42,44,65861],"class_list":{"0":"post-612740","1":"post","2":"type-post","3":"status-publish","4":"format-standard","5":"has-post-thumbnail","7":"category-sciences-et-technologies","8":"tag-fr","9":"tag-france","10":"tag-science","11":"tag-science-and-technology","12":"tag-sciences","13":"tag-sciences-et-technologies","14":"tag-technologies","15":"tag-technology","16":"tag-trend"},"share_on_mastodon":{"url":"https:\/\/pubeurope.com\/@fr\/115754694345363755","error":""},"_links":{"self":[{"href":"https:\/\/www.europesays.com\/fr\/wp-json\/wp\/v2\/posts\/612740","targetHints":{"allow":["GET"]}}],"collection":[{"href":"https:\/\/www.europesays.com\/fr\/wp-json\/wp\/v2\/posts"}],"about":[{"href":"https:\/\/www.europesays.com\/fr\/wp-json\/wp\/v2\/types\/post"}],"author":[{"embeddable":true,"href":"https:\/\/www.europesays.com\/fr\/wp-json\/wp\/v2\/users\/2"}],"replies":[{"embeddable":true,"href":"https:\/\/www.europesays.com\/fr\/wp-json\/wp\/v2\/comments?post=612740"}],"version-history":[{"count":0,"href":"https:\/\/www.europesays.com\/fr\/wp-json\/wp\/v2\/posts\/612740\/revisions"}],"wp:featuredmedia":[{"embeddable":true,"href":"https:\/\/www.europesays.com\/fr\/wp-json\/wp\/v2\/media\/612741"}],"wp:attachment":[{"href":"https:\/\/www.europesays.com\/fr\/wp-json\/wp\/v2\/media?parent=612740"}],"wp:term":[{"taxonomy":"category","embeddable":true,"href":"https:\/\/www.europesays.com\/fr\/wp-json\/wp\/v2\/categories?post=612740"},{"taxonomy":"post_tag","embeddable":true,"href":"https:\/\/www.europesays.com\/fr\/wp-json\/wp\/v2\/tags?post=612740"}],"curies":[{"name":"wp","href":"https:\/\/api.w.org\/{rel}","templated":true}]}}