{"id":612743,"date":"2025-12-21T00:21:12","date_gmt":"2025-12-21T00:21:12","guid":{"rendered":"https:\/\/www.europesays.com\/fr\/612743\/"},"modified":"2025-12-21T00:21:12","modified_gmt":"2025-12-21T00:21:12","slug":"les-etats-unis-ont-saisi-un-nouveau-petrolier-au-large-du-venezuela","status":"publish","type":"post","link":"https:\/\/www.europesays.com\/fr\/612743\/","title":{"rendered":"Les Etats-Unis ont saisi un nouveau p\u00e9trolier au large du Venezuela"},"content":{"rendered":"<p>Les Etats-Unis ont saisi un nouveau p\u00e9trolier au large du Venezuela, ont rapport\u00e9 samedi plusieurs m\u00e9dias am\u00e9ricains, alors que Washington a mis en place un blocus visant les navires transportant du p\u00e9trole li\u00e9s \u00e0 Caracas.<\/p>\n<p>Les forces am\u00e9ricaines avaient d\u00e9j\u00e0 saisi la semaine pass\u00e9e un p\u00e9trolier au large des c\u00f4tes du pays, une op\u00e9ration qui avait \u00e9t\u00e9 d\u00e9nonc\u00e9e comme de la \u00ab\u00a0piraterie navale\u00a0\u00bb par le pr\u00e9sident v\u00e9n\u00e9zu\u00e9lien Nicolas Maduro.<\/p>\n<p>Le blocus avant la guerre<\/p>\n<p>Selon plusieurs m\u00e9dias, citant des responsables am\u00e9ricains anonymes, des garde-c\u00f4tes et militaires am\u00e9ricains ont saisi samedi un p\u00e9trolier dans les eaux internationales bordant le Venezuela. Il s&rsquo;agirait selon le New York Times d&rsquo;un navire battant pavillon panam\u00e9en transportant du p\u00e9trole v\u00e9n\u00e9zu\u00e9lien.<\/p>\n<\/p>\n<p>Sollicit\u00e9s par l&rsquo;AFP, les garde-c\u00f4tes am\u00e9ricains ainsi que le Pentagone ont refus\u00e9 de commenter ces informations, renvoyant \u00e0 la Maison Blanche, qui n&rsquo;a pas r\u00e9pondu dans l&rsquo;imm\u00e9diat.<\/p>\n<p>Le pr\u00e9sident am\u00e9ricain Donald Trump a annonc\u00e9 en d\u00e9but de semaine un \u00ab\u00a0blocus total\u00a0\u00bb contre des p\u00e9troliers sous sanctions se rendant ou partant du Venezuela et a d\u00e9clar\u00e9 dans une interview diffus\u00e9e vendredi qu&rsquo;il n&rsquo;\u00e9cartait pas la possibilit\u00e9 d&rsquo;une guerre avec ce pays.<\/p>\n<p>Pression sur Caracas<\/p>\n<p>Les Etats-Unis accusent Nicolas Maduro d&rsquo;\u00eatre \u00e0 la t\u00eate d&rsquo;un r\u00e9seau de trafic de drogue, ce que l&rsquo;int\u00e9ress\u00e9 d\u00e9ment, et ont multipli\u00e9 les mesures, \u00e9conomiques et militaires, pour accro\u00eetre la pression sur Caracas.<\/p>\n<p><a href=\"https:\/\/www.20minutes.fr\/dossier\/donald_trump\" class=\"c-link c-btn c-btn--primary\" target=\"_blank\" rel=\"noopener\">Tous nos articles sur Donald Trump<\/a><\/p>\n<p>Washington a ainsi d\u00e9ploy\u00e9 un important dispositif militaire dans les Cara\u00efbes depuis cet \u00e9t\u00e9, et men\u00e9 une s\u00e9rie de frappes visant des embarcations de trafiquants de drogue pr\u00e9sum\u00e9s dans les Cara\u00efbes et le Pacifique.<\/p>\n","protected":false},"excerpt":{"rendered":"Les Etats-Unis ont saisi un nouveau p\u00e9trolier au large du Venezuela, ont rapport\u00e9 samedi plusieurs m\u00e9dias am\u00e9ricains, alors&hellip;\n","protected":false},"author":2,"featured_media":612744,"comment_status":"","ping_status":"","sticky":false,"template":"","format":"standard","meta":{"footnotes":""},"categories":[5],"tags":[47,11,75,1011,27,14,74,12,338,844,337,28],"class_list":{"0":"post-612743","1":"post","2":"type-post","3":"status-publish","4":"format-standard","5":"has-post-thumbnail","7":"category-international","8":"tag-actualite","9":"tag-actualites","10":"tag-donald-trump","11":"tag-fr","12":"tag-france","13":"tag-international","14":"tag-monde","15":"tag-news","16":"tag-nicolas-maduro","17":"tag-petrole","18":"tag-venezuela","19":"tag-world"},"share_on_mastodon":{"url":"https:\/\/pubeurope.com\/@fr\/115754702262168864","error":""},"_links":{"self":[{"href":"https:\/\/www.europesays.com\/fr\/wp-json\/wp\/v2\/posts\/612743","targetHints":{"allow":["GET"]}}],"collection":[{"href":"https:\/\/www.europesays.com\/fr\/wp-json\/wp\/v2\/posts"}],"about":[{"href":"https:\/\/www.europesays.com\/fr\/wp-json\/wp\/v2\/types\/post"}],"author":[{"embeddable":true,"href":"https:\/\/www.europesays.com\/fr\/wp-json\/wp\/v2\/users\/2"}],"replies":[{"embeddable":true,"href":"https:\/\/www.europesays.com\/fr\/wp-json\/wp\/v2\/comments?post=612743"}],"version-history":[{"count":0,"href":"https:\/\/www.europesays.com\/fr\/wp-json\/wp\/v2\/posts\/612743\/revisions"}],"wp:featuredmedia":[{"embeddable":true,"href":"https:\/\/www.europesays.com\/fr\/wp-json\/wp\/v2\/media\/612744"}],"wp:attachment":[{"href":"https:\/\/www.europesays.com\/fr\/wp-json\/wp\/v2\/media?parent=612743"}],"wp:term":[{"taxonomy":"category","embeddable":true,"href":"https:\/\/www.europesays.com\/fr\/wp-json\/wp\/v2\/categories?post=612743"},{"taxonomy":"post_tag","embeddable":true,"href":"https:\/\/www.europesays.com\/fr\/wp-json\/wp\/v2\/tags?post=612743"}],"curies":[{"name":"wp","href":"https:\/\/api.w.org\/{rel}","templated":true}]}}