{"id":612758,"date":"2025-12-21T00:32:41","date_gmt":"2025-12-21T00:32:41","guid":{"rendered":"https:\/\/www.europesays.com\/fr\/612758\/"},"modified":"2025-12-21T00:32:41","modified_gmt":"2025-12-21T00:32:41","slug":"un-homme-handicape-agresse-par-trois-individus-qui-le-depouillent-et-lui-volent-sa-trottinette","status":"publish","type":"post","link":"https:\/\/www.europesays.com\/fr\/612758\/","title":{"rendered":"Un homme handicap\u00e9 agress\u00e9 par trois individus qui le d\u00e9pouillent et lui volent sa trottinette"},"content":{"rendered":"<p>\n                                                                Un homme pr\u00e9sentant un handicap visible a \u00e9t\u00e9 pris \u00e0 partie par trois individus, cours Gambetta \u00e0 Montpellier, lundi 15\u00a0d\u00e9cembre \u00e0 5\u00a0h du matin. La police a interpell\u00e9 deux des mis en cause, qui avaient subtilis\u00e9 sa carte bancaire.\n                            <\/p>\n<p>Un homme b\u00e9n\u00e9ficiant du statut de personne handicap\u00e9e, avec une incapacit\u00e9 visible\u00a0\u00e0 une main notamment, a \u00e9t\u00e9 agress\u00e9 par trois individus lundi 15\u00a0d\u00e9cembre vers 5\u00a0h du matin, cours Gambetta \u00e0 Montpellier.<\/p>\n<p>Forc\u00e9 \u00e0 se rendre \u00e0 un distributeur<\/p>\n<p>Les malfaiteurs abordent\u00a0l\u2019homme de 29 ans, de nationalit\u00e9 g\u00e9orgienne, pour lui demander de l\u2019argent. Ce dernier ouvre son portefeuille pour leur prouver qu\u2019il n\u2019a aucune liquidit\u00e9 sur lui, mais les agresseurs, voyant une carte bancaire \u00e0 l\u2019int\u00e9rieur, l\u2019obligent \u00e0 se rendre \u00e0 un distributeur.<\/p>\n<p>Le compte est vide. La victime va jusqu\u2019\u00e0 montrer l\u2019application bancaire de son t\u00e9l\u00e9phone portable, afin d\u2019attester de sa bonne foi.<\/p>\n<p>L\u2019un des hommes lui vole sa trottinette<\/p>\n<p>L\u2019un des trois mis en cause va alors lui voler sa trottinette et prendre la fuite, tandis qu\u2019un \u00e9quipage de police-secours, arriv\u00e9 sur les lieux, interpelle\u00a0les deux autres auteurs rest\u00e9s sur\u00a0place. L\u2019un d\u2019eux est en possession de la carte bancaire, qui sera restitu\u00e9e \u00e0 la victime, tout comme son\u00a0t\u00e9l\u00e9phone portable, \u00e9galement\u00a0subtilis\u00e9.<\/p>\n<p>Les deux agresseurs\u00a0sont \u00e2g\u00e9s\u00a0de 27 et 41 ans. Le second, de nationalit\u00e9 alg\u00e9rienne, fait l\u2019objet d\u2019une obligation de quitter le territoire. En \u00e9tat d\u2019ivresse au moment des faits, l\u2019un et l\u2019autre\u00a0ont refus\u00e9 de se soumettre au test d\u2019alcool\u00e9mie.<\/p>\n<p>Vol sur personne vuln\u00e9rable<\/p>\n<p>Tous les deux ont \u00e9t\u00e9 d\u00e9f\u00e9r\u00e9s au parquet mardi 16\u00a0d\u00e9cembre, pour vol aggrav\u00e9 (en r\u00e9union et sur personne vuln\u00e9rable), ainsi que\u00a0refus de se soumettre aux v\u00e9rifications concernant leur \u00e9tat alcoolique. Une convocation par proc\u00e8s-verbal leur \u00e9t\u00e9 remise en vue de leur jugement, qui aura lieu ult\u00e9rieurement devant le tribunal correctionnel. Dans l\u2019attente de leur proc\u00e8s, les conditions de leur contr\u00f4le judiciaire leur ont \u00e9galement \u00e9t\u00e9 notifi\u00e9es.<\/p>\n","protected":false},"excerpt":{"rendered":"Un homme pr\u00e9sentant un handicap visible a \u00e9t\u00e9 pris \u00e0 partie par trois individus, cours Gambetta \u00e0 Montpellier,&hellip;\n","protected":false},"author":2,"featured_media":612759,"comment_status":"","ping_status":"","sticky":false,"template":"","format":"standard","meta":{"footnotes":""},"categories":[9599],"tags":[1111,11,1777,674,118,1011,27,7089,2208,12,2680,25],"class_list":{"0":"post-612758","1":"post","2":"type-post","3":"status-publish","4":"format-standard","5":"has-post-thumbnail","7":"category-montpellier","8":"tag-actu","9":"tag-actualites","10":"tag-eu","11":"tag-europe","12":"tag-faits-divers","13":"tag-fr","14":"tag-france","15":"tag-herault","16":"tag-montpellier","17":"tag-news","18":"tag-occitanie","19":"tag-republique-francaise"},"share_on_mastodon":{"url":"https:\/\/pubeurope.com\/@fr\/115754745488134991","error":""},"_links":{"self":[{"href":"https:\/\/www.europesays.com\/fr\/wp-json\/wp\/v2\/posts\/612758","targetHints":{"allow":["GET"]}}],"collection":[{"href":"https:\/\/www.europesays.com\/fr\/wp-json\/wp\/v2\/posts"}],"about":[{"href":"https:\/\/www.europesays.com\/fr\/wp-json\/wp\/v2\/types\/post"}],"author":[{"embeddable":true,"href":"https:\/\/www.europesays.com\/fr\/wp-json\/wp\/v2\/users\/2"}],"replies":[{"embeddable":true,"href":"https:\/\/www.europesays.com\/fr\/wp-json\/wp\/v2\/comments?post=612758"}],"version-history":[{"count":0,"href":"https:\/\/www.europesays.com\/fr\/wp-json\/wp\/v2\/posts\/612758\/revisions"}],"wp:featuredmedia":[{"embeddable":true,"href":"https:\/\/www.europesays.com\/fr\/wp-json\/wp\/v2\/media\/612759"}],"wp:attachment":[{"href":"https:\/\/www.europesays.com\/fr\/wp-json\/wp\/v2\/media?parent=612758"}],"wp:term":[{"taxonomy":"category","embeddable":true,"href":"https:\/\/www.europesays.com\/fr\/wp-json\/wp\/v2\/categories?post=612758"},{"taxonomy":"post_tag","embeddable":true,"href":"https:\/\/www.europesays.com\/fr\/wp-json\/wp\/v2\/tags?post=612758"}],"curies":[{"name":"wp","href":"https:\/\/api.w.org\/{rel}","templated":true}]}}