{"id":612760,"date":"2025-12-21T00:34:26","date_gmt":"2025-12-21T00:34:26","guid":{"rendered":"https:\/\/www.europesays.com\/fr\/612760\/"},"modified":"2025-12-21T00:34:26","modified_gmt":"2025-12-21T00:34:26","slug":"le-centre-argentin-piccardo-prolonge-a-montpellier","status":"publish","type":"post","link":"https:\/\/www.europesays.com\/fr\/612760\/","title":{"rendered":"le centre argentin Piccardo prolonge \u00e0 Montpellier"},"content":{"rendered":"<p class=\"fig-paragraph\">Le centre international argentin Justo Piccardo (23 ans, 12 s\u00e9lections), libre en juin prochain, a prolong\u00e9 son contrat pour une dur\u00e9e de trois ans \u00e0 Montpellier, a annonc\u00e9 samedi le club h\u00e9raultais \u00e0 l&rsquo;issue de sa victoire sur le fil (33-31) devant Castres en Top 14.<\/p>\n<p class=\"fig-paragraph\">Piccardo (1,83 m, 112 kg) s&rsquo;\u00e9tait engag\u00e9 pour une saison au MHR au cours de l&rsquo;\u00e9t\u00e9 apr\u00e8s s&rsquo;\u00eatre r\u00e9v\u00e9l\u00e9 avec les Pumas avec lesquels il a pris part au Rugby Championship et \u00e0 la tourn\u00e9e d&rsquo;automne.<\/p>\n<p>                                            <a class=\"fig-a11y-skip\" href=\"#fig-a11y-skip-main-inarticle\" data-module=\"a11y-skip\" data-context=\"was @visible\"><br \/>\n    Passer la publicit\u00e9<br \/>\n<\/a>            <\/p>\n<p class=\"fig-paragraph\">Le Puma n&rsquo;a jou\u00e9 que cinq matches avec Montpellier, mais il a convaincu ses dirigeants de le pr\u00e9server.<\/p>\n<p class=\"fig-paragraph\">\u00abIl est arriv\u00e9 sur la pointe des pieds. Son profil colle bien \u00e0 notre identit\u00e9. Je suis tr\u00e8s content qu&rsquo;il ait accept\u00e9 la proposition de Montpellier\u00bb, a soulign\u00e9 le manager Joan Caudullo \u00e0 l&rsquo;issue de la rencontre.<\/p>\n<p class=\"fig-paragraph\">\u00abJe suis content de rester. Je crois au projet d&rsquo;autant que les jeunes ont d\u00e9cid\u00e9 de rester. Les mecs qui composent cette \u00e9quipe, c&rsquo;est du costaud\u00bb, a justifi\u00e9 le jeune international argentin, qui a d\u00e9but\u00e9 \u00e0 San Isodoro (2020-2024).<\/p>\n<p class=\"fig-paragraph\">Outre Piccardo, le MHR a r\u00e9cemment prolong\u00e9 les contrats des jeunes internationaux Lenni Nouchi (troisi\u00e8me ligne aile) et Baptiste Erdocio (pilier) et du prometteur ailier Ma\u00ebl Moustin.<\/p>\n<p class=\"fig-paragraph\">Montpellier occupe la cinqui\u00e8me place du Top 14 pour la premi\u00e8re fois de la saison apr\u00e8s son court succ\u00e8s devant Castres.<\/p>\n","protected":false},"excerpt":{"rendered":"Le centre international argentin Justo Piccardo (23 ans, 12 s\u00e9lections), libre en juin prochain, a prolong\u00e9 son contrat&hellip;\n","protected":false},"author":2,"featured_media":612761,"comment_status":"","ping_status":"","sticky":false,"template":"","format":"standard","meta":{"footnotes":""},"categories":[9599],"tags":[1111,11,525,4590,1981,2313,814,1777,674,1011,27,955,2208,12,2680,4589,2311,25,1980,479,2259,478,2310,2312],"class_list":{"0":"post-612760","1":"post","2":"type-post","3":"status-publish","4":"format-standard","5":"has-post-thumbnail","7":"category-montpellier","8":"tag-actu","9":"tag-actualites","10":"tag-calendrier","11":"tag-championnat-france","12":"tag-classement","13":"tag-clermont","14":"tag-direct","15":"tag-eu","16":"tag-europe","17":"tag-fr","18":"tag-france","19":"tag-match","20":"tag-montpellier","21":"tag-news","22":"tag-occitanie","23":"tag-phase-finale","24":"tag-racing","25":"tag-republique-francaise","26":"tag-resultats","27":"tag-rugby","28":"tag-score","29":"tag-top-14","30":"tag-toulon","31":"tag-toulouse"},"share_on_mastodon":{"url":"https:\/\/pubeurope.com\/@fr\/115754753312322436","error":""},"_links":{"self":[{"href":"https:\/\/www.europesays.com\/fr\/wp-json\/wp\/v2\/posts\/612760","targetHints":{"allow":["GET"]}}],"collection":[{"href":"https:\/\/www.europesays.com\/fr\/wp-json\/wp\/v2\/posts"}],"about":[{"href":"https:\/\/www.europesays.com\/fr\/wp-json\/wp\/v2\/types\/post"}],"author":[{"embeddable":true,"href":"https:\/\/www.europesays.com\/fr\/wp-json\/wp\/v2\/users\/2"}],"replies":[{"embeddable":true,"href":"https:\/\/www.europesays.com\/fr\/wp-json\/wp\/v2\/comments?post=612760"}],"version-history":[{"count":0,"href":"https:\/\/www.europesays.com\/fr\/wp-json\/wp\/v2\/posts\/612760\/revisions"}],"wp:featuredmedia":[{"embeddable":true,"href":"https:\/\/www.europesays.com\/fr\/wp-json\/wp\/v2\/media\/612761"}],"wp:attachment":[{"href":"https:\/\/www.europesays.com\/fr\/wp-json\/wp\/v2\/media?parent=612760"}],"wp:term":[{"taxonomy":"category","embeddable":true,"href":"https:\/\/www.europesays.com\/fr\/wp-json\/wp\/v2\/categories?post=612760"},{"taxonomy":"post_tag","embeddable":true,"href":"https:\/\/www.europesays.com\/fr\/wp-json\/wp\/v2\/tags?post=612760"}],"curies":[{"name":"wp","href":"https:\/\/api.w.org\/{rel}","templated":true}]}}