{"id":612762,"date":"2025-12-21T00:37:07","date_gmt":"2025-12-21T00:37:07","guid":{"rendered":"https:\/\/www.europesays.com\/fr\/612762\/"},"modified":"2025-12-21T00:37:07","modified_gmt":"2025-12-21T00:37:07","slug":"une-ville-normande-sinvite-dans-le-top-3-des-meilleurs-plans-en-france","status":"publish","type":"post","link":"https:\/\/www.europesays.com\/fr\/612762\/","title":{"rendered":"une ville normande s&rsquo;invite dans le top 3 des meilleurs plans en France"},"content":{"rendered":"<p melodystyle=\"texte\" data-end=\"1300\">Trouver un emploi stable <b data-end=\"927\">et<\/b> un logement adapt\u00e9 rel\u00e8ve souvent du parcours du combattant. Pourtant, une ville normande s&rsquo;impose aujourd&rsquo;hui comme l&rsquo;un des meilleurs compromis en France.<br data-end=\"1087\"\/>Selon <a href=\"https:\/\/www.leparisien.fr\/immobilier\/ou-sinstaller-pour-decrocher-un-cdi-et-un-logement-mulhouse-saint-etienne-et-rouen-le-tierce-gagnant-18-12-2025-KISCUCXGGVC43EIWQITGZ4FEFU.php\" target=\"_blank\" rel=\"noopener\">Le Parisien<\/a>, qui r\u00e9v\u00e8le une \u00e9tude croisant donn\u00e9es de l&#8217;emploi et de l&rsquo;immobilier, Rouen figure parmi les villes o\u00f9 le rapport entre opportunit\u00e9s professionnelles et <a href=\"https:\/\/www.tendanceouest.com\/actualite-422542-acheter-ou-louer-caen-rouen-le-havre-combien-d-annees-pour-rembourser-son-achat-foncier-en-2024\" target=\"_blank\" rel=\"noopener\">co\u00fbt du logement<\/a> est le plus favorable.<\/p>\n<p melodystyle=\"texte\" data-end=\"1423\">Un signal fort, \u00e0 l&rsquo;heure o\u00f9 de nombreux actifs cherchent \u00e0 quitter les grandes m\u00e9tropoles sans renoncer \u00e0 leur carri\u00e8re.<\/p>\n<p>Emploi en CDI\u00a0: un march\u00e9 plus dynamique qu&rsquo;on ne l&rsquo;imagine \u00e0 Rouen<\/p>\n<p melodystyle=\"texte\" data-end=\"1811\">Longtemps sous-estim\u00e9e, la dynamique de l&#8217;emploi \u00e0 Rouen s&rsquo;est nettement renforc\u00e9e ces derni\u00e8res ann\u00e9es.<br data-end=\"1609\"\/>D&rsquo;apr\u00e8s les donn\u00e9es relay\u00e9es par Le Parisien, le bassin rouennais b\u00e9n\u00e9ficie d&rsquo;un tissu \u00e9conomique diversifi\u00e9\u00a0: services, industrie, logistique, commerce, mais aussi fonctions tertiaires en croissance.<\/p>\n<p melodystyle=\"texte\" data-end=\"1976\">R\u00e9sultat\u00a0: <b data-end=\"1865\">les offres en CDI sont bien pr\u00e9sentes<\/b>, avec un march\u00e9 du travail plus stable que dans certaines grandes villes o\u00f9 la concurrence est devenue f\u00e9roce.<\/p>\n<p>Immobilier \u00e0 Rouen\u00a0: des prix encore accessibles en 2026<\/p>\n<p melodystyle=\"texte\" data-end=\"2326\">Autre atout majeur\u00a0: <b data-end=\"2131\">le <a href=\"https:\/\/www.tendanceouest.com\/actualite-433031-seine-maritime-eure-marche-de-l-immobilier-le-malade-est-en-train-de-se-remettre-indique-la-chambre-des-notaires\" target=\"_blank\" rel=\"noopener\">march\u00e9 immobilier<\/a> rouennais reste nettement plus respirable<\/b> que celui des grandes m\u00e9tropoles fran\u00e7aises.<br data-end=\"2179\"\/>Selon Le Parisien, la stabilisation des prix, combin\u00e9e \u00e0 une l\u00e9g\u00e8re baisse des taux de cr\u00e9dit, redonne du pouvoir d&rsquo;achat immobilier aux m\u00e9nages.<\/p>\n<p melodystyle=\"texte\" data-end=\"2474\">A Rouen, il est encore possible de viser des surfaces confortables, l\u00e0 o\u00f9 Paris ou Nice imposent des concessions drastiques sur la qualit\u00e9 de vie.<\/p>\n<p>Pourquoi les villes moyennes comme Rouen s\u00e9duisent de plus en plus\u00a0?<\/p>\n<p melodystyle=\"texte\" data-end=\"2705\">La tendance est claire\u00a0: les villes de taille interm\u00e9diaire reprennent l&rsquo;avantage.<br data-end=\"2637\"\/>Selon l&rsquo;analyse cit\u00e9e par Le Parisien, elles profitent \u00e0 la fois\u00a0:<\/p>\n<ul>&#13;<\/p>\n<li melodystyle=\"texte\" data-end=\"2752\">d&rsquo;une <b data-end=\"2750\">pression immobili\u00e8re plus faible<\/b><\/li>\n<p>&#13;<\/p>\n<li melodystyle=\"texte\" data-end=\"2799\">d&rsquo;un <b data-end=\"2797\">march\u00e9 de l&#8217;emploi plus \u00e9quilibr\u00e9<\/b><\/li>\n<p>&#13;<\/p>\n<li melodystyle=\"texte\" data-end=\"2846\">d&rsquo;un <b data-end=\"2846\">co\u00fbt de la vie globalement ma\u00eetris\u00e9<\/b><\/li>\n<p>&#13;\n<\/ul>\n<p melodystyle=\"texte\" data-end=\"2995\">Rouen s&rsquo;inscrit pleinement dans ce mouvement, avec un positionnement strat\u00e9gique, une offre de transports solide et une attractivit\u00e9 qui progresse.<\/p>\n<p>Qualit\u00e9 de vie\u00a0: le vrai bonus qui fait la diff\u00e9rence<\/p>\n<p melodystyle=\"texte\" data-end=\"3393\">Au-del\u00e0 des chiffres, Rouen coche aussi des crit\u00e8res devenus essentiels\u00a0: proximit\u00e9 des services, <a href=\"https:\/\/www.tendanceouest.com\/actualite-433125-rouen-le-116-un-projet-immobilier-ambitieux-amende-par-la-mairie\" target=\"_blank\" rel=\"noopener\">acc\u00e8s \u00e0 la culture<\/a>, <a href=\"https:\/\/www.tendanceouest.com\/actualite-431066-normandie-ces-deux-communes-font-partie-du-top-10-des-meilleures-villes-ou-courir-et-ont-une-place-de-choix\" target=\"_blank\" rel=\"noopener\">cadre de vie<\/a>, et \u00e9quilibre entre vie professionnelle et personnelle.<br data-end=\"3249\"\/>Selon Le Parisien, ce sont pr\u00e9cis\u00e9ment ces \u00e9l\u00e9ments qui expliquent pourquoi de plus en plus d&rsquo;actifs choisissent de s&rsquo;y installer durablement.<\/p>\n<p melodystyle=\"texte\" data-end=\"3519\">Dans un contexte \u00e9conomique encore incertain, la ville normande appara\u00eet comme <b data-end=\"3518\">un choix rationnel\u2026 mais aussi rassurant<\/b>.<\/p>\n","protected":false},"excerpt":{"rendered":"Trouver un emploi stable et un logement adapt\u00e9 rel\u00e8ve souvent du parcours du combattant. Pourtant, une ville normande&hellip;\n","protected":false},"author":2,"featured_media":612763,"comment_status":"","ping_status":"","sticky":false,"template":"","format":"standard","meta":{"footnotes":""},"categories":[9587],"tags":[1111,11,1777,674,1011,27,12,5161,25,9590],"class_list":{"0":"post-612762","1":"post","2":"type-post","3":"status-publish","4":"format-standard","5":"has-post-thumbnail","7":"category-rouen","8":"tag-actu","9":"tag-actualites","10":"tag-eu","11":"tag-europe","12":"tag-fr","13":"tag-france","14":"tag-news","15":"tag-normandie","16":"tag-republique-francaise","17":"tag-rouen"},"share_on_mastodon":{"url":"https:\/\/pubeurope.com\/@fr\/115754765052850347","error":""},"_links":{"self":[{"href":"https:\/\/www.europesays.com\/fr\/wp-json\/wp\/v2\/posts\/612762","targetHints":{"allow":["GET"]}}],"collection":[{"href":"https:\/\/www.europesays.com\/fr\/wp-json\/wp\/v2\/posts"}],"about":[{"href":"https:\/\/www.europesays.com\/fr\/wp-json\/wp\/v2\/types\/post"}],"author":[{"embeddable":true,"href":"https:\/\/www.europesays.com\/fr\/wp-json\/wp\/v2\/users\/2"}],"replies":[{"embeddable":true,"href":"https:\/\/www.europesays.com\/fr\/wp-json\/wp\/v2\/comments?post=612762"}],"version-history":[{"count":0,"href":"https:\/\/www.europesays.com\/fr\/wp-json\/wp\/v2\/posts\/612762\/revisions"}],"wp:featuredmedia":[{"embeddable":true,"href":"https:\/\/www.europesays.com\/fr\/wp-json\/wp\/v2\/media\/612763"}],"wp:attachment":[{"href":"https:\/\/www.europesays.com\/fr\/wp-json\/wp\/v2\/media?parent=612762"}],"wp:term":[{"taxonomy":"category","embeddable":true,"href":"https:\/\/www.europesays.com\/fr\/wp-json\/wp\/v2\/categories?post=612762"},{"taxonomy":"post_tag","embeddable":true,"href":"https:\/\/www.europesays.com\/fr\/wp-json\/wp\/v2\/tags?post=612762"}],"curies":[{"name":"wp","href":"https:\/\/api.w.org\/{rel}","templated":true}]}}