{"id":612772,"date":"2025-12-21T00:46:27","date_gmt":"2025-12-21T00:46:27","guid":{"rendered":"https:\/\/www.europesays.com\/fr\/612772\/"},"modified":"2025-12-21T00:46:27","modified_gmt":"2025-12-21T00:46:27","slug":"nice-et-alpes-maritimes-cinq-activites-a-faire-ce-week-end-avant-noel","status":"publish","type":"post","link":"https:\/\/www.europesays.com\/fr\/612772\/","title":{"rendered":"Nice et Alpes-Maritimes. Cinq activit\u00e9s \u00e0 faire ce week-end avant No\u00ebl"},"content":{"rendered":"<p>                    Par<br \/>\n        <strong><br \/>\n            <a href=\"https:\/\/actu.fr\/auteur\/arthur-frand\" title=\"Consulter tous les articles de Arthur Frand\" target=\"_blank\" rel=\"noopener\">Arthur Frand<\/a><br \/>\n                    <\/strong><\/p>\n<p>        Publi\u00e9 le<\/p>\n<p>            20 d\u00e9c. 2025 \u00e0 6h34        <\/p>\n<p>Le coup d\u2019envoi des vacances de No\u00ebl <strong>est donn\u00e9<\/strong>. \u00c0 <a href=\"https:\/\/actu.fr\/nice\/\" target=\"_blank\" rel=\"noopener\">Nice<\/a>, les retardataires vont se presser dans les magasins et centres commerciaux de la ville pour r\u00e9aliser leurs emplettes. Le centre-ville ni\u00e7ois risque donc d\u2019\u00eatre bond\u00e9 lors du dernier week-end avant No\u00ebl, ce samedi\u00a020 et dimanche 21\u00a0d\u00e9cembre 2025.<\/p>\n<p class=\" wall-content\">Mais pour ceux qui sont dans les temps et n\u2019ont pas pr\u00e9vu d\u2019aller d\u00e9valer les pistes de ski, les possibilit\u00e9s d\u2019activit\u00e9s sont nombreuses. Famille, sport, frissons\u2026 Voici <strong>cinq activit\u00e9s vari\u00e9es \u00e0 faire<\/strong>, \u00e0 Nice et dans les <a href=\"https:\/\/actu.fr\/provence-alpes-cote-d-azur\/alpes-maritimes_06\" target=\"_blank\" rel=\"noopener\">Alpes-Maritimes<\/a>, et qui pourraient vous int\u00e9resser.<\/p>\n<p>Fl\u00e2ner au march\u00e9 de No\u00ebl de Nice<\/p>\n<p class=\" wall-content\">C\u2019est peut-\u00eatre l\u2019occasion id\u00e9ale pour <strong>s\u2019impr\u00e9gner de l\u2019atmosph\u00e8re<\/strong> de No\u00ebl. Outre le march\u00e9 de Cannes, le <a href=\"https:\/\/actu.fr\/provence-alpes-cote-d-azur\/nice_06088\/nice-le-marche-de-noel-de-retour-dates-horaires-animations-voici-tout-ce-qu-il-faut-savoir_63480052.html\" target=\"_blank\" rel=\"noopener\">march\u00e9 de No\u00ebl de Nice<\/a>, situ\u00e9 Jardin Albert 1er, est \u00e9videmment ouvert ce week-end du 20 et 21\u00a0d\u00e9cembre et le sera jusqu\u2019au 4\u00a0janvier.<\/p>\n<p class=\" wall-content\">Celui-ci est compos\u00e9 de 60 chalets o\u00f9 se m\u00e9langent saveurs sucr\u00e9es (cookies minute\u2026 ) et sp\u00e9cialit\u00e9s culinaires sal\u00e9es tr\u00e8s diverses (socca, aligot\u2026). Il est aussi possible de faire un tour de Grande Roue et de d\u00e9ambuler pour appr\u00e9cier les illuminations de nuit.<\/p>\n<p>    <img   decoding=\"async\" loading=\"lazy\" src=\"https:\/\/www.europesays.com\/fr\/wp-content\/uploads\/2025\/12\/whatsapp-image-2025-12-19-at-163217-960x640.jpeg\" alt=\"Le march\u00e9 de No\u00ebl de Nice\" width=\"960\" height=\"640\"\/><br \/>\n    Le march\u00e9 de No\u00ebl de Nice sera \u00e9videmment ouvert ce samedi\u00a020 et dimanche 21\u00a0d\u00e9cembre. (\u00a9Arthur Frand \/ actu Nice)Un tour \u00e0 Luna Park<\/p>\n<ul class=\" wall-content\">\n<li>Pour les amateurs de sensations fortes, une autre option est envisageable\u2009: se rendre au parc des Expositions de Nice pour un apr\u00e8s-midi ou une soir\u00e9e. Situ\u00e9 sur le parvis de l\u2019Europe, il accueille la <strong>f\u00eate foraine Luna Park<\/strong> depuis d\u00e9cembre et ce jusqu\u2019au 4\u00a0janvier. 70 stands et man\u00e8ges (int\u00e9rieur et ext\u00e9rieur) sont install\u00e9s, sur une surface de 30\u2009000 m\u00b2. Voici les prix\u2009:<\/li>\n<li>Entr\u00e9e au Palais des Expositions\u2009: 2\u20ac<\/li>\n<li>Carte Pass 18 attractions\u2009: 33\u20ac<\/li>\n<li>Carte Pass 10 attractions pour le 3 \u00e0 12\u00a0ans\u2009: 16\u20ac<\/li>\n<li>Prix d\u2019un seul tour de man\u00e8ge\u2009: de 3\u20ac \u00e0 7\u20ac.<\/li>\n<\/ul>\n<p>Un vol en tyrolienne nocturne \u00e0 La Colmiane<\/p>\n<p class=\" wall-content\">Pour les Ni\u00e7ois et Maralpins qui disposent d\u2019une voiture, la r\u00e9daction d\u2019actu Nice vous sugg\u00e8re une activit\u00e9 d\u2019un tout autre genre. En plein air et dans un <strong>lieu d\u2019exception<\/strong>. En effet, ce dimanche 21 d\u00e9cembre, il sera possible de voler en tyrolienne \u00e0 la station de La Colmiane dans les Alpes-Maritimes.<\/p>\n<p>Votre r\u00e9gion, votre actu !<\/p>\n<p>Recevez chaque jour les infos qui comptent pour vous.<\/p>\n<p>\t<a href=\"https:\/\/actu.fr\/newsletter\" class=\"ac-btn ac-btn--corner ac-btn--medium ac-btn--blue800\" target=\"_blank\" rel=\"noopener\">S&rsquo;incrire<\/a><\/p>\n<p class=\" wall-content\">\n<p class=\" wall-content\">L\u2019\u00e9v\u00e9nement a lieu de nuit, durant deux heures (17-19h). Il est organis\u00e9 pour c\u00e9l\u00e9brer les 10\u00a0ans de cette <strong>tyrolienne exceptionnelle<\/strong>, qui est la plus grande de France. Compos\u00e9e deux lignes, d\u2019une longueur totale de 2663 m\u00e8tres, elle permet de survoler la station et les lacs et vient de rouvrir, d\u00e9but d\u00e9cembre, pour la saison hivernale. Il faut obligatoirement r\u00e9server, pr\u00e9cise l\u2019office du tourisme. Au num\u00e9ro suivant\u2009: 04\u200993\u200923\u200925\u200990. Comptez 35 euros par personne pour un vol solo ou en duo.<\/p>\n<p>Un jogging avec le p\u00e8re No\u00ebl \u00e0 Antibes<\/p>\n<p class=\" wall-content\">Autre suggestion, pour les sportifs souhaitant perdre quelques grammes avant les f\u00eates\u2009: un footing avec le p\u00e8re No\u00ebl \u00e0 Antibes, ce samedi 20\u00a0d\u00e9cembre. Cette corrida de 5-6\u00a0km est ouverte \u00e0 tous. L\u2019ASOA Run&amp;Tri Canicross, organisatrice de l\u2019\u00e9v\u00e9nement, vous invite \u00e0 venir d\u00e9guis\u00e9. Le parcours\u2009: d\u00e9part parking du Ponteil (\u00e0 16h30), Remparts, Porte Marine, Centre ville et retour sur la plage du Ponteil.<\/p>\n<p>Un trail urbain \u00e0 Villefranche-sur-Mer<\/p>\n<p class=\" wall-content\">Dans le m\u00eame style, la ville de Villefranche-sur-Mer, pr\u00e8s de Nice, organise un <strong>trail urbain<\/strong> nocturne, ce samedi 20\u00a0d\u00e9cembre. Il reste encore quelques places. Pour s\u2019inscrire, appelez le 06\u200975\u200976\u200922\u200983. Au programme\u2009: marche 5\u00a0km, course 10\u00a0km et course enfant, \u00e0 partir de 17h.<\/p>\n<p class=\" wall-content\">Personnalisez votre actualit\u00e9 en ajoutant vos villes et m\u00e9dias en favori avec <a href=\"https:\/\/moncompte.actu.fr\" title=\"D\u00e9couvez Mon Actu\" rel=\"nofollow noopener\" data-trk=\"{&quot;cta&quot;:{&quot;action&quot;:&quot;https:\\\/\\\/moncompte.actu.fr&quot;,&quot;category&quot;:&quot;mon compte&quot;,&quot;from&quot;:&quot;article footer&quot;,&quot;name&quot;:&quot;Mon actu&quot;,&quot;type&quot;:&quot;cta&quot;}}\" target=\"_blank\">Mon Actu<\/a>.<\/p>\n","protected":false},"excerpt":{"rendered":"Par Arthur Frand Publi\u00e9 le 20 d\u00e9c. 2025 \u00e0 6h34 Le coup d\u2019envoi des vacances de No\u00ebl est&hellip;\n","protected":false},"author":2,"featured_media":612773,"comment_status":"","ping_status":"","sticky":false,"template":"","format":"standard","meta":{"footnotes":""},"categories":[2819],"tags":[1111,11,215,1777,674,1011,27,2089,12,2401,15830,882,25,104],"class_list":{"0":"post-612772","1":"post","2":"type-post","3":"status-publish","4":"format-standard","5":"has-post-thumbnail","7":"category-nice","8":"tag-actu","9":"tag-actualites","10":"tag-commerce","11":"tag-eu","12":"tag-europe","13":"tag-fr","14":"tag-france","15":"tag-marche","16":"tag-news","17":"tag-nice","18":"tag-noel","19":"tag-provence-alpes-cote-dazur","20":"tag-republique-francaise","21":"tag-societe"},"share_on_mastodon":{"url":"https:\/\/pubeurope.com\/@fr\/115754800775317122","error":""},"_links":{"self":[{"href":"https:\/\/www.europesays.com\/fr\/wp-json\/wp\/v2\/posts\/612772","targetHints":{"allow":["GET"]}}],"collection":[{"href":"https:\/\/www.europesays.com\/fr\/wp-json\/wp\/v2\/posts"}],"about":[{"href":"https:\/\/www.europesays.com\/fr\/wp-json\/wp\/v2\/types\/post"}],"author":[{"embeddable":true,"href":"https:\/\/www.europesays.com\/fr\/wp-json\/wp\/v2\/users\/2"}],"replies":[{"embeddable":true,"href":"https:\/\/www.europesays.com\/fr\/wp-json\/wp\/v2\/comments?post=612772"}],"version-history":[{"count":0,"href":"https:\/\/www.europesays.com\/fr\/wp-json\/wp\/v2\/posts\/612772\/revisions"}],"wp:featuredmedia":[{"embeddable":true,"href":"https:\/\/www.europesays.com\/fr\/wp-json\/wp\/v2\/media\/612773"}],"wp:attachment":[{"href":"https:\/\/www.europesays.com\/fr\/wp-json\/wp\/v2\/media?parent=612772"}],"wp:term":[{"taxonomy":"category","embeddable":true,"href":"https:\/\/www.europesays.com\/fr\/wp-json\/wp\/v2\/categories?post=612772"},{"taxonomy":"post_tag","embeddable":true,"href":"https:\/\/www.europesays.com\/fr\/wp-json\/wp\/v2\/tags?post=612772"}],"curies":[{"name":"wp","href":"https:\/\/api.w.org\/{rel}","templated":true}]}}