{"id":612775,"date":"2025-12-21T00:48:18","date_gmt":"2025-12-21T00:48:18","guid":{"rendered":"https:\/\/www.europesays.com\/fr\/612775\/"},"modified":"2025-12-21T00:48:18","modified_gmt":"2025-12-21T00:48:18","slug":"residente-dun-ehpad-de-loire-atlantique-la-descendante-du-premier-capitaine-du-belem-retourne-sur-ses-traces","status":"publish","type":"post","link":"https:\/\/www.europesays.com\/fr\/612775\/","title":{"rendered":"R\u00e9sidente d\u2019un Ehpad de Loire-Atlantique, la descendante du premier capitaine du Belem retourne sur ses traces"},"content":{"rendered":"<p>                    Par<br \/>\n        <strong><br \/>\n            <a href=\"https:\/\/actu.fr\/auteur\/journaliste-sm\" title=\"Consulter tous les articles de R\u00e9daction Clisson\" target=\"_blank\" rel=\"noopener\">R\u00e9daction Clisson<\/a><br \/>\n                    <\/strong><\/p>\n<p>        Publi\u00e9 le<\/p>\n<p>            20 d\u00e9c. 2025 \u00e0 12h03        <\/p>\n<p>Le <b>21\u00a0octobre 2024,<\/b> Antoine Saintilan, 33\u00a0ans, le directeur de l<a href=\"https:\/\/www.lalandesaintmartin.com\/\" target=\"_blank\" rel=\"noopener\">\u2019Ehpad de la Lande Saint-Martin<\/a>, \u00e0 <a href=\"https:\/\/actu.fr\/pays-de-la-loire\/haute-goulaine_44071\" target=\"_blank\" rel=\"noopener\"><b>Haute-Goulaine<\/b><\/a>, accueillait une <b>nouvelle r\u00e9sidente<\/b>, Fran\u00e7oise Cabanes, <b>n\u00e9e \u00e0 Nantes<\/b>, en <b>1936<\/b>. Cette admission faisait suite<b> au d\u00e9c\u00e8s de son mari<\/b>, ancien ing\u00e9nieur p\u00e9trolier. A son arriv\u00e9e dans la structure, Fran\u00e7oise Cabanes a imm\u00e9diatement r\u00e9agi en d\u00e9couvrant le p\u00f4le d\u2019activit\u00e9s, baptis\u00e9 \u00ab\u2009B\u00e9lem\u2009\u00bb (salle o\u00f9 les r\u00e9sidents sont r\u00e9unis pour participer \u00e0 des animations et activit\u00e9s). En effet son <b>arri\u00e8re-grand-p\u00e8re <\/b>du c\u00f4t\u00e9 paternel a \u00e9t\u00e9 le <b>premier capitaine du Belem<\/b>.<\/p>\n<blockquote class=\"ac-article-quote wall-content\">\n<p>On l\u2019appelait Merle Noir.<\/p>\n<\/blockquote>\n<p class=\" wall-content\">Un surnom qu\u2019elle a confi\u00e9 au directeur et \u00e0 une animatrice.<\/p>\n<p class=\" wall-content\">De fait, Adolphe Lemerle fut le tout premier capitaine du <a href=\"https:\/\/fr.wikipedia.org\/wiki\/Belem\" target=\"_blank\" rel=\"noopener\">Belem <\/a>lors de son<b> voyage inaugural en 1896.<\/b> Son surnom, digne de celui d\u2019un pirate, avait \u00e9t\u00e9 donn\u00e9 en raison de son caract\u00e8re rude, de <b>sa discipline stricte et de son autorit\u00e9 s\u00e9v\u00e8re<\/b>.<\/p>\n<blockquote class=\"ac-article-quote wall-content\">\n<p>Mon papa, qui \u00e9tait repr\u00e9sentant en confiseries \u00e0 Nantes, tenait un peu de lui en ce qui concerne la rigueur. Avec ma s\u0153ur jumelle, mon fr\u00e8re et ma s\u0153ur a\u00een\u00e9s nous avons \u00e9t\u00e9 \u00e9lev\u00e9s dans le respect et la discipline, mais avec affection. Nous avons \u00e9t\u00e9 tr\u00e8s heureux avec nos parents.<\/p>\n<p>La bient\u00f4t nonag\u00e9naire.<\/p><\/blockquote>\n<p>Vid\u00e9os : en ce moment sur Actu<\/p>\n<p class=\" wall-content\"><b>Parti de Saint-Nazaire le 31\u00a0juillet\u00a01896 <\/b>\u00e0 destination de <b>Montevideo<\/b>, la capitale de <b>l\u2019Uruguay<\/b>, le<b> c\u00e9l\u00e8bre trois-m\u00e2ts \u00e9tait compos\u00e9 d\u2019un \u00e9quipage de 14 hommes<\/b>\u2009: le capitaine, un second, un bosco, un cuisinier, 8 matelots (4 b\u00e2bordais, 4 tribordais), un mousse et un pilotin (marin exp\u00e9riment\u00e9 charg\u00e9 de guider un bateau dans les ports ou les zones difficiles d\u2019acc\u00e8s). Pour m\u00e9moire, le B\u00e9lem (nom du port br\u00e9silien de Bel\u00e9m, la destination de ses premiers voyages marchands) a \u00e9t\u00e9<b> construit aux chantiers Dubigeon \u00e0 Chantenay-sur-Loire<\/b>, pr\u00e8s de Nantes, et lanc\u00e9 en 1896. L\u2019ann\u00e9e suivante, arm\u00e9 par l\u2019armateur nantais Fernand Crouan, il a ramen\u00e9 une cargaison de cacao, de sucre et de caf\u00e9, des produits tropicaux tr\u00e8s demand\u00e9s \u00e0 l\u2019\u00e9poque.<\/p>\n<p>Votre r\u00e9gion, votre actu !<\/p>\n<p>Recevez chaque jour les infos qui comptent pour vous.<\/p>\n<p>\t<a href=\"https:\/\/actu.fr\/newsletter\" class=\"ac-btn ac-btn--corner ac-btn--medium ac-btn--blue800\" target=\"_blank\" rel=\"noopener\">S&rsquo;incrire<\/a><\/p>\n<p class=\" wall-content\">Apr\u00e8s sa carri\u00e8re commerciale, le B\u00e9lem a eu plusieurs vies. <b>Rachet\u00e9 par le duc de Westminster en 1914,<\/b> il a \u00e9t\u00e9 un yacht de luxe britannique jusqu\u2019en 1951. Puis, il a \u00e9t\u00e9 revendu \u00e0 Sir Ernest Guinness, l\u2019h\u00e9ritier de la c\u00e9l\u00e8bre brasserie. Jusqu\u2019en 1979, il a \u00e9t\u00e9 la propri\u00e9t\u00e9 de la Fondation Giorgio Cini \u00e0 Venise et utilis\u00e9 comme navire-\u00e9cole pour la marine marchande italienne, moyennant quelques modifications techniques.<\/p>\n<p class=\" wall-content\"><b>Acquis par la Caisse d\u2019\u00c9pargne et rapatri\u00e9 en France en 1979,<\/b> il a \u00e9t\u00e9 restaur\u00e9 \u00e0 l\u2019identique de son \u00e9tat d\u2019origine. Le Belem est alors <b>devenu un navire-\u00e9cole<\/b> pour tous, accessible au grand public et aux passionn\u00e9s de voile. Il a \u00e9t\u00e9 <b>class\u00e9 monument historique en 1984.<\/b> Bas\u00e9 \u00e0 <b>Nantes<\/b>, le Belem est g\u00e9r\u00e9 par la Fondation \u00e9ponyme qui veille \u00e0 sa conservation et \u00e0 sa transmission culturelle. Il navigue r\u00e9guli\u00e8rement pour des croisi\u00e8res, des \u00e9v\u00e9nements maritimes et des missions p\u00e9dagogiques.<\/p>\n<p>    <img   decoding=\"async\" loading=\"lazy\" class=\"size-large\" src=\"https:\/\/www.europesays.com\/fr\/wp-content\/uploads\/2025\/12\/72ba0cbad019676ba0cbad0194aba0v-768x640.jpg\" alt=\"Fran\u00e7oise\" width=\"768\" height=\"640\"\/><br \/>\n    La descendante du premier capitaine, avec Aymeric Gibet, l\u2019actuel capitaine du B\u00e9lem. \u00a9Hebdo de S\u00e8vre et MaineUne visite \u00e0 Nantes<\/p>\n<p class=\" wall-content\">Ayant appris <b>sa rel\u00e2che \u00e0 Nantes du 21\u00a0octobre dernier au 3\u00a0novembre<\/b>, Antoine Saintilan a organis\u00e9 une<b> belle surprise<\/b> \u00e0 l\u2019attention Fran\u00e7oise Cabanes. Il l\u2019a<b> lui-m\u00eame conduite au port de Nantes<\/b> pour une<b> visite priv\u00e9e du c\u00e9l\u00e8bre trois-m\u00e2ts<\/b> par le <b>capitaine Aymeric Gibet en personn<\/b>e. Originaire de<b> Nantes et issu de la marine marchande<\/b>, il est en fonction \u00e0 bord du Belem depuis 2016. Il consid\u00e8re le bateau \u00ab\u2009comme un s<b>ymbole fort du patrimoine maritime fran\u00e7ais<\/b>\u2009\u00bb et participe activement \u00e0 sa valorisation lors d\u2019\u00e9v\u00e9nements comme<a href=\"https:\/\/actu.fr\/normandie\/rouen_76540\/les-bateaux-larmada-rouen-belem-trois-mats-mille-vies_23721775.html\" target=\"_blank\" rel=\"noopener\"> l\u2019Armada de Rouen <\/a>ou encore les Jeux olympiques de Paris 2024.<\/p>\n<blockquote class=\"ac-article-quote wall-content\">\n<p>J\u2019ai \u00e9t\u00e9 tr\u00e8s touch\u00e9 par la gentillesse de notre directeur et \u00e9mue de d\u00e9couvrir, gr\u00e2ce \u00e0 son capitaine actuel, l\u2019int\u00e9rieur de ce magnifique bateau que mon bisa\u00efeul a \u00e9t\u00e9 le premier \u00e0 commander il y a pr\u00e8s de 130\u00a0ans.<\/p>\n<p>Fran\u00e7oise Cabanes<\/p><\/blockquote>\n<p class=\" wall-content\">Antoine Saintilan avait r\u00e9serv\u00e9 une autre belle surprise \u00e0 l\u2019issue de cette visite m\u00e9morable. Lorsqu\u2019elle habitait Nantes, Fran\u00e7oise Cabanes allait aux<b> c\u00e9l\u00e9brations en la cath\u00e9drale de Nantes,<\/b> sa paroisse, l\u00e0 m\u00eame o\u00f9 ses<b> parents se sont mari\u00e9s.<\/b> Rouverte au public depuis le <b>27\u00a0septembre<\/b> <b>2025 <\/b>\u00e0 la suite de l\u2019incendie dont elle a \u00e9t\u00e9 victime en 2020, <b>elle a eu la grande joie d\u2019y \u00eatre emmen\u00e9e par le directeur.<\/b><\/p>\n<blockquote class=\"ac-article-quote wall-content\">\n<p>Il est adorable. Si je ne lui ai pas fait la bise, le c\u0153ur y \u00e9tait.<\/p>\n<p>La r\u00e9sidente ravie de cette sortie avec le directeur<\/p><\/blockquote>\n<p class=\" wall-content\">Personnalisez votre actualit\u00e9 en ajoutant vos villes et m\u00e9dias en favori avec <a href=\"https:\/\/moncompte.actu.fr\" title=\"D\u00e9couvez Mon Actu\" rel=\"nofollow noopener\" data-trk=\"{&quot;cta&quot;:{&quot;action&quot;:&quot;https:\\\/\\\/moncompte.actu.fr&quot;,&quot;category&quot;:&quot;mon compte&quot;,&quot;from&quot;:&quot;article footer&quot;,&quot;name&quot;:&quot;Mon actu&quot;,&quot;type&quot;:&quot;cta&quot;}}\" target=\"_blank\">Mon Actu<\/a>.<\/p>\n","protected":false},"excerpt":{"rendered":"Par R\u00e9daction Clisson Publi\u00e9 le 20 d\u00e9c. 2025 \u00e0 12h03 Le 21\u00a0octobre 2024, Antoine Saintilan, 33\u00a0ans, le directeur&hellip;\n","protected":false},"author":2,"featured_media":612776,"comment_status":"","ping_status":"","sticky":false,"template":"","format":"standard","meta":{"footnotes":""},"categories":[2818],"tags":[1111,11,12216,1777,674,1011,27,937,766,12,2636,25,104,2900],"class_list":{"0":"post-612775","1":"post","2":"type-post","3":"status-publish","4":"format-standard","5":"has-post-thumbnail","7":"category-nantes","8":"tag-actu","9":"tag-actualites","10":"tag-ehpad","11":"tag-eu","12":"tag-europe","13":"tag-fr","14":"tag-france","15":"tag-histoire","16":"tag-nantes","17":"tag-news","18":"tag-pays-de-la-loire","19":"tag-republique-francaise","20":"tag-societe","21":"tag-vignoble-nantais"},"share_on_mastodon":{"url":"https:\/\/pubeurope.com\/@fr\/115754809178410295","error":""},"_links":{"self":[{"href":"https:\/\/www.europesays.com\/fr\/wp-json\/wp\/v2\/posts\/612775","targetHints":{"allow":["GET"]}}],"collection":[{"href":"https:\/\/www.europesays.com\/fr\/wp-json\/wp\/v2\/posts"}],"about":[{"href":"https:\/\/www.europesays.com\/fr\/wp-json\/wp\/v2\/types\/post"}],"author":[{"embeddable":true,"href":"https:\/\/www.europesays.com\/fr\/wp-json\/wp\/v2\/users\/2"}],"replies":[{"embeddable":true,"href":"https:\/\/www.europesays.com\/fr\/wp-json\/wp\/v2\/comments?post=612775"}],"version-history":[{"count":0,"href":"https:\/\/www.europesays.com\/fr\/wp-json\/wp\/v2\/posts\/612775\/revisions"}],"wp:featuredmedia":[{"embeddable":true,"href":"https:\/\/www.europesays.com\/fr\/wp-json\/wp\/v2\/media\/612776"}],"wp:attachment":[{"href":"https:\/\/www.europesays.com\/fr\/wp-json\/wp\/v2\/media?parent=612775"}],"wp:term":[{"taxonomy":"category","embeddable":true,"href":"https:\/\/www.europesays.com\/fr\/wp-json\/wp\/v2\/categories?post=612775"},{"taxonomy":"post_tag","embeddable":true,"href":"https:\/\/www.europesays.com\/fr\/wp-json\/wp\/v2\/tags?post=612775"}],"curies":[{"name":"wp","href":"https:\/\/api.w.org\/{rel}","templated":true}]}}