{"id":612780,"date":"2025-12-21T00:51:18","date_gmt":"2025-12-21T00:51:18","guid":{"rendered":"https:\/\/www.europesays.com\/fr\/612780\/"},"modified":"2025-12-21T00:51:18","modified_gmt":"2025-12-21T00:51:18","slug":"previsions-du-dimanche-21-decembre-2025","status":"publish","type":"post","link":"https:\/\/www.europesays.com\/fr\/612780\/","title":{"rendered":"pr\u00e9visions du dimanche 21 d\u00e9cembre 2025"},"content":{"rendered":"<p>Les nuages en pr\u00e9vision aujourd&rsquo;hui, \u00e0 Bordeaux, et un ciel encore maussade. Les valeurs s&rsquo;\u00e9chelonneront de 8 \u00e0 12\u00b0C. Il devrait y avoir un risque de brouillard dans la matin\u00e9e. Le thermom\u00e8tre affichera 10\u00b0C en moyenne. Un petit vent de sud-est sera ressenti par les habitants. Le temps sera mitig\u00e9 dans l&rsquo;apr\u00e8s-midi avec de l\u00e9g\u00e8res averses. Les maximales pourront atteindre 12\u00b0C alors que les minimales seront de 8\u00b0C. Des averses sont pr\u00e9vues le soir, et risquent de perturber les activit\u00e9s ext\u00e9rieures. Les temp\u00e9ratures tourneront autour des 8\u00b0C. Une nuit pluvieuse vous attendra entre dimanche et lundi.<\/p>\n<p>Demain, le beau temps va peu \u00e0 peu se substituer aux nuages \u00e0 Bordeaux. Une baisse du mercure est attendue. Il va faire en moyenne 7\u00b0C. Un vent de sud-est rafra\u00eechira l\u00e9g\u00e8rement l&rsquo;atmosph\u00e8re. Les Bordelais vont avoir froid le matin : les temp\u00e9ratures ne vont pas d\u00e9passer 8\u00b0C. Les valeurs seront de 4\u00b0C au minimum et de 8\u00b0C au plus haut. Les valeurs seront comprises entre 7 et 9\u00b0C pendant l&rsquo;apr\u00e8s-midi. Le soleil manquera demain soir, car le ciel sera couvert par des nuages.<\/p>\n<p>Le temps sera assez instable les prochains jours. Une am\u00e9lioration est annonc\u00e9e mercredi, tandis que la journ\u00e9e de mardi aura \u00e9t\u00e9 nuageuse.<\/p>\n<p><\/p>\n","protected":false},"excerpt":{"rendered":"Les nuages en pr\u00e9vision aujourd&rsquo;hui, \u00e0 Bordeaux, et un ciel encore maussade. Les valeurs s&rsquo;\u00e9chelonneront de 8 \u00e0&hellip;\n","protected":false},"author":2,"featured_media":612781,"comment_status":"","ping_status":"","sticky":false,"template":"","format":"standard","meta":{"footnotes":""},"categories":[2817],"tags":[1111,11,1997,1777,674,1011,27,12,2219,2119,25],"class_list":{"0":"post-612780","1":"post","2":"type-post","3":"status-publish","4":"format-standard","5":"has-post-thumbnail","7":"category-bordeaux","8":"tag-actu","9":"tag-actualites","10":"tag-bordeaux","11":"tag-eu","12":"tag-europe","13":"tag-fr","14":"tag-france","15":"tag-news","16":"tag-nouvelle-aquitaine","17":"tag-previsions-meteo","18":"tag-republique-francaise"},"share_on_mastodon":{"url":"https:\/\/pubeurope.com\/@fr\/115754820249728131","error":""},"_links":{"self":[{"href":"https:\/\/www.europesays.com\/fr\/wp-json\/wp\/v2\/posts\/612780","targetHints":{"allow":["GET"]}}],"collection":[{"href":"https:\/\/www.europesays.com\/fr\/wp-json\/wp\/v2\/posts"}],"about":[{"href":"https:\/\/www.europesays.com\/fr\/wp-json\/wp\/v2\/types\/post"}],"author":[{"embeddable":true,"href":"https:\/\/www.europesays.com\/fr\/wp-json\/wp\/v2\/users\/2"}],"replies":[{"embeddable":true,"href":"https:\/\/www.europesays.com\/fr\/wp-json\/wp\/v2\/comments?post=612780"}],"version-history":[{"count":0,"href":"https:\/\/www.europesays.com\/fr\/wp-json\/wp\/v2\/posts\/612780\/revisions"}],"wp:featuredmedia":[{"embeddable":true,"href":"https:\/\/www.europesays.com\/fr\/wp-json\/wp\/v2\/media\/612781"}],"wp:attachment":[{"href":"https:\/\/www.europesays.com\/fr\/wp-json\/wp\/v2\/media?parent=612780"}],"wp:term":[{"taxonomy":"category","embeddable":true,"href":"https:\/\/www.europesays.com\/fr\/wp-json\/wp\/v2\/categories?post=612780"},{"taxonomy":"post_tag","embeddable":true,"href":"https:\/\/www.europesays.com\/fr\/wp-json\/wp\/v2\/tags?post=612780"}],"curies":[{"name":"wp","href":"https:\/\/api.w.org\/{rel}","templated":true}]}}