{"id":612786,"date":"2025-12-21T00:55:13","date_gmt":"2025-12-21T00:55:13","guid":{"rendered":"https:\/\/www.europesays.com\/fr\/612786\/"},"modified":"2025-12-21T00:55:13","modified_gmt":"2025-12-21T00:55:13","slug":"previsions-du-dimanche-21-decembre-2025-2","status":"publish","type":"post","link":"https:\/\/www.europesays.com\/fr\/612786\/","title":{"rendered":"pr\u00e9visions du dimanche 21 d\u00e9cembre 2025"},"content":{"rendered":"<p>\u00c0 Lille les valeurs afficheront entre 7 et 10\u00b0C pendant la journ\u00e9e. Il devrait y avoir un risque de brouillard dans la matin\u00e9e. Les temp\u00e9ratures avoisineront les 9\u00b0C. Une brise de sud-est soufflera l\u00e9g\u00e8rement. Le ciel sera assez lumineux, avec quelques \u00e9claircies l&rsquo;apr\u00e8s-midi. Les maximales pourront atteindre 10\u00b0C tandis que les minimales seront de 9\u00b0C. Le soir, on anticipe des valeurs avoisinant 8\u00b0C. Entre dimanche et lundi, la nuit sera claire.<\/p>\n<p>Une baisse des temp\u00e9ratures est attendue \u00e0 Lille, demain. Les valeurs seront comprises entre 4 et 9\u00b0C. Un modeste vent d&rsquo;est sera ressenti par les habitants. Le ciel va s&rsquo;\u00e9claircir dans la matin\u00e9e. Il va faire en moyenne 6\u00b0C. C&rsquo;est un soleil splendide qui va briller demain apr\u00e8s-midi. Les valeurs s&rsquo;\u00e9chelonneront de 6 \u00e0 9\u00b0C. Apr\u00e8s un petit passage nuageux, la m\u00e9t\u00e9o devrait s&rsquo;am\u00e9liorer durant la soir\u00e9e. Les temp\u00e9ratures s&rsquo;\u00e9chelonneront entre 5 et 6\u00b0C.<\/p>\n<p>Pour les jours \u00e0 venir, le temps ne changera pas. Des temp\u00e9ratures dans les 0\u00b0C iront de pair avec un ciel ensoleill\u00e9.<\/p>\n<p><\/p>\n","protected":false},"excerpt":{"rendered":"\u00c0 Lille les valeurs afficheront entre 7 et 10\u00b0C pendant la journ\u00e9e. Il devrait y avoir un risque&hellip;\n","protected":false},"author":2,"featured_media":612787,"comment_status":"","ping_status":"","sticky":false,"template":"","format":"standard","meta":{"footnotes":""},"categories":[2815],"tags":[1111,11,1777,674,1011,27,811,1307,12,2119,25],"class_list":{"0":"post-612786","1":"post","2":"type-post","3":"status-publish","4":"format-standard","5":"has-post-thumbnail","7":"category-lille","8":"tag-actu","9":"tag-actualites","10":"tag-eu","11":"tag-europe","12":"tag-fr","13":"tag-france","14":"tag-hauts-de-france","15":"tag-lille","16":"tag-news","17":"tag-previsions-meteo","18":"tag-republique-francaise"},"share_on_mastodon":{"url":"https:\/\/pubeurope.com\/@fr\/115754836058508478","error":""},"_links":{"self":[{"href":"https:\/\/www.europesays.com\/fr\/wp-json\/wp\/v2\/posts\/612786","targetHints":{"allow":["GET"]}}],"collection":[{"href":"https:\/\/www.europesays.com\/fr\/wp-json\/wp\/v2\/posts"}],"about":[{"href":"https:\/\/www.europesays.com\/fr\/wp-json\/wp\/v2\/types\/post"}],"author":[{"embeddable":true,"href":"https:\/\/www.europesays.com\/fr\/wp-json\/wp\/v2\/users\/2"}],"replies":[{"embeddable":true,"href":"https:\/\/www.europesays.com\/fr\/wp-json\/wp\/v2\/comments?post=612786"}],"version-history":[{"count":0,"href":"https:\/\/www.europesays.com\/fr\/wp-json\/wp\/v2\/posts\/612786\/revisions"}],"wp:featuredmedia":[{"embeddable":true,"href":"https:\/\/www.europesays.com\/fr\/wp-json\/wp\/v2\/media\/612787"}],"wp:attachment":[{"href":"https:\/\/www.europesays.com\/fr\/wp-json\/wp\/v2\/media?parent=612786"}],"wp:term":[{"taxonomy":"category","embeddable":true,"href":"https:\/\/www.europesays.com\/fr\/wp-json\/wp\/v2\/categories?post=612786"},{"taxonomy":"post_tag","embeddable":true,"href":"https:\/\/www.europesays.com\/fr\/wp-json\/wp\/v2\/tags?post=612786"}],"curies":[{"name":"wp","href":"https:\/\/api.w.org\/{rel}","templated":true}]}}