{"id":612788,"date":"2025-12-21T00:56:16","date_gmt":"2025-12-21T00:56:16","guid":{"rendered":"https:\/\/www.europesays.com\/fr\/612788\/"},"modified":"2025-12-21T00:56:16","modified_gmt":"2025-12-21T00:56:16","slug":"le-noel-marseillais-a-ambiance-le-vieux-port","status":"publish","type":"post","link":"https:\/\/www.europesays.com\/fr\/612788\/","title":{"rendered":"le No\u00ebl marseillais a ambianc\u00e9 le Vieux-Port"},"content":{"rendered":"<p>\u00ab\u00a0\u00c9poustouflant\u00a0\u00bb, \u00ab\u00a0magique\u00a0\u00bb, \u00ab\u00a0po\u00e9tique\u00a0\u00bb. Les superlatifs pleuvaient sur le Vieux-Port, apr\u00e8s le feu d\u2019artifice du No\u00ebl marseillais, ce samedi 20\u00a0d\u00e9cembre. Du rouge, du vert, du dor\u00e9 dans le ciel\u00a0; le P\u00e8re No\u00ebl, ses rennes et son tra\u00eeneau au-dessus de l\u2019eau, des \u00e9toiles pour couronner Notre-Dame de la Garde\u2026<\/p>\n<p><img alt=\"&quot;Magique&quot;, &quot;po\u00e9tique&quot;, le spectacle a fait le plein de superlatifs.\" loading=\"lazy\" decoding=\"async\" data-nimg=\"fill\" class=\" TwicCore_img__i9TC1 undefined  undefined\" style=\"position:absolute;height:100%;width:100%;left:0;top:0;right:0;bottom:0;color:transparent;background-size:cover;background-position:50% 50%;background-repeat:no-repeat;background-image:url(&quot;data:image\/svg+xml;charset=utf-8,%3Csvg xmlns='http:\/\/www.w3.org\/2000\/svg' %3E%3Cfilter id='b' color-interpolation-filters='sRGB'%3E%3CfeGaussianBlur stdDeviation='20'\/%3E%3CfeColorMatrix values='1 0 0 0 0 0 1 0 0 0 0 0 1 0 0 0 0 0 100 -1' result='s'\/%3E%3CfeFlood x='0' y='0' width='100%25' height='100%25'\/%3E%3CfeComposite operator='out' in='s'\/%3E%3CfeComposite in2='SourceGraphic'\/%3E%3CfeGaussianBlur stdDeviation='20'\/%3E%3C\/filter%3E%3Cimage width='100%25' height='100%25' x='0' y='0' preserveAspectRatio='none' style='filter: url(%23b);' href='https:\/\/pictures.laprovence.com\/cdn-cgi\/image\/blur=250\/media\/melody\/2025\/12\/20\/251220fsh8756-jpg-1766266583_e8feee86074960dfeee860749e00fev_.jpg'\/%3E%3C\/svg%3E&quot;)\"   src=\"https:\/\/www.europesays.com\/fr\/wp-content\/uploads\/2025\/12\/251220fsh8756-jpg-1766266583_e8feee86074960dfeee860749e00fev_.jpg\"\/>\u00ab\u00a0Magique\u00a0\u00bb, \u00ab\u00a0po\u00e9tique\u00a0\u00bb, le spectacle a fait le plein de superlatifs. \/ Photo Fr\u00e9d\u00e9ric Speich<\/p>\n<p>Une chor\u00e9graphie millim\u00e9tr\u00e9e de drones \u00e9tait venue s\u2019ajouter aux explosions color\u00e9es de la pyrotechnie. R\u00e9sultat\u00a0: \u00ab\u00a0C\u2019\u00e9tait trop bien\u00a0!\u00a0\u00bb Laura, 24\u00a0ans, \u00e9tait l\u00e0, il y a deux semaines, pour admirer, d\u2019en bas, <a href=\"https:\/\/www.laprovence.com\/article\/region\/3398634814634814\/inauguration-de-notre-dame-de-la-garde-a-marseille-un-final-monumental-pour-un-chantier-historique\" target=\"_blank\" rel=\"noopener\">la Bonne-M\u00e8re inaugur\u00e9e<\/a>. \u00ab\u00a0C\u2019est incomparable. La derni\u00e8re fois, on ne voyait rien, on n\u2019entendait rien, l\u00e0, c\u2019\u00e9tait incroyable.\u00a0\u00bb<\/p>\n<p>De quoi faire sourire <a href=\"https:\/\/www.laprovence.com\/article\/region\/4872417431424514\/la-maire-adjointe-de-marseille-samia-ghali-decoree-de-la-legion-d-honneur-un-moment-qui-prend-aux-tripes\" target=\"_blank\" rel=\"noopener\">Samia Ghali<\/a>\u00a0: \u00ab\u00a0On a rattrap\u00e9 ce couac, m\u00eame si ce n\u2019\u00e9tait pas de notre fait, a plaisant\u00e9 la maire adjointe (DVG) de Marseille en charge des grands \u00e9v\u00e9nements. Ce soir, c\u2019\u00e9tait une belle f\u00eate populaire et je suis ravie. <a href=\"https:\/\/www.laprovence.com\/article\/region\/11768182784523\/marseille-sylvain-souvestre-lr-critique-le-show-de-la-bonne-mere-et-supprime\" target=\"_blank\" rel=\"noopener\">On peut difficilement critiquer ce spectacle<\/a> qui a \u00e9t\u00e9 tr\u00e8s applaudi. Et il y avait beaucoup de monde. C\u2019est \u00e0 \u00e7a que l\u2019on mesure le succ\u00e8s de cet \u00e9v\u00e9nement.\u00a0\u00bb<\/p>\n<p><img alt=\"Pr\u00e8s de 80 000 personnes sont venues assister au show selon la maire adjointe Samia Ghali.\" loading=\"lazy\" decoding=\"async\" data-nimg=\"fill\" class=\" TwicCore_img__i9TC1 undefined  undefined\" style=\"position:absolute;height:100%;width:100%;left:0;top:0;right:0;bottom:0;color:transparent;background-size:cover;background-position:50% 50%;background-repeat:no-repeat;background-image:url(&quot;data:image\/svg+xml;charset=utf-8,%3Csvg xmlns='http:\/\/www.w3.org\/2000\/svg' %3E%3Cfilter id='b' color-interpolation-filters='sRGB'%3E%3CfeGaussianBlur stdDeviation='20'\/%3E%3CfeColorMatrix values='1 0 0 0 0 0 1 0 0 0 0 0 1 0 0 0 0 0 100 -1' result='s'\/%3E%3CfeFlood x='0' y='0' width='100%25' height='100%25'\/%3E%3CfeComposite operator='out' in='s'\/%3E%3CfeComposite in2='SourceGraphic'\/%3E%3CfeGaussianBlur stdDeviation='20'\/%3E%3C\/filter%3E%3Cimage width='100%25' height='100%25' x='0' y='0' preserveAspectRatio='none' style='filter: url(%23b);' href='https:\/\/pictures.laprovence.com\/cdn-cgi\/image\/blur=250\/media\/melody\/2025\/12\/20\/251220fsh7658-jpg-1766266584_8e0493f807496a21493f80749a6149v_.jpg'\/%3E%3C\/svg%3E&quot;)\"   src=\"https:\/\/www.europesays.com\/fr\/wp-content\/uploads\/2025\/12\/251220fsh7658-jpg-1766266584_8e0493f807496a21493f80749a6149v_.jpg\"\/>Pr\u00e8s de 80 000 personnes sont venues assister au show selon la maire adjointe Samia Ghali. \/ Photo Fr\u00e9d\u00e9ric Speich<\/p>\n<p>Pr\u00e8s de 80\u00a0000 personnes, selon ses informations. Dont beaucoup \u00e9taient l\u00e0 depuis plusieurs heures. Comme Ikram, Lina, Ghita et Marwa qui n\u2019ont pas cess\u00e9 de &#8230;<\/p>\n","protected":false},"excerpt":{"rendered":"\u00ab\u00a0\u00c9poustouflant\u00a0\u00bb, \u00ab\u00a0magique\u00a0\u00bb, \u00ab\u00a0po\u00e9tique\u00a0\u00bb. Les superlatifs pleuvaient sur le Vieux-Port, apr\u00e8s le feu d\u2019artifice du No\u00ebl marseillais, ce samedi&hellip;\n","protected":false},"author":2,"featured_media":612789,"comment_status":"","ping_status":"","sticky":false,"template":"","format":"standard","meta":{"footnotes":""},"categories":[2814],"tags":[17,1111,11,8894,1697,38343,2024,1777,674,1312,1011,27,761,884,12,15830,882,16,25],"class_list":{"0":"post-612788","1":"post","2":"type-post","3":"status-publish","4":"format-standard","5":"has-post-thumbnail","7":"category-marseille","8":"tag-17","9":"tag-actu","10":"tag-actualites","11":"tag-ambiance","12":"tag-concert","13":"tag-dartifice","14":"tag-drones","15":"tag-eu","16":"tag-europe","17":"tag-feu","18":"tag-fr","19":"tag-france","20":"tag-marseillais","21":"tag-marseille","22":"tag-news","23":"tag-noel","24":"tag-provence-alpes-cote-dazur","25":"tag-region","26":"tag-republique-francaise"},"share_on_mastodon":{"url":"https:\/\/pubeurope.com\/@fr\/115754840784653820","error":""},"_links":{"self":[{"href":"https:\/\/www.europesays.com\/fr\/wp-json\/wp\/v2\/posts\/612788","targetHints":{"allow":["GET"]}}],"collection":[{"href":"https:\/\/www.europesays.com\/fr\/wp-json\/wp\/v2\/posts"}],"about":[{"href":"https:\/\/www.europesays.com\/fr\/wp-json\/wp\/v2\/types\/post"}],"author":[{"embeddable":true,"href":"https:\/\/www.europesays.com\/fr\/wp-json\/wp\/v2\/users\/2"}],"replies":[{"embeddable":true,"href":"https:\/\/www.europesays.com\/fr\/wp-json\/wp\/v2\/comments?post=612788"}],"version-history":[{"count":0,"href":"https:\/\/www.europesays.com\/fr\/wp-json\/wp\/v2\/posts\/612788\/revisions"}],"wp:featuredmedia":[{"embeddable":true,"href":"https:\/\/www.europesays.com\/fr\/wp-json\/wp\/v2\/media\/612789"}],"wp:attachment":[{"href":"https:\/\/www.europesays.com\/fr\/wp-json\/wp\/v2\/media?parent=612788"}],"wp:term":[{"taxonomy":"category","embeddable":true,"href":"https:\/\/www.europesays.com\/fr\/wp-json\/wp\/v2\/categories?post=612788"},{"taxonomy":"post_tag","embeddable":true,"href":"https:\/\/www.europesays.com\/fr\/wp-json\/wp\/v2\/tags?post=612788"}],"curies":[{"name":"wp","href":"https:\/\/api.w.org\/{rel}","templated":true}]}}