{"id":612792,"date":"2025-12-21T00:58:22","date_gmt":"2025-12-21T00:58:22","guid":{"rendered":"https:\/\/www.europesays.com\/fr\/612792\/"},"modified":"2025-12-21T00:58:22","modified_gmt":"2025-12-21T00:58:22","slug":"refoule-a-conde-sur-sarthe-lavocat-lyonnais-livre-sa-version-des-faits","status":"publish","type":"post","link":"https:\/\/www.europesays.com\/fr\/612792\/","title":{"rendered":"refoul\u00e9 \u00e0 Cond\u00e9-sur-Sarthe, l\u2019avocat lyonnais livre sa version des faits"},"content":{"rendered":"<p class=\"gmail-Paragraph gmail-SCXW162625766 gmail-BCX0\" lang=\"FR-FR\">Le 12 d\u00e9cembre dernier, ma\u00eetre Kamel Aissaoui, avocat lyonnais connu pour d\u00e9fendre plusieurs figures du narcotrafic, s\u2019est vu <a href=\"https:\/\/www.lyonmag.com\/article\/148993\/prison-de-conde-sur-sarthe-un-avocat-lyonnais-refoule-apres-un-incident-lors-d-un-controle-de-securite\" target=\"_blank\" rel=\"noopener\">refuser l\u2019acc\u00e8s \u00e0 la prison ultra-s\u00e9curis\u00e9e de Cond\u00e9-sur-Sarthe<\/a> (Orne), alors qu\u2019il devait rencontrer l\u2019un de ses clients. Une information r\u00e9v\u00e9l\u00e9e par le <a href=\"https:\/\/www.lejdd.fr\/Societe\/info-jdd-conde-sur-sarthe-lavocat-dun-chef-de-la-dz-mafia-suspecte-de-faire-entrer-des-objets-dans-la-prison-164958\" target=\"_blank\" rel=\"noopener\">JDD<\/a>, \u00e9voquant des soup\u00e7ons d\u2019introduction d\u2019objets interdits.\u00a0<\/p>\n<p class=\"gmail-Paragraph gmail-SCXW162625766 gmail-BCX0\" lang=\"FR-FR\">Des \u00e9l\u00e9ments que le p\u00e9naliste conteste aujourd\u2019hui point par point.\u00a0\u00ab\u00a0L&rsquo;article du d\u00e9part comporte des \u00e9l\u00e9ments compl\u00e8tement inexacts. D&rsquo;ailleurs, la preuve en est que, mardi prochain (23 d\u00e9cembre), j&rsquo;ai pris un nouveau parloir pour aller voir mon client et il n&rsquo;a pas \u00e9t\u00e9 refus\u00e9. Donc, si vraiment ce qui est \u00e9crit dans le JDD \u00e9tait vrai, je ne pourrais m\u00eame pas retourner voir mon client. Et donc l\u00e0 ce n&rsquo;est pas le cas.\u00a0\u00bb<\/p>\n<p class=\"gmail-Paragraph gmail-SCXW162625766 gmail-BCX0\" lang=\"FR-FR\">Un contr\u00f4le de s\u00e9curit\u00e9 contest\u00e9.\u00a0Selon me Aissaoui, il s\u2019agissait de sa premi\u00e8re visite \u00e0 Cond\u00e9-sur-Sarthe, apr\u00e8s plusieurs mois de parloirs r\u00e9guliers dans une autre prison de haute s\u00e9curit\u00e9, \u00e0 Vendin-le-Vieil.\u00a0<\/p>\n<p class=\"gmail-Paragraph gmail-SCXW162625766 gmail-BCX0\" lang=\"FR-FR\">\u00ab\u00a0J&rsquo;arrive, d\u00e9j\u00e0 il y avait beaucoup de surveillants, bon \u00e7a, c&rsquo;est le dispositif qui est le m\u00eame qu&rsquo;\u00e0 Vendin-le-Vieil. [\u2026] La petite diff\u00e9rence, c\u2019est qu\u2019\u00e0 Vendin-le-Vieil les surveillants ne sont pas cagoul\u00e9s d\u00e8s l\u2019entr\u00e9e.\u00a0\u00bb<\/p>\n<p class=\"gmail-Paragraph gmail-SCXW162625766 gmail-BCX0\" lang=\"FR-FR\">Avant\u00a0les scanners corporels, Kamel Aissaoui indique avoir plac\u00e9 l\u2019ensemble de ses effets personnels sur le tapis roulant de s\u00e9curit\u00e9, \u00ab\u00a0mes baskets, mon ordinateur, tous mes effets personnels\u00a0\u00bb, comme il le fait habituellement lors de ses parloirs\u00a0dans \u00ab\u00a0toutes les prisons de france\u00a0\u00bb qu&rsquo;il a d\u00fb fr\u00e9quenter.\u00a0<\/p>\n<p class=\"gmail-Paragraph gmail-SCXW162625766 gmail-BCX0\" lang=\"FR-FR\">L\u2019avocat explique avoir d\u00e9clench\u00e9 le premier portique de s\u00e9curit\u00e9 en raison d\u2019un corset m\u00e9dical qu\u2019il porte avant une op\u00e9ration bariatrique.\u00a0\u00ab\u00a0Il faut savoir qu&rsquo;il y a du m\u00e9tal dans mon corset [\u2026] Je soul\u00e8ve mon T-shirt, leur dis : \u00e9coutez, j&rsquo;ai mon corset.[\u2026] C\u2019est moi qui leur propose de me donner une salle \u00e0 c\u00f4t\u00e9 pour que je puisse l\u2019enlever.\u00a0\u00bb<\/p>\n<p class=\"gmail-Paragraph gmail-SCXW162625766 gmail-BCX0\" lang=\"FR-FR\">Apr\u00e8s avoir retir\u00e9 ce corset sous surveillance, il affirme avoir franchi sans difficult\u00e9 le premier portique.\u00a0C\u2019est lors du second contr\u00f4le, \u00e9quivalent \u00e0 un scanner corporel, que la situation se serait tendue.\u00a0\u00ab\u00a0C&rsquo;est comme \u00e0 l&rsquo;a\u00e9roport,\u00a0un portique\u00a0type\u00a0rayon X. Vous \u00eates\u00a0debout\u00a0avec\u00a0les jambes et les bras \u00e9cart\u00e9s et puis on\u00a0vous scanne\u00a0pour voir s&rsquo;il n&rsquo;y a pas quelque chose d&rsquo;anormal sur vous.\u00a0Une surveillante me dit : &lsquo;vous avez quelque chose sur la c\u00f4te \u00e0 gauche&rsquo;. Je lui montre que j&rsquo;ai rien [\u2026] Ensuite, elle me dit : &lsquo;votre pantalon fait des plis.\u00a0Il faut enlever les plis\u00a0du pantalon.&rsquo; On ne\u00a0m&rsquo;a jamais demand\u00e9 \u00e7a \u00e0\u00a0Vendin, pr\u00e9cise le p\u00e9naliste.\u00a0\u00ab\u00a0Donc je d\u00e9plie mon pantalon et\u00a0j&rsquo;appuie pour qu&rsquo;il\u00a0n\u2019y ait\u00a0pas de plis. Je pensais que c&rsquo;\u00e9tait fini, mais\u00a0l\u00e0, elle me dit : &lsquo;non, il y a encore quelque chose au niveau des fesses.'\u00a0\u00bb<\/p>\n<p class=\"gmail-Paragraph gmail-SCXW162625766 gmail-BCX0\" lang=\"FR-FR\">La surveillante lui explique alors qu\u2019au-del\u00e0 de trois d\u00e9tections anormales, l\u2019acc\u00e8s \u00e0 l\u2019\u00e9tablissement \u00e9tait automatiquement refus\u00e9. Une r\u00e8gle que Ma\u00eetre Kamel Aissaoui dit d\u00e9couvrir \u00e0 cette occasion. \u00ab\u00a0Cette r\u00e8gle, je ne la connaissais pas. Cette histoire de &lsquo;vous avez trois chances, sinon on ne vous laisse pas rentrer&rsquo;, je ne l&rsquo;avais jamais vu.\u00a0\u00bb affirme l\u2019avocat,<\/p>\n<p class=\"gmail-Paragraph gmail-SCXW162625766 gmail-BCX0\" lang=\"FR-FR\">Il assure avoir imm\u00e9diatement demand\u00e9 une palpation, comme le permet le statut d\u2019avocat.\u00a0\u00ab\u00a0En tant qu\u2019avocat, on a un droit : on peut demander \u00e0 \u00eatre palp\u00e9s. Ils me disent non. Ils ne veulent pas.\u00a0\u00bb\u00a0<\/p>\n<p>&#13;<br \/>\n<strong>Des tensions, mais pas d\u2019insultes\u00a0<\/strong>&#13;\n<\/p>\n<p class=\"gmail-Paragraph gmail-SCXW162625766 gmail-BCX0\" lang=\"FR-FR\">Contrairement aux informations \u00e9voquant un comportement injurieux, me Aissaoui r\u00e9fute toute violence verbale.\u00a0\u00ab\u00a0Moi, j&rsquo;ai injuri\u00e9 personne. J&rsquo;ai parl\u00e9 calmement et poliment.\u00a0\u00bb<\/p>\n<p class=\"gmail-Paragraph gmail-SCXW162625766 gmail-BCX0\" lang=\"FR-FR\">Il reconna\u00eet toutefois un geste d\u2019\u00e9nervement.\u00a0\u00ab\u00a0Oui, \u00e0 un\u00a0moment je me suis \u00e9nerv\u00e9 et j\u2019ai jet\u00e9 mes baskets par terre. [\u2026] Je ne les ai pas jet\u00e9es sur quelqu&rsquo;un.\u00a0J\u2019\u00e9tais certes vraiment tr\u00e8s \u00e9nerv\u00e9,\u00a0parce que\u00a0d&rsquo;une part, on\u00a0a refus\u00e9 de me fouiller, d&rsquo;autre part\u00a0parce que j&rsquo;ai fait 1200 km pour rien\u00a0et puis surtout parce qu&rsquo;on me traite comme un d\u00e9linquant.\u00a0\u00bb<\/p>\n<p class=\"gmail-Paragraph gmail-SCXW162625766 gmail-BCX0\" lang=\"FR-FR\">L\u2019avocat dit avoir \u00e9t\u00e9 raccompagn\u00e9 vers la sortie par deux surveillants, une proc\u00e9dure qu\u2019il estime classique.\u00a0<\/p>\n<p class=\"gmail-Paragraph gmail-SCXW162625766 gmail-BCX0\" lang=\"FR-FR\">L\u2019avocat lyonnais explique avoir v\u00e9cu ce contr\u00f4le comme une mise en cause personnelle. \u00ab\u00a0J\u2019ai vraiment \u00e9t\u00e9 trait\u00e9 comme un d\u00e9linquant\u00a0\u00bb, estimant que les \u00e9changes avec les surveillants se sont d\u00e9roul\u00e9s dans un climat tendu et empreint de soup\u00e7on. Il assure cependant \u00eatre rest\u00e9 \u00ab\u00a0poli\u00a0\u00bb durant l\u2019ensemble de la proc\u00e9dure, regrettant\u00a0:\u00a0\u00ab\u00a0je pense qu&rsquo;ils avaient d\u00e9j\u00e0\u00a0un a priori\u00a0sur moi\u00a0\u00bb.<\/p>\n<p><strong>Des pr\u00e9c\u00e9dents\u00a0<br \/><\/strong><\/p>\n<p class=\"gmail-Paragraph gmail-SCXW162625766 gmail-BCX0\" lang=\"FR-FR\">Concernant les incidents ant\u00e9rieurs mentionn\u00e9s dans la presse, notamment \u00e0 Bourg-en-Bresse, il conteste toute tentative de dissimulation.\u00a0 \u00ab\u00a0J&rsquo;avais un disque dur qui faisait \u00e9galement routeur, mais sans puce dedans. [\u2026] Si j&rsquo;avais envie de le cacher, je ne l\u2019aurais pas laiss\u00e9\u00a0branch\u00e9\u00a0\u00e0 mon ordinateur et je ne l&rsquo;aurais pas fait passer au scanner. Et puis \u00e0\u00a0quoi la partie modem du disque aurait pu servir \u00e0 Bourg-en-Bresse \u00e9tant donn\u00e9 qu&rsquo;il y a des brouilleurs, on\u00a0ne\u00a0peut\u00a0pas capter dans cette prison\u00a0donc\u00a0\u00e7a ne sert \u00e0 rien.\u00a0J&rsquo;ai m\u00eame demand\u00e9 \u00e0 un surveillant,\u00a0&lsquo;si\u00a0\u00e7a\u00a0vous\u00a0inqui\u00e8te, prenez-le\u00a0ce n&rsquo;est pas\u00a0grave, je travaillerai autrement&rsquo;. Et il me dit &lsquo;non\u00a0non\u00a0gardez-le.'\u00a0\u00bb \u00a0<\/p>\n<p class=\"gmail-Paragraph gmail-SCXW162625766 gmail-BCX0\" lang=\"FR-FR\">\u00c0 propos de la somme d\u2019argent d\u00e9couverte avant un parloir \u00e0 Vendin-le-Vieil, il pr\u00e9cise :\u00a0\u00ab\u00a0Lorsque je\u00a0vais \u00e0\u00a0Vendin-le-Vieil, c&rsquo;est \u00e0 peu pr\u00e8s \u00e0 600 km, pour payer le\u00a0p\u00e9age,\u00a0l&rsquo;essence\u00a0et diff\u00e9rents frais j\u2019ai souvent du liquide sur moi.\u00a0C&rsquo;est encore mon droit. J&rsquo;avais\u00a0donc de l&rsquo;argent \u00a0dans mon blouson,\u00a0je\u00a0devais\u00a0avoir 250 ou 300\u00a0euros et quand je passe mon blouson au scanner, le surveillant me dit: &lsquo;vous avez du liquide sur vous ?&rsquo; Je dis\u00a0:\u00a0\u00a0&lsquo;a\u00a0oui, peut-\u00eatre&rsquo;. Et\u00a0avec\u00a0les\u00a0surveillants, en fait, on en rigole\u00a0parce que je leur laisse et je leur dis :&rsquo;vous n&rsquo;allez pas vous acheter des trucs avec\u00a0etc.&rsquo;\u00a0Ils\u00a0les ont mis\u00a0dans un casier et puis basta\u00a0\u00bb.\u00a0<\/p>\n<p class=\"gmail-Paragraph gmail-SCXW162625766 gmail-BCX0\" lang=\"FR-FR\">Le p\u00e9naliste insiste :\u00a0\u00ab\u00a0Jamais aucune prison n&rsquo;a appel\u00e9 mon b\u00e2tonnier. Je n&rsquo;ai jamais eu aucune sanction.\u00a0C\u2019est mon honneur que je veux racheter\u00a0\u00bb.\u00a0<\/p>\n<p class=\"gmail-Paragraph gmail-SCXW162625766 gmail-BCX0\" lang=\"FR-FR\">Ma\u00eetre Aissaoui conclut en rejetant toute accusation de compromission avec ses clients.\u00a0\u00ab\u00a0La DZ Mafia, comme ils l&rsquo;appellent, ne m&rsquo;a jamais forc\u00e9 \u00e0 faire quoi que ce soit. [\u2026] Ce sont\u00a0des personnes qui\u00a0seront\u00a0jug\u00e9es pour\u00a0leurs actes, je suis fier de les\u00a0d\u00e9fendre\u00a0et je\u00a0rappelle\u00a0qu\u2019ils\u00a0sont\u00a0pr\u00e9sum\u00e9s\u00a0innocents en tout cas.\u00a0\u00bb<\/p>\n<p class=\"gmail-Paragraph gmail-SCXW162625766 gmail-BCX0\" lang=\"FR-FR\">Avant d\u2019ajouter :\u00a0\u00ab\u00a0Un avocat qui rentre des choses illicites en prison, il ne dure pas longtemps dans le m\u00e9tier. Je n\u2019ai pas fait 11 ans d\u2019\u00e9tudes pour faire entrer des trucs illicites en prison.\u00a0\u00bb<\/p>\n","protected":false},"excerpt":{"rendered":"Le 12 d\u00e9cembre dernier, ma\u00eetre Kamel Aissaoui, avocat lyonnais connu pour d\u00e9fendre plusieurs figures du narcotrafic, s\u2019est vu&hellip;\n","protected":false},"author":2,"featured_media":612793,"comment_status":"","ping_status":"","sticky":false,"template":"","format":"standard","meta":{"footnotes":""},"categories":[1889],"tags":[1111,11,2813,2190,2430,1109,251,1112,2811,1777,674,118,1011,27,1922,1110,1114,2428,2810,12,241,316,25,2812,517,800],"class_list":{"0":"post-612792","1":"post","2":"type-post","3":"status-publish","4":"format-standard","5":"has-post-thumbnail","7":"category-lyon","8":"tag-actu","9":"tag-actualites","10":"tag-article","11":"tag-asvel","12":"tag-auvergne-rhone-alpes","13":"tag-breves","14":"tag-culture","15":"tag-depeches","16":"tag-economique","17":"tag-eu","18":"tag-europe","19":"tag-faits-divers","20":"tag-fr","21":"tag-france","22":"tag-info","23":"tag-informations","24":"tag-infos","25":"tag-lyon","26":"tag-lyonmag","27":"tag-news","28":"tag-ol","29":"tag-politique","30":"tag-republique-francaise","31":"tag-sociale","32":"tag-sport","33":"tag-transports"},"share_on_mastodon":{"url":"https:\/\/pubeurope.com\/@fr\/115754847783067838","error":""},"_links":{"self":[{"href":"https:\/\/www.europesays.com\/fr\/wp-json\/wp\/v2\/posts\/612792","targetHints":{"allow":["GET"]}}],"collection":[{"href":"https:\/\/www.europesays.com\/fr\/wp-json\/wp\/v2\/posts"}],"about":[{"href":"https:\/\/www.europesays.com\/fr\/wp-json\/wp\/v2\/types\/post"}],"author":[{"embeddable":true,"href":"https:\/\/www.europesays.com\/fr\/wp-json\/wp\/v2\/users\/2"}],"replies":[{"embeddable":true,"href":"https:\/\/www.europesays.com\/fr\/wp-json\/wp\/v2\/comments?post=612792"}],"version-history":[{"count":0,"href":"https:\/\/www.europesays.com\/fr\/wp-json\/wp\/v2\/posts\/612792\/revisions"}],"wp:featuredmedia":[{"embeddable":true,"href":"https:\/\/www.europesays.com\/fr\/wp-json\/wp\/v2\/media\/612793"}],"wp:attachment":[{"href":"https:\/\/www.europesays.com\/fr\/wp-json\/wp\/v2\/media?parent=612792"}],"wp:term":[{"taxonomy":"category","embeddable":true,"href":"https:\/\/www.europesays.com\/fr\/wp-json\/wp\/v2\/categories?post=612792"},{"taxonomy":"post_tag","embeddable":true,"href":"https:\/\/www.europesays.com\/fr\/wp-json\/wp\/v2\/tags?post=612792"}],"curies":[{"name":"wp","href":"https:\/\/api.w.org\/{rel}","templated":true}]}}