{"id":612796,"date":"2025-12-21T01:02:20","date_gmt":"2025-12-21T01:02:20","guid":{"rendered":"https:\/\/www.europesays.com\/fr\/612796\/"},"modified":"2025-12-21T01:02:20","modified_gmt":"2025-12-21T01:02:20","slug":"spras-a-le-souci-de-ses-empreintes-environnementale-et-numerique","status":"publish","type":"post","link":"https:\/\/www.europesays.com\/fr\/612796\/","title":{"rendered":"Spras a le souci de ses empreintes environnementale et num\u00e9rique"},"content":{"rendered":"<p class=\"c-paragraph\">J\u2019ai toujours voulu rejoindre l\u2019entreprise familiale, souligne Flavien R\u00e9mi (35 ans), qui a pris les r\u00eanes de Spras en 2023, succ\u00e9dant \u00e0 son p\u00e8re, Alain, aux c\u00f4t\u00e9s duquel, ses dipl\u00f4mes en poche, il a travaill\u00e9 une dizaine d\u2019ann\u00e9es. Au fil du temps, la soci\u00e9t\u00e9 fond\u00e9e en 1983 s\u2019est diversifi\u00e9e : \u00e0 la peinture (70 % de l\u2019activit\u00e9) se sont ajout\u00e9s les sols souples, le carrelage, la plomberie\u2026 Une dizaine de donneurs d\u2019ordres g\u00e9n\u00e8rent 80 % du chiffre d\u2019affaires, parmi lesquels la SNCF, client historique, la RATP ou Esso.<\/p>\n<p class=\"c-paragraph\">Sur ses chantiers, Spras, en plus de sa vingtaine de compagnons, fait parfois appel \u00e0 des artisans. \u00ab La v\u00e9rification des pi\u00e8ces administratives des sous-traitants prend beaucoup de temps. Nous testons une plateforme g\u00e9r\u00e9e par l\u2019IA afin d\u2019automatiser toutes les relances \u00bb, annonce Flavien R\u00e9mi, qui s\u2019int\u00e9resse aussi aux r\u00e9seaux sociaux. Le jeune patron incite ainsi ses charg\u00e9s d\u2019affaires \u00e0 publier des posts LinkedIn pour \u00ab valoriser les chantiers de l\u2019entreprise \u00bb.<\/p>\n<p>Focus sur la relation client<\/p>\n<p class=\"c-paragraph\">D\u00e9j\u00e0 certifi\u00e9e EcoVadis, Spras a r\u00e9cemment r\u00e9alis\u00e9 un bilan carbone qu\u2019elle compte bien am\u00e9liorer. Elle a d\u00e9j\u00e0 form\u00e9 ses salari\u00e9s \u00e0 l\u2019\u00e9co-conduite, renouvel\u00e9 une partie de sa flotte automobile, r\u00e9nov\u00e9 ses locaux\u2026 et m\u00eame supprim\u00e9 tous les gobelets en carton en s\u2019\u00e9quipant d\u2019un lave-verre. Dans l\u2019imm\u00e9diat, la priorit\u00e9 de Flavien R\u00e9mi est de traverser \u00ab cette passe difficile pour le secteur du b\u00e2timent \u00bb Pour cela, \u00ab il faut bien s\u00fbr fournir un service de qualit\u00e9 et se d\u00e9marquer de ses concurrents. Mais il faut avant tout privil\u00e9gier la relation avec le client \u00bb, conclut-il.<\/p>\n<p><img decoding=\"async\" data-chromatic=\"ignore\" alt=\"Ile-de-France : Spras a le souci de ses empreintes environnementale et num&#xE9;rique\" class=\"c-image\" loading=\"lazy\" src=\"https:\/\/www.europesays.com\/fr\/wp-content\/uploads\/2025\/12\/EWAQTOHU4RGZRLA3JMBJAESPUU.jpg\"  width=\"800\" height=\"820\"\/>Spras <\/p>\n","protected":false},"excerpt":{"rendered":"J\u2019ai toujours voulu rejoindre l\u2019entreprise familiale, souligne Flavien R\u00e9mi (35 ans), qui a pris les r\u00eanes de Spras&hellip;\n","protected":false},"author":2,"featured_media":612797,"comment_status":"","ping_status":"","sticky":false,"template":"","format":"standard","meta":{"footnotes":""},"categories":[1592],"tags":[1111,11,1771,72327,1777,674,1011,27,662,12,626,72328,25,72371,7333],"class_list":{"0":"post-612796","1":"post","2":"type-post","3":"status-publish","4":"format-standard","5":"has-post-thumbnail","7":"category-ile-de-france","8":"tag-actu","9":"tag-actualites","10":"tag-btp","11":"tag-entreprises-de-batiment","12":"tag-eu","13":"tag-europe","14":"tag-fr","15":"tag-france","16":"tag-ile-de-france","17":"tag-news","18":"tag-paris","19":"tag-prix-moniteur-de-la-construction","20":"tag-republique-francaise","21":"tag-second-oeuvre","22":"tag-vie-du-btp"},"share_on_mastodon":{"url":"https:\/\/pubeurope.com\/@fr\/115754864106046839","error":""},"_links":{"self":[{"href":"https:\/\/www.europesays.com\/fr\/wp-json\/wp\/v2\/posts\/612796","targetHints":{"allow":["GET"]}}],"collection":[{"href":"https:\/\/www.europesays.com\/fr\/wp-json\/wp\/v2\/posts"}],"about":[{"href":"https:\/\/www.europesays.com\/fr\/wp-json\/wp\/v2\/types\/post"}],"author":[{"embeddable":true,"href":"https:\/\/www.europesays.com\/fr\/wp-json\/wp\/v2\/users\/2"}],"replies":[{"embeddable":true,"href":"https:\/\/www.europesays.com\/fr\/wp-json\/wp\/v2\/comments?post=612796"}],"version-history":[{"count":0,"href":"https:\/\/www.europesays.com\/fr\/wp-json\/wp\/v2\/posts\/612796\/revisions"}],"wp:featuredmedia":[{"embeddable":true,"href":"https:\/\/www.europesays.com\/fr\/wp-json\/wp\/v2\/media\/612797"}],"wp:attachment":[{"href":"https:\/\/www.europesays.com\/fr\/wp-json\/wp\/v2\/media?parent=612796"}],"wp:term":[{"taxonomy":"category","embeddable":true,"href":"https:\/\/www.europesays.com\/fr\/wp-json\/wp\/v2\/categories?post=612796"},{"taxonomy":"post_tag","embeddable":true,"href":"https:\/\/www.europesays.com\/fr\/wp-json\/wp\/v2\/tags?post=612796"}],"curies":[{"name":"wp","href":"https:\/\/api.w.org\/{rel}","templated":true}]}}