{"id":612798,"date":"2025-12-21T01:03:21","date_gmt":"2025-12-21T01:03:21","guid":{"rendered":"https:\/\/www.europesays.com\/fr\/612798\/"},"modified":"2025-12-21T01:03:21","modified_gmt":"2025-12-21T01:03:21","slug":"la-video-dun-homme-mis-ko-lors-dune-bagarre-au-metro-stalingrad-a-paris-devient-virale-un-suspect-interpelle","status":"publish","type":"post","link":"https:\/\/www.europesays.com\/fr\/612798\/","title":{"rendered":"La vid\u00e9o d\u2019un homme mis KO lors d\u2019une bagarre au m\u00e9tro Stalingrad \u00e0 Paris devient virale, un suspect interpell\u00e9"},"content":{"rendered":"<p>\n    La sc\u00e8ne, dont la date n\u2019a pas pu \u00eatre \u00e9tablie, a \u00e9t\u00e9 visionn\u00e9e plus d\u2019un million de fois sur le r\u00e9seau X. Une enqu\u00eate est en cours.<\/p>\n<p class=\"fig-paragraph\">La vid\u00e9o, d\u2019une rare violence, a \u00e9t\u00e9 mise en ligne vendredi 19 d\u00e9cembre et visionn\u00e9e plus d\u2019un million de fois sur le r\u00e9seau social X. La sc\u00e8ne se d\u00e9roule sur\u00a0<a href=\"http:\/\/www.lefigaro.fr\/faits-divers\/paris-trois-femmes-volees-sous-la-menace-d-un-couteau-frappees-et-agressees-sexuellement-dans-le-metro-20251208\" target=\"_blank\" data-fig-type=\"NewsFlash\" rel=\"noopener\" data-gtm-custom-categorie=\"navigation\" data-gtm-custom-action=\"crossclick\" data-gtm-custom-label=\"Contextuel\" data-gtm-event=\"customEventSPE\" data-fig-domain=\"LEFIGARO\">le quai du m\u00e9tro<\/a>\u00a0Stalingrad, \u00e0 Paris. Une altercation semble \u00e9clater entre un homme v\u00eatu d\u2019une doudoune et un autre individu aux allures de marginal. Ce dernier porte d\u2019un long manteau vert kaki et n\u2019a qu\u2019une seule chaussure aux pieds.<\/p>\n<p class=\"fig-paragraph\">Pour une raison inconnue, l\u2019homme \u00e0 la doudoune tente de lui donner un coup de pied, puis marche vers lui. L\u2019homme au manteau vert se met alors \u00e0 avancer \u00e0 reculons sur le quai, d\u2019un air assur\u00e9 et sans quitter des yeux celui qui s\u2019avance dans sa direction. Puis, apr\u00e8s quelques m\u00e8tres, il lui ass\u00e8ne un violent coup de poing. L\u2019homme \u00e0 la doudoune se retrouve KO et s\u2019\u00e9croule, avant de parvenir \u00e0 s\u2019asseoir sur un si\u00e8ge du quai, tandis que l\u2019auteur prend la fuite.<\/p>\n<p>                                            <a class=\"fig-a11y-skip\" href=\"#fig-a11y-skip-main-inarticle\" data-module=\"a11y-skip\" data-context=\"was @visible\"><br \/>\n    Passer la publicit\u00e9<br \/>\n<\/a>            <\/p>\n<p class=\"fig-paragraph\">\u00abUne enqu\u00eate pr\u00e9liminaire est en cours\u00bb, indique au Figaro le parquet de Paris, tout en pr\u00e9cisant que \u00ables faits ne peuvent \u00eatre dat\u00e9s avec certitude\u00bb. Un suspect, interpell\u00e9 vendredi, a \u00e9t\u00e9 entendu librement. Les investigations se poursuivent, ajoute le minist\u00e8re public.<\/p>\n","protected":false},"excerpt":{"rendered":"La sc\u00e8ne, dont la date n\u2019a pas pu \u00eatre \u00e9tablie, a \u00e9t\u00e9 visionn\u00e9e plus d\u2019un million de fois&hellip;\n","protected":false},"author":2,"featured_media":612799,"comment_status":"","ping_status":"","sticky":false,"template":"","format":"standard","meta":{"footnotes":""},"categories":[1888],"tags":[1111,1928,11,1927,1120,10737,1777,674,1011,27,4047,12,1926,626,1925,25],"class_list":{"0":"post-612798","1":"post","2":"type-post","3":"status-publish","4":"format-standard","5":"has-post-thumbnail","7":"category-paris","8":"tag-actu","9":"tag-actu-paris","10":"tag-actualites","11":"tag-actualites-paris","12":"tag-agression","13":"tag-bagarre","14":"tag-eu","15":"tag-europe","16":"tag-fr","17":"tag-france","18":"tag-metro","19":"tag-news","20":"tag-news-paris","21":"tag-paris","22":"tag-paris-news","23":"tag-republique-francaise"},"share_on_mastodon":{"url":"https:\/\/pubeurope.com\/@fr\/115754867341325753","error":""},"_links":{"self":[{"href":"https:\/\/www.europesays.com\/fr\/wp-json\/wp\/v2\/posts\/612798","targetHints":{"allow":["GET"]}}],"collection":[{"href":"https:\/\/www.europesays.com\/fr\/wp-json\/wp\/v2\/posts"}],"about":[{"href":"https:\/\/www.europesays.com\/fr\/wp-json\/wp\/v2\/types\/post"}],"author":[{"embeddable":true,"href":"https:\/\/www.europesays.com\/fr\/wp-json\/wp\/v2\/users\/2"}],"replies":[{"embeddable":true,"href":"https:\/\/www.europesays.com\/fr\/wp-json\/wp\/v2\/comments?post=612798"}],"version-history":[{"count":0,"href":"https:\/\/www.europesays.com\/fr\/wp-json\/wp\/v2\/posts\/612798\/revisions"}],"wp:featuredmedia":[{"embeddable":true,"href":"https:\/\/www.europesays.com\/fr\/wp-json\/wp\/v2\/media\/612799"}],"wp:attachment":[{"href":"https:\/\/www.europesays.com\/fr\/wp-json\/wp\/v2\/media?parent=612798"}],"wp:term":[{"taxonomy":"category","embeddable":true,"href":"https:\/\/www.europesays.com\/fr\/wp-json\/wp\/v2\/categories?post=612798"},{"taxonomy":"post_tag","embeddable":true,"href":"https:\/\/www.europesays.com\/fr\/wp-json\/wp\/v2\/tags?post=612798"}],"curies":[{"name":"wp","href":"https:\/\/api.w.org\/{rel}","templated":true}]}}