{"id":612800,"date":"2025-12-21T01:04:18","date_gmt":"2025-12-21T01:04:18","guid":{"rendered":"https:\/\/www.europesays.com\/fr\/612800\/"},"modified":"2025-12-21T01:04:18","modified_gmt":"2025-12-21T01:04:18","slug":"dans-les-coulisses-des-cabarets-parisiens-qui-enchantent-les-fetes-de-fin-dannee","status":"publish","type":"post","link":"https:\/\/www.europesays.com\/fr\/612800\/","title":{"rendered":"dans les coulisses des cabarets parisiens qui enchantent les f\u00eates de fin d\u2019ann\u00e9e"},"content":{"rendered":"<p data-module=\"standfirst\" data-context=\"@media (min-width:48em)\">\n    <strong>REPORTAGE<\/strong> &#8211; Plumes, paillettes, cancan&#8230; Le cabaret, genre artistique plus que centenaire, redouble de cr\u00e9ativit\u00e9 pour perdurer en se modernisant et attirer un public plus jeune. Le Figaro s\u2019est immisc\u00e9 derri\u00e8re le rideau des grandes institutions de la capitale.<\/p>\n<p class=\"fig-paragraph fig-paragraph--dropped\">Le r\u00eave des strass, des costumes extravagants et l\u2019exaltation des corps parfaits habilement d\u00e9nud\u00e9s&#8230; C\u2019est \u00e7a\u00a0<a href=\"http:\/\/www.lefigaro.fr\/culture\/rachida-dati-annonce-plusieurs-mesures-pour-soutenir-la-reconnaissance-du-cabaret-20250121\" data-fig-type=\"NewsFlash\" data-gtm-custom-categorie=\"navigation\" data-gtm-custom-action=\"crossclick\" data-gtm-custom-label=\"Contextuel\" data-gtm-event=\"customEventSPE\" data-fig-domain=\"LEFIGARO\" target=\"_blank\" rel=\"noopener\">le cabaret<\/a>, un monde irr\u00e9el o\u00f9 tout est f\u00e9erie. Une tradition fran\u00e7aise qui fascine depuis plus de 150 ans. Cette habilet\u00e9 \u00e0 m\u00ealer nudit\u00e9 &#8211; jamais vulgaire -, travestissement, num\u00e9ros circassiens et mise en sc\u00e8ne joyeuse, rel\u00e8ve d\u2019un savoir-faire h\u00e9rit\u00e9 de La Goulue et de\u00a0<a href=\"https:\/\/www.lefigaro.fr\/histoire\/archives\/2016\/01\/04\/26010-20160104ARTFIG00257-mistinguett-par-cocteau-une-ame-haute-savante-modeste-incomparable.php\" data-fig-type=\"Article\" data-gtm-custom-categorie=\"navigation\" data-gtm-custom-action=\"crossclick\" data-gtm-custom-label=\"Contextuel\" data-gtm-event=\"customEventSPE\" data-fig-domain=\"LEFIGARO\" target=\"_blank\" rel=\"noopener\">Mistinguett<\/a>. M\u00eame si, \u00e0 certaines \u00e9poques, la client\u00e8le fran\u00e7aise a snob\u00e9 ces plaisirs, les laissant aux touristes internationaux, on observe un retour croissant des jeunes Parisiens et provinciaux, courtis\u00e9s par des prix plus attractifs.<\/p>\n<p class=\"fig-paragraph fig-paragraph--dropped\">Malgr\u00e9 cela, la production des revues co\u00fbte cher et certaines maisons, comme les Folies Berg\u00e8re ou le Lido, se sont reconverties en salles de spectacle. Mais celles qui r\u00e9sistent affichent presque complet en p\u00e9riode de f\u00eates. Au m\u00eame titre que le spectacle vivant, le cabaret semble retrouver ses lettres de noblesse. Est-ce \u00e0 dire que ce divertissement pourrait bient\u00f4t devenir\u2026<\/p>\n<p class=\"fig-premium-paywall__infos\">\n        Cet article est r\u00e9serv\u00e9 aux abonn\u00e9s.        Il vous reste 89% \u00e0 d\u00e9couvrir.\n    <\/p>\n<p>                <img  data- alt=\"Le Figaro\" class=\"fig-img--complete fig-img\"\/><\/p>\n<p class=\"fig-premium-paywall__title\">Vous avez envie de lire la suite ?<\/p>\n<p class=\"fig-premium-paywall__subtitle\">D\u00e9bloquez tous les articles imm\u00e9diatement.<\/p>\n<p class=\"fig-premium-paywall__connect\">\n                D\u00e9j\u00e0 abonn\u00e9\u00a0?                <a class=\"fig-premium-paywall__connect-link\" href=\"https:\/\/connect.lefigaro.fr\/login?client=horizon_web&amp;type=main&amp;redirect_uri=https%3A%2F%2Fwww.lefigaro.fr%2Flifestyle%2Fmoulin-rouge-crazy-horse-paradis-latin-dans-les-coulisses-des-cabarets-parisiens-qui-enchantent-les-fetes-de-fin-d-annee-20251220\" data-js-gtm=\"{&quot;customCategorie&quot;: &quot;conversion&quot;, &quot;customAction&quot;: &quot;before_Landing_Connexion_paywall_auto&quot;, &quot;customLabel&quot;: &quot;bGVmaWdhcm8uZnJfXzFmMGRiNWQ4LTMwMmUtNmIwNC04Yjc0LWM3Njc3MDgwNDNjZl9fQXJ0aWNsZQ==_Moulin Rouge, Crazy Horse, Paradis Latin\u00a0: dans les coulisses des cabarets parisiens qui enchantent les f\u00eates de fin d\u2019ann\u00e9e_377&quot;, &quot;customIDSPE&quot;: &quot;bGVmaWdhcm8uZnJfXzFmMGRiNWQ4LTMwMmUtNmIwNC04Yjc0LWM3Njc3MDgwNDNjZl9fQXJ0aWNsZQ==&quot;, &quot;event&quot;: &quot;customEventSPE&quot;}\" target=\"_blank\" rel=\"noopener\"><br \/>\n                    Connectez-vous<br \/>\n                <\/a>\n            <\/p>\n","protected":false},"excerpt":{"rendered":"REPORTAGE &#8211; Plumes, paillettes, cancan&#8230; Le cabaret, genre artistique plus que centenaire, redouble de cr\u00e9ativit\u00e9 pour perdurer en&hellip;\n","protected":false},"author":2,"featured_media":612801,"comment_status":"","ping_status":"","sticky":false,"template":"","format":"standard","meta":{"footnotes":""},"categories":[1888],"tags":[1111,1928,11,1927,1777,674,1011,27,38389,12,1926,626,1925,25],"class_list":{"0":"post-612800","1":"post","2":"type-post","3":"status-publish","4":"format-standard","5":"has-post-thumbnail","7":"category-paris","8":"tag-actu","9":"tag-actu-paris","10":"tag-actualites","11":"tag-actualites-paris","12":"tag-eu","13":"tag-europe","14":"tag-fr","15":"tag-france","16":"tag-moulin-rouge","17":"tag-news","18":"tag-news-paris","19":"tag-paris","20":"tag-paris-news","21":"tag-republique-francaise"},"share_on_mastodon":{"url":"https:\/\/pubeurope.com\/@fr\/115754871409099613","error":""},"_links":{"self":[{"href":"https:\/\/www.europesays.com\/fr\/wp-json\/wp\/v2\/posts\/612800","targetHints":{"allow":["GET"]}}],"collection":[{"href":"https:\/\/www.europesays.com\/fr\/wp-json\/wp\/v2\/posts"}],"about":[{"href":"https:\/\/www.europesays.com\/fr\/wp-json\/wp\/v2\/types\/post"}],"author":[{"embeddable":true,"href":"https:\/\/www.europesays.com\/fr\/wp-json\/wp\/v2\/users\/2"}],"replies":[{"embeddable":true,"href":"https:\/\/www.europesays.com\/fr\/wp-json\/wp\/v2\/comments?post=612800"}],"version-history":[{"count":0,"href":"https:\/\/www.europesays.com\/fr\/wp-json\/wp\/v2\/posts\/612800\/revisions"}],"wp:featuredmedia":[{"embeddable":true,"href":"https:\/\/www.europesays.com\/fr\/wp-json\/wp\/v2\/media\/612801"}],"wp:attachment":[{"href":"https:\/\/www.europesays.com\/fr\/wp-json\/wp\/v2\/media?parent=612800"}],"wp:term":[{"taxonomy":"category","embeddable":true,"href":"https:\/\/www.europesays.com\/fr\/wp-json\/wp\/v2\/categories?post=612800"},{"taxonomy":"post_tag","embeddable":true,"href":"https:\/\/www.europesays.com\/fr\/wp-json\/wp\/v2\/tags?post=612800"}],"curies":[{"name":"wp","href":"https:\/\/api.w.org\/{rel}","templated":true}]}}