{"id":612804,"date":"2025-12-21T01:06:14","date_gmt":"2025-12-21T01:06:14","guid":{"rendered":"https:\/\/www.europesays.com\/fr\/612804\/"},"modified":"2025-12-21T01:06:14","modified_gmt":"2025-12-21T01:06:14","slug":"previsions-du-dimanche-21-decembre-2025-3","status":"publish","type":"post","link":"https:\/\/www.europesays.com\/fr\/612804\/","title":{"rendered":"pr\u00e9visions du dimanche 21 d\u00e9cembre 2025"},"content":{"rendered":"<p>Les nuages \u00e0 pr\u00e9voir aujourd&rsquo;hui, \u00e0 Paris, et un ciel encore maussade. De la pluie va tomber. Les temp\u00e9ratures seront de 9\u00b0C au plus bas et de 11\u00b0C au plus haut. Un vent de sud-est soufflera un peu, avec 11 km\/h. Le matin, le thermom\u00e8tre affichera 10\u00b0C en moyenne. L&rsquo;apr\u00e8s-midi, toujours des nuages dans le ciel qui emp\u00eachent le soleil de faire son apparition. Les valeurs s&rsquo;\u00e9chelonneront entre 10\u00b0C et 11\u00b0C. La soir\u00e9e va rester grise \u00e0 cause de nuages qui se maintiennent dans le ciel. Il faudra pr\u00e9voir des perturbations, les Parisiens se retrouveront sous de la pluie. Les temp\u00e9ratures seront de 11\u00b0C. Entre dimanche et lundi, la nuit sera claire.<\/p>\n<p>Demain, le vent va progressivement \u00e9loigner les nuages \u00e0 Paris. Une chute du mercure est \u00e0 craindre. On pr\u00e9voit des temp\u00e9ratures d&rsquo;environ 9\u00b0C. Un petit vent de nord-est sera ressenti par les habitants. Les valeurs s&rsquo;\u00e9chelonneront de 9 \u00e0 10\u00b0C sur l&rsquo;ensemble de la matin\u00e9e. Les temp\u00e9ratures seront comprises entre 9 et 11\u00b0C demain apr\u00e8s-midi. Le ciel sera relativement lumineux, avec quelques \u00e9claircies demain soir. Les valeurs afficheront entre 8 et 9\u00b0C.<\/p>\n<p>La m\u00e9t\u00e9o restera stable les jours \u00e0 venir. Il fera 3\u00b0C en moyenne pour des journ\u00e9es avec une m\u00e9t\u00e9o ensoleill\u00e9e.<\/p>\n<p><\/p>\n","protected":false},"excerpt":{"rendered":"Les nuages \u00e0 pr\u00e9voir aujourd&rsquo;hui, \u00e0 Paris, et un ciel encore maussade. De la pluie va tomber. Les&hellip;\n","protected":false},"author":2,"featured_media":612805,"comment_status":"","ping_status":"","sticky":false,"template":"","format":"standard","meta":{"footnotes":""},"categories":[1888],"tags":[11,1777,674,1011,27,12,626,2119,25],"class_list":{"0":"post-612804","1":"post","2":"type-post","3":"status-publish","4":"format-standard","5":"has-post-thumbnail","7":"category-paris","8":"tag-actualites","9":"tag-eu","10":"tag-europe","11":"tag-fr","12":"tag-france","13":"tag-news","14":"tag-paris","15":"tag-previsions-meteo","16":"tag-republique-francaise"},"share_on_mastodon":{"url":"https:\/\/pubeurope.com\/@fr\/115754879183235391","error":""},"_links":{"self":[{"href":"https:\/\/www.europesays.com\/fr\/wp-json\/wp\/v2\/posts\/612804","targetHints":{"allow":["GET"]}}],"collection":[{"href":"https:\/\/www.europesays.com\/fr\/wp-json\/wp\/v2\/posts"}],"about":[{"href":"https:\/\/www.europesays.com\/fr\/wp-json\/wp\/v2\/types\/post"}],"author":[{"embeddable":true,"href":"https:\/\/www.europesays.com\/fr\/wp-json\/wp\/v2\/users\/2"}],"replies":[{"embeddable":true,"href":"https:\/\/www.europesays.com\/fr\/wp-json\/wp\/v2\/comments?post=612804"}],"version-history":[{"count":0,"href":"https:\/\/www.europesays.com\/fr\/wp-json\/wp\/v2\/posts\/612804\/revisions"}],"wp:featuredmedia":[{"embeddable":true,"href":"https:\/\/www.europesays.com\/fr\/wp-json\/wp\/v2\/media\/612805"}],"wp:attachment":[{"href":"https:\/\/www.europesays.com\/fr\/wp-json\/wp\/v2\/media?parent=612804"}],"wp:term":[{"taxonomy":"category","embeddable":true,"href":"https:\/\/www.europesays.com\/fr\/wp-json\/wp\/v2\/categories?post=612804"},{"taxonomy":"post_tag","embeddable":true,"href":"https:\/\/www.europesays.com\/fr\/wp-json\/wp\/v2\/tags?post=612804"}],"curies":[{"name":"wp","href":"https:\/\/api.w.org\/{rel}","templated":true}]}}