{"id":612810,"date":"2025-12-21T01:09:17","date_gmt":"2025-12-21T01:09:17","guid":{"rendered":"https:\/\/www.europesays.com\/fr\/612810\/"},"modified":"2025-12-21T01:09:17","modified_gmt":"2025-12-21T01:09:17","slug":"le-venezuela-accuse-les-etats-unis-du-vol-dun-second-petrolier-lexpress","status":"publish","type":"post","link":"https:\/\/www.europesays.com\/fr\/612810\/","title":{"rendered":"Le Venezuela accuse les Etats-Unis du \u00ab\u00a0vol\u00a0\u00bb d&rsquo;un second p\u00e9trolier \u2013 L&rsquo;Express"},"content":{"rendered":"<p class=\"paragraph article-body-paragraph article__item   article-body-paragraph--first \">En d\u00e9but de semaine, le pr\u00e9sident am\u00e9ricain Donald Trump a annonc\u00e9 la mise en place d&rsquo;un blocus total contre des p\u00e9troliers sous sanctions se rendant ou partant du Venezuela. Il a m\u00eame d\u00e9clar\u00e9 vendredi qu&rsquo;il n&rsquo;excluait pas une guerre avec ce pays p\u00e9trolier d&rsquo;Am\u00e9rique du Sud, b\u00eate noire des Etats-Unis depuis des d\u00e9cennies.<\/p>\n<p class=\"paragraph article-body-paragraph article__item   \">L&rsquo;administration Trump est soup\u00e7onn\u00e9e de chercher \u00e0 faire partir le pr\u00e9sident socialiste Maduro, qu&rsquo;elle accuse d&rsquo;\u00eatre \u00e0 la t\u00eate d&rsquo;un r\u00e9seau de trafiquants de drogues.<\/p>\n<p class=\"paragraph article-body-paragraph article__item   \">Lors d&rsquo;une op\u00e9ration men\u00e9e avant l&rsquo;aube ce matin du 20 d\u00e9cembre, les garde-c\u00f4tes am\u00e9ricains, avec le soutien du minist\u00e8re de la Guerre (le Pentagone, NDLR), ont intercept\u00e9 un p\u00e9trolier qui avait accost\u00e9 pour la derni\u00e8re fois au Venezuela, a annonc\u00e9 sur X la ministre am\u00e9ricaine de la S\u00e9curit\u00e9 int\u00e9rieure, Kristi Noem.<\/p>\n<p class=\"paragraph article-body-paragraph article__item   \">Son message est accompagn\u00e9 d&rsquo;une vid\u00e9o de pr\u00e8s de huit minutes avec des prises de vue a\u00e9riennes montrant un h\u00e9licopt\u00e8re au-dessus du pont d&rsquo;un p\u00e9trolier en mer et un soldat y d\u00e9barquant.<\/p>\n<p> Narcoterrorisme <img decoding=\"async\" src=\"https:\/\/www.europesays.com\/fr\/wp-content\/uploads\/2025\/12\/DCNSNP3D6ZBJ5EAGWGLXCTFLFE.jpg\" class=\"image-with-legend__cover-img\" alt=\"Le pr\u00e9sident v\u00e9n\u00e9zu\u00e9lien Nicolas Maduro et son \u00e9pouse Cilia Flores, le 10 d\u00e9cembre 2025 \u00e0 Caracas\" width=\"883\" height=\"0\" loading=\"lazy\"\/><\/p>\n<p class=\"image-with-legend__legend\">Le pr\u00e9sident v\u00e9n\u00e9zu\u00e9lien Nicolas Maduro et son \u00e9pouse Cilia Flores, le 10 d\u00e9cembre 2025 \u00e0 Caracas<\/p>\n<p class=\"image-with-legend__credits\"> \u00a9  \/ afp.com\/Federico PARRA<\/p>\n<p class=\"paragraph article-body-paragraph article__item   \">Les Etats-Unis continueront de traquer le flux ill\u00e9gal de p\u00e9trole sous sanctions qui sert \u00e0 financer le narcoterrorisme dans la r\u00e9gion, a martel\u00e9 Mme Noem, une fid\u00e8le de Donald Trump.<\/p>\n<p class=\"paragraph article-body-paragraph article__item   \">Selon le New York Times, le navire saisi samedi bat pavillon panam\u00e9en et transporte du p\u00e9trole v\u00e9n\u00e9zu\u00e9lien appartenant \u00e0 une compagnie chinoise.<\/p>\n<p class=\"paragraph article-body-paragraph article__item   \">Le Venezuela d\u00e9nonce et rejette cat\u00e9goriquement le vol et l&rsquo;enl\u00e8vement d\u2019un nouveau navire priv\u00e9 transportant du p\u00e9trole v\u00e9n\u00e9zu\u00e9lien, ainsi que la disparition forc\u00e9e de son \u00e9quipage, actes commis par des militaires des Etats-Unis, a tonn\u00e9 le gouvernement dans un communiqu\u00e9 samedi.<\/p>\n<p class=\"paragraph article-body-paragraph article__item   \">Les forces am\u00e9ricaines avaient d\u00e9j\u00e0 saisi le 10 d\u00e9cembre un p\u00e9trolier au large du Venezuela, une op\u00e9ration qualifi\u00e9e de piraterie navale par Nicolas Maduro.<\/p>\n<p class=\"paragraph article-body-paragraph article__item   \">Caracas a assur\u00e9 que ces actes ne resteraient pas impunis, et a promis d&rsquo;exercer toutes les actions (ad\u00e9quates), y compris la d\u00e9nonciation devant le Conseil de s\u00e9curit\u00e9 des Nations Unies, d&rsquo;autres organismes multilat\u00e9raux et les gouvernements du monde.<\/p>\n<p> Embargo am\u00e9ricain <img decoding=\"async\" src=\"https:\/\/www.europesays.com\/fr\/wp-content\/uploads\/2025\/12\/ZFE2SH6JXRCMROP33GKRIYQOFQ.jpg\" class=\"image-with-legend__cover-img\" alt=\"Des p\u00e9troliers \u00e0 l'ancre pr\u00e8s de Maracaibo, au Venezuela, le 17 d\u00e9cembre 2025\" width=\"883\" height=\"0\" loading=\"lazy\"\/><\/p>\n<p class=\"image-with-legend__legend\">Des p\u00e9troliers \u00e0 l&rsquo;ancre pr\u00e8s de Maracaibo, au Venezuela, le 17 d\u00e9cembre 2025<\/p>\n<p class=\"image-with-legend__credits\"> \u00a9  \/ afp.com\/Alejandro Paredes<\/p>\n<p class=\"paragraph article-body-paragraph article__item   \">Soumis \u00e0 un embargo am\u00e9ricain depuis 2019, le p\u00e9trole v\u00e9n\u00e9zu\u00e9lien est \u00e9coul\u00e9 sur le march\u00e9 noir \u00e0 des prix inf\u00e9rieurs et \u00e0 destination notamment de la Chine.<\/p>\n<p class=\"paragraph article-body-paragraph article__item   \">Caracas d\u00e9ment toute implication dans le trafic de drogue et assure que Washington cherche \u00e0 renverser le pr\u00e9sident Maduro pour s&#8217;emparer des r\u00e9serves p\u00e9troli\u00e8res du pays.<\/p>\n<p class=\"paragraph article-body-paragraph article__item   \">Pour justifier le blocus, Donald Trump affirme que le Venezuela se sert de l&rsquo;or noir pour financer le narcoterrorisme, la traite d&rsquo;\u00eatres humains, les meurtres et les enl\u00e8vements.<\/p>\n<p class=\"paragraph article-body-paragraph article__item   \">Il a \u00e9galement assur\u00e9 cette semaine que le Venezuela avait vol\u00e9 du p\u00e9trole et des terres appartenant aux Etats-Unis, sans \u00e9tayer cette accusation qui semble li\u00e9e \u00e0 la nationalisation de l&rsquo;industrie p\u00e9troli\u00e8re v\u00e9n\u00e9zu\u00e9lienne dans les ann\u00e9es 1970 et \u00e0 l&rsquo;obligation impos\u00e9e aux majors \u00e9trang\u00e8res pr\u00e9sentes dans le pays de travailler au sein d&rsquo;entreprises mixtes contr\u00f4l\u00e9es par PDVSA.<\/p>\n<p class=\"paragraph article-body-paragraph article__item   \">Les Etats-Unis ont d\u00e9ploy\u00e9 depuis cet \u00e9t\u00e9 un important dispositif militaire dans les Cara\u00efbes, et bombard\u00e9 des embarcations en provenance du Venezuela au nom de la lutte contre le trafic de drogues, des op\u00e9rations \u00e0 la l\u00e9galit\u00e9 mise en doute par des experts, ONG et responsables des Nations unies.<\/p>\n<p class=\"paragraph article-body-paragraph article__item   \">Ces op\u00e9rations ont tu\u00e9 au moins 104 personnes dans les Cara\u00efbes et le Pacifique, sans que Washington ne fournisse la moindre preuve que les navires vis\u00e9s \u00e9taient effectivement impliqu\u00e9s dans un quelconque trafic.<\/p>\n<p class=\"paragraph article-body-paragraph article__item   \">Et le pr\u00e9sident am\u00e9ricain agite depuis des semaines la menace d&rsquo;une intervention terrestre.<\/p>\n<p class=\"paragraph article-body-paragraph article__item   \">Les tensions entre les deux pays se sont impos\u00e9es samedi au programme du sommet du Mercosur \u00e0 Foz do Igua\u00e7u, au Br\u00e9sil.<\/p>\n<p class=\"paragraph article-body-paragraph article__item   \">Le pr\u00e9sident br\u00e9silien Lula a mis en garde contre une catastrophe humanitaire en cas de conflit arm\u00e9 au Venezuela, alors que son homologue argentin Javier Milei a salu\u00e9 la pression de Washington sur Caracas.<\/p>\n<p class=\"paragraph article-body-paragraph article__item    article__text__endpicto\">burs-ph-pgf\/nr\/gmo<\/p>\n","protected":false},"excerpt":{"rendered":"En d\u00e9but de semaine, le pr\u00e9sident am\u00e9ricain Donald Trump a annonc\u00e9 la mise en place d&rsquo;un blocus total&hellip;\n","protected":false},"author":2,"featured_media":612811,"comment_status":"","ping_status":"","sticky":false,"template":"","format":"standard","meta":{"footnotes":""},"categories":[1589],"tags":[11,10944,73,1866,12,1864,1865,1863,308],"class_list":{"0":"post-612810","1":"post","2":"type-post","3":"status-publish","4":"format-standard","5":"has-post-thumbnail","7":"category-etats-unis","8":"tag-actualites","9":"tag-archives","10":"tag-etats-unis","11":"tag-etats-unis-damerique","12":"tag-news","13":"tag-united-states","14":"tag-united-states-of-america","15":"tag-us","16":"tag-usa"},"share_on_mastodon":{"url":"https:\/\/pubeurope.com\/@fr\/115754891831013810","error":""},"_links":{"self":[{"href":"https:\/\/www.europesays.com\/fr\/wp-json\/wp\/v2\/posts\/612810","targetHints":{"allow":["GET"]}}],"collection":[{"href":"https:\/\/www.europesays.com\/fr\/wp-json\/wp\/v2\/posts"}],"about":[{"href":"https:\/\/www.europesays.com\/fr\/wp-json\/wp\/v2\/types\/post"}],"author":[{"embeddable":true,"href":"https:\/\/www.europesays.com\/fr\/wp-json\/wp\/v2\/users\/2"}],"replies":[{"embeddable":true,"href":"https:\/\/www.europesays.com\/fr\/wp-json\/wp\/v2\/comments?post=612810"}],"version-history":[{"count":0,"href":"https:\/\/www.europesays.com\/fr\/wp-json\/wp\/v2\/posts\/612810\/revisions"}],"wp:featuredmedia":[{"embeddable":true,"href":"https:\/\/www.europesays.com\/fr\/wp-json\/wp\/v2\/media\/612811"}],"wp:attachment":[{"href":"https:\/\/www.europesays.com\/fr\/wp-json\/wp\/v2\/media?parent=612810"}],"wp:term":[{"taxonomy":"category","embeddable":true,"href":"https:\/\/www.europesays.com\/fr\/wp-json\/wp\/v2\/categories?post=612810"},{"taxonomy":"post_tag","embeddable":true,"href":"https:\/\/www.europesays.com\/fr\/wp-json\/wp\/v2\/tags?post=612810"}],"curies":[{"name":"wp","href":"https:\/\/api.w.org\/{rel}","templated":true}]}}