{"id":612814,"date":"2025-12-21T01:11:22","date_gmt":"2025-12-21T01:11:22","guid":{"rendered":"https:\/\/www.europesays.com\/fr\/612814\/"},"modified":"2025-12-21T01:11:22","modified_gmt":"2025-12-21T01:11:22","slug":"louverture-du-premier-hotel-harry-potter-au-monde-aura-lieu-en-allemagne","status":"publish","type":"post","link":"https:\/\/www.europesays.com\/fr\/612814\/","title":{"rendered":"L\u2019ouverture du premier h\u00f4tel Harry Potter au monde aura lieu en Allemagne"},"content":{"rendered":"<p>Les fans d\u2019Harry Potter pourront dormir dans un h\u00f4tel enti\u00e8rement th\u00e9matis\u00e9 et ce ne sera pas \u00e0 Universal! <\/p>\n<p>Le site Travel Pirates rapporte que le tout premier h\u00f4tel officiel th\u00e9matique sur la saga litt\u00e9raire fantastique s\u2019installe en Allemagne, au LEGOLAND Deutschland Resort de G\u00fcnzburg, dans le cadre d\u2019une expansive collaboration avec Warner Bros., Discovery Global Experiences et Merlin Entertainments. <\/p>\n<p>Jusqu\u2019\u00e0 pr\u00e9sent, les exp\u00e9riences immersives Harry Potter se concentraient surtout dans les parcs Universal en Floride, Californie, Japon et Chine, offrant des attractions remarquables mais sans h\u00e9bergement officiel.<\/p>\n<p> Cette fois, LEGOLAND Deutschland ouvre une porte suppl\u00e9mentaire \u00e0 la magie en proposant des h\u00e9bergements d\u00e9di\u00e9s, afin d\u2019\u00e9tendre l\u2019enchantement bien au-del\u00e0 des portes du parc.<\/p>\n<p> <img src=\"https:\/\/www.europesays.com\/fr\/wp-content\/uploads\/2025\/12\/09efbbb2-da9d-4a37-ac38-0068c5dc91aa-1200x800.jpg\" alt=\"H\u00f4tel Harry Potter\" width=\"1200\" height=\"800\" loading=\"lazy\" decoding=\"auto\"  fetchpriority=\"low\" class=\"size-full bg-slate-50 bg-cover bg-no-repeat object-cover overflow-hidden rounded-lg shadow-lg\" style=\"background-image: url('data:image\/svg+xml;base64,PHN2ZyB4bWxucz0iaHR0cDovL3d3dy53My5vcmcvMjAwMC9zdmciIHdpZHRoPSIxMjAwIiBoZWlnaHQ9IjgwMCI+PGZpbHRlciBpZD0iYiIgY29sb3ItaW50ZXJwb2xhdGlvbi1maWx0ZXJzPSJzUkdCIj48ZmVHYXVzc2lhbkJsdXIgc3RkRGV2aWF0aW9uPSIzMCIvPjxmZUNvbXBvbmVudFRyYW5zZmVyPjxmZUZ1bmNBIHR5cGU9ImRpc2NyZXRlIiB0YWJsZVZhbHVlcz0iMSAxIi8+PC9mZUNvbXBvbmVudFRyYW5zZmVyPjwvZmlsdGVyPjxnIGZpbHRlcj0idXJsKCNiKSI+PGltYWdlIHdpZHRoPSIxMDAlIiBoZWlnaHQ9IjEwMCUiIHByZXNlcnZlQXNwZWN0UmF0aW89InhNaWRZTWlkIHNsaWNlIiBocmVmPSJkYXRhOmltYWdlL3dlYnA7YmFzZTY0LFVrbEdSbTRBQUFCWFJVSlFWbEE0SUdJQUFBQVFBZ0NkQVNvUUFCQUFBZ0EwSllnQ2RBRU95blFTZ3l3QUFQNzlZRkk1WkYwYlFwUi85dGVjV0lLSlBYLytRL1REalBuUDVrb1ZjdGoxZkJPSzV5NWEvb0ZKUU9zUVRLZXhwMllBSHNyMjdkK250K1hya0NIRCthNnpLNHUvUGhNd0FBPT0iLz48L2c+PC9zdmc+'); object-position: 50% 50%; background-position: 50% 50%; aspect-ratio: 1200 \/ 800;\"\/>Cr\u00e9ation IA<\/p>\n<p>Attendez-vous \u00e0 une d\u00e9coration inspir\u00e9e de Poudlard, \u00e0 des chambres riches en th\u00e9matisations et \u00e0 des d\u00e9tails ludiques qui donnent l\u2019impression de plonger litt\u00e9ralement dans les pages des livres ou dans l\u2019univers LEGO du sorcier. <\/p>\n<p>D\u2019apr\u00e8s les premi\u00e8res descriptions, les chambres refl\u00e8teront des \u00e9l\u00e9ments de la vie \u00e0 Poudlard, avec des clins d\u2019\u0153il aux quatre maisons, des objets magiques et des touches d\u2019immersion con\u00e7ues pour les familles comme pour les fans de longue date.<\/p>\n<p><strong>Notez que tout au long de cet article, nous avons inclus des rendus de ce que pourrait \u00eatre cette exp\u00e9rience h\u00f4teli\u00e8re magique au fur et \u00e0 mesure que le projet prend forme. <\/strong><\/p>\n<p>Les images pr\u00e9sent\u00e9es dans cet article sont des rendus conceptuels g\u00e9n\u00e9r\u00e9s par IA, cr\u00e9\u00e9s pour visualiser une apparence et une ambiance possibles de l\u2019h\u00f4tel. Ils ne constituent pas des designs officiels diffus\u00e9s par LEGO, Warner Bros.,ou LEGOLAND.<\/p>\n<p> <img src=\"https:\/\/www.europesays.com\/fr\/wp-content\/uploads\/2025\/12\/eafc9931-292b-4b2e-b0d7-4fe99fad806f-1200x788.jpg\" alt=\"Chambre Harry Potter\" width=\"1200\" height=\"788\" loading=\"lazy\" decoding=\"auto\"  fetchpriority=\"low\" class=\"size-full bg-slate-50 bg-cover bg-no-repeat object-cover overflow-hidden rounded-lg shadow-lg\" style=\"background-image: url('data:image\/svg+xml;base64,PHN2ZyB4bWxucz0iaHR0cDovL3d3dy53My5vcmcvMjAwMC9zdmciIHdpZHRoPSIxMjAwIiBoZWlnaHQ9Ijc4OCI+PGZpbHRlciBpZD0iYiIgY29sb3ItaW50ZXJwb2xhdGlvbi1maWx0ZXJzPSJzUkdCIj48ZmVHYXVzc2lhbkJsdXIgc3RkRGV2aWF0aW9uPSIzMCIvPjxmZUNvbXBvbmVudFRyYW5zZmVyPjxmZUZ1bmNBIHR5cGU9ImRpc2NyZXRlIiB0YWJsZVZhbHVlcz0iMSAxIi8+PC9mZUNvbXBvbmVudFRyYW5zZmVyPjwvZmlsdGVyPjxnIGZpbHRlcj0idXJsKCNiKSI+PGltYWdlIHdpZHRoPSIxMDAlIiBoZWlnaHQ9IjEwMCUiIHByZXNlcnZlQXNwZWN0UmF0aW89InhNaWRZTWlkIHNsaWNlIiBocmVmPSJkYXRhOmltYWdlL3dlYnA7YmFzZTY0LFVrbEdSbllBQUFCWFJVSlFWbEE0SUdvQUFBRFFBUUNkQVNvUUFCQUFBZ0EwSlFCT2dDRyswVVRrQUFEKy9GVW96aVFGcVdRVm54MGE5allaYXFlVFhyTnRqdEFibTZiUi9rclhXOE1MRUdod2FxQThkTVVSOVhCaEF2MkliY2lOa2NPanZFdERkZ3ZTVnBzYlFqTzFvZlYyMVg4bkRNbzR6TXBpRkFBQSIvPjwvZz48L3N2Zz4='); object-position: 50% 50%; background-position: 50% 50%; aspect-ratio: 1200 \/ 788;\"\/><\/p>\n<p>Pour accompagner l\u2019annonce de l\u2019h\u00f4tel, le projet s\u2019inscrit dans une initiative plus ambitieuse : la cr\u00e9ation de la premi\u00e8re zone LEGO Harry Potter au monde. Cette nouvelle terre viendra donner vie \u00e0 des lieux embl\u00e9matiques de l\u2019univers d\u2019Harry Potter, mais enti\u00e8rement en briques LEGO, m\u00ealant l\u2019univers du sorcier \u00e0 la cr\u00e9ativit\u00e9 signature de LEGOLAND. <\/p>\n<p>Les visiteurs pourront explorer des interpr\u00e9tations en LEGO de Poudlard et d\u2019autres d\u00e9cors ch\u00e9ris, offrant une version du monde sorcier diff\u00e9rente de celle propos\u00e9e dans les parcs Universal.<\/p>\n<p>Aux commandes du projet, Merlin Entertainments souligne que cette initiative repr\u00e9sente le plus gros investissement unique jamais r\u00e9alis\u00e9 sur un site LEGOLAND existant, soulignant combien Harry Potter va jouer un r\u00f4le central dans l\u2019avenir de cet h\u00e9bergement touristique unique.<\/p>\n<p> <img src=\"https:\/\/www.europesays.com\/fr\/wp-content\/uploads\/2025\/12\/db4290e5-37ec-4640-a3f6-54be0651ab29-1200x800.jpg\" alt=\"Harry Potter H\u00f4tel\" width=\"1200\" height=\"800\" loading=\"lazy\" decoding=\"auto\"  fetchpriority=\"low\" class=\"size-full bg-slate-50 bg-cover bg-no-repeat object-cover overflow-hidden rounded-lg shadow-lg\" style=\"background-image: url('data:image\/svg+xml;base64,PHN2ZyB4bWxucz0iaHR0cDovL3d3dy53My5vcmcvMjAwMC9zdmciIHdpZHRoPSIxMjAwIiBoZWlnaHQ9IjgwMCI+PGZpbHRlciBpZD0iYiIgY29sb3ItaW50ZXJwb2xhdGlvbi1maWx0ZXJzPSJzUkdCIj48ZmVHYXVzc2lhbkJsdXIgc3RkRGV2aWF0aW9uPSIzMCIvPjxmZUNvbXBvbmVudFRyYW5zZmVyPjxmZUZ1bmNBIHR5cGU9ImRpc2NyZXRlIiB0YWJsZVZhbHVlcz0iMSAxIi8+PC9mZUNvbXBvbmVudFRyYW5zZmVyPjwvZmlsdGVyPjxnIGZpbHRlcj0idXJsKCNiKSI+PGltYWdlIHdpZHRoPSIxMDAlIiBoZWlnaHQ9IjEwMCUiIHByZXNlcnZlQXNwZWN0UmF0aW89InhNaWRZTWlkIHNsaWNlIiBocmVmPSJkYXRhOmltYWdlL3dlYnA7YmFzZTY0LFVrbEdSb3dBQUFCWFJVSlFWbEE0SUlBQUFBQndBZ0NkQVNvUUFCQUFBZ0EwSlFCT2dNWVkzM0hBL055YmJQQUFBUDc4dGFFT0hqSG9BUVRzVTlKYmV6WkdNVFVjVEk4aXJ4SXRMcklSOVhqcmoxNUNtWitRbW9PTDhvUG5Ka09NUEpTNzc1dWVOcTJqY21lbW0wMzk4dDZTRG9aK1FqdHU2SmdON3pNKy9VSVVrVThFOFkrbGo5MlJOWkNIeXU5MW5LQUFBQT09Ii8+PC9nPjwvc3ZnPg=='); object-position: 50% 50%; background-position: 50% 50%; aspect-ratio: 1200 \/ 800;\"\/><\/p>\n<p> De son c\u00f4t\u00e9, Peter van Roden, responsable ex\u00e9cutif chez Warner Bros., Discovery Global Experiences, partage ce sentiment et insiste sur l\u2019objectif d\u2019offrir aux fans une exp\u00e9rience du monde des sorciers totalement nouvelle, port\u00e9e par le langage de design distinctif de LEGO.<\/p>\n<p>Jusqu\u2019\u00e0 pr\u00e9sent, un s\u00e9jour Harry Potter signifiait surtout des parcs \u00e0 th\u00e8me bas\u00e9s aux \u00c9tats\u2011Unis, ou des trajets encore plus longs vers l\u2019Asie. Cette nouvelle exp\u00e9rience bas\u00e9e en Allemagne ouvre une option europ\u00e9enne qui s\u2019int\u00e8gre facilement \u00e0 des projets de voyage plus larges, sans n\u00e9cessiter un voyage enti\u00e8rement d\u00e9di\u00e9 \u00e0 un seul parc \u00e0 th\u00e8me.<\/p>\n<p>LEGOLAND Deutschland sera implant\u00e9 en Bavi\u00e8re, \u00e0 peu pr\u00e8s \u00e0 mi\u2011distance entre Munich et Stuttgart, ce qui le rend accessible soit en train, soit en voiture apr\u00e8s l\u2019arriv\u00e9e dans l\u2019une de ces villes. Pour les familles qui planifient d\u00e9j\u00e0 des vacances europ\u00e9ennes, ce nouvel arr\u00eat promet d\u2019offrir une combinaison s\u00e9duisante de divertissement et de d\u00e9placement international.<\/p>\n<p> <img src=\"https:\/\/www.europesays.com\/fr\/wp-content\/uploads\/2025\/12\/9f451f66-45e5-466e-8ff0-4ab9b50a3f45-1200x800.jpg\" alt=\"Harry Potter h\u00f4tel\" width=\"1200\" height=\"800\" loading=\"lazy\" decoding=\"auto\"  fetchpriority=\"low\" class=\"size-full bg-slate-50 bg-cover bg-no-repeat object-cover overflow-hidden rounded-lg shadow-lg\" style=\"background-image: url('data:image\/svg+xml;base64,PHN2ZyB4bWxucz0iaHR0cDovL3d3dy53My5vcmcvMjAwMC9zdmciIHdpZHRoPSIxMjAwIiBoZWlnaHQ9IjgwMCI+PGZpbHRlciBpZD0iYiIgY29sb3ItaW50ZXJwb2xhdGlvbi1maWx0ZXJzPSJzUkdCIj48ZmVHYXVzc2lhbkJsdXIgc3RkRGV2aWF0aW9uPSIzMCIvPjxmZUNvbXBvbmVudFRyYW5zZmVyPjxmZUZ1bmNBIHR5cGU9ImRpc2NyZXRlIiB0YWJsZVZhbHVlcz0iMSAxIi8+PC9mZUNvbXBvbmVudFRyYW5zZmVyPjwvZmlsdGVyPjxnIGZpbHRlcj0idXJsKCNiKSI+PGltYWdlIHdpZHRoPSIxMDAlIiBoZWlnaHQ9IjEwMCUiIHByZXNlcnZlQXNwZWN0UmF0aW89InhNaWRZTWlkIHNsaWNlIiBocmVmPSJkYXRhOmltYWdlL3dlYnA7YmFzZTY0LFVrbEdSbm9BQUFCWFJVSlFWbEE0SUc0QUFBQVFBZ0NkQVNvUUFCQUFBZ0EwSlFCT2dCNGpNQjRIKzlDQUFQNzh3UmJPNisyZGFTYi9TWlhMT0FkejRiRVVGTGxYaTVnMzlRMXNvY01adEhTQ2piUm4rOGFiai9WNGI5NGV4dGVqZEJHaFhFSC9KQm56aVFlK2plR1hkRWtBWkF2REh2bU83aUtjOFNBem1mQUFBQT09Ii8+PC9nPjwvc3ZnPg=='); object-position: 50% 50%; background-position: 50% 50%; aspect-ratio: 1200 \/ 800;\"\/><\/p>\n<p>Le projet marque aussi un changement sur le type d\u2019endroits o\u00f9 se d\u00e9veloppent les grandes exp\u00e9riences Harry Potter. Cet h\u00f4tel ne sera pas li\u00e9 \u00e0 Universal, ce qui repr\u00e9sente une expansion notable du monde sorcier au\u2011del\u00e0 de ses lieux connus \u00e0 Orlando, Los Angeles et Londres.<\/p>\n<p> Au contraire, il introduira une toute nouvelle r\u00e9gion pour les fans, positionnant l\u2019Allemagne comme une destination fra\u00eeche et imaginative dans l\u2019univers Harry Potter.<\/p>\n<p><strong>Une date pr\u00e9cise d\u2019ouverture n\u2019a pas encore \u00e9t\u00e9 communiqu\u00e9e<\/strong>, mais le terrain d\u00e9di\u00e9 \u00e0 Harry Potter et l\u2019h\u00f4tel th\u00e9matique devraient faire leurs d\u00e9buts en 2026, avec davantage de d\u00e9tails promis au cours de l\u2019ann\u00e9e prochaine. <\/p>\n<p>\u00c0 mesure que les plans se finalisent, les fans peuvent s\u2019attendre \u00e0 de nouvelles annonces concernant le design des chambres, les calendriers de r\u00e9servation et ce que les invit\u00e9s vivront exactement \u00e0 l\u2019int\u00e9rieur de cet h\u00f4tel sorcier sans pr\u00e9c\u00e9dent.<\/p>\n<p> <img src=\"https:\/\/www.europesays.com\/fr\/wp-content\/uploads\/2025\/12\/4c9397ce-a916-4194-be94-540d5c26954c-1200x800.jpg\" alt=\"Harry Potter h\u00f4tel\" width=\"1200\" height=\"800\" loading=\"lazy\" decoding=\"auto\"  fetchpriority=\"low\" class=\"size-full bg-slate-50 bg-cover bg-no-repeat object-cover overflow-hidden rounded-lg shadow-lg\" style=\"background-image: url('data:image\/svg+xml;base64,PHN2ZyB4bWxucz0iaHR0cDovL3d3dy53My5vcmcvMjAwMC9zdmciIHdpZHRoPSIxMjAwIiBoZWlnaHQ9IjgwMCI+PGZpbHRlciBpZD0iYiIgY29sb3ItaW50ZXJwb2xhdGlvbi1maWx0ZXJzPSJzUkdCIj48ZmVHYXVzc2lhbkJsdXIgc3RkRGV2aWF0aW9uPSIzMCIvPjxmZUNvbXBvbmVudFRyYW5zZmVyPjxmZUZ1bmNBIHR5cGU9ImRpc2NyZXRlIiB0YWJsZVZhbHVlcz0iMSAxIi8+PC9mZUNvbXBvbmVudFRyYW5zZmVyPjwvZmlsdGVyPjxnIGZpbHRlcj0idXJsKCNiKSI+PGltYWdlIHdpZHRoPSIxMDAlIiBoZWlnaHQ9IjEwMCUiIHByZXNlcnZlQXNwZWN0UmF0aW89InhNaWRZTWlkIHNsaWNlIiBocmVmPSJkYXRhOmltYWdlL3dlYnA7YmFzZTY0LFVrbEdSbklBQUFCWFJVSlFWbEE0SUdZQUFBQlFBZ0NkQVNvUUFCQUFBZ0EwSlFCT2dNWGMzbjlUZ0kzUk9VQUEvdjBkRW5WZ2hwZUtUbmEvNTYxNEVQY2Q5dGkvcjFFcE1nSzhGZjByOUJ4ZmV4U3YrbWVuRW5kY2JXR3BkbEVidWtEb21uSWhTTnhDWGYyKzNud0VUaG93djBpRklqL2pBQUE9Ii8+PC9nPjwvc3ZnPg=='); object-position: 50% 50%; background-position: 50% 50%; aspect-ratio: 1200 \/ 800;\"\/><\/p>\n<p>Entre la nouvelle zone LEGO Harry Potter et les premi\u00e8res chambres d\u2019h\u00f4tel officielles Harry Potter dans le monde, LEGOLAND Deutschland se positionne comme un futur lieu de p\u00e8lerinage pour les \u00ab Potterheads \u00bb de tous \u00e2ges. La magie, semble-t-il, continue de trouver de nouveaux endroits pour appara\u00eetre.<\/p>\n<p> <img src=\"https:\/\/www.europesays.com\/fr\/wp-content\/uploads\/2025\/12\/7ee25de6-0405-493f-a33a-9f7425c9c4de-1200x788.jpg\" alt=\"Harry Potter\" width=\"1200\" height=\"788\" loading=\"lazy\" decoding=\"auto\"  fetchpriority=\"low\" class=\"size-full bg-slate-50 bg-cover bg-no-repeat object-cover overflow-hidden rounded-lg shadow-lg\" style=\"background-image: url('data:image\/svg+xml;base64,PHN2ZyB4bWxucz0iaHR0cDovL3d3dy53My5vcmcvMjAwMC9zdmciIHdpZHRoPSIxMjAwIiBoZWlnaHQ9Ijc4OCI+PGZpbHRlciBpZD0iYiIgY29sb3ItaW50ZXJwb2xhdGlvbi1maWx0ZXJzPSJzUkdCIj48ZmVHYXVzc2lhbkJsdXIgc3RkRGV2aWF0aW9uPSIzMCIvPjxmZUNvbXBvbmVudFRyYW5zZmVyPjxmZUZ1bmNBIHR5cGU9ImRpc2NyZXRlIiB0YWJsZVZhbHVlcz0iMSAxIi8+PC9mZUNvbXBvbmVudFRyYW5zZmVyPjwvZmlsdGVyPjxnIGZpbHRlcj0idXJsKCNiKSI+PGltYWdlIHdpZHRoPSIxMDAlIiBoZWlnaHQ9IjEwMCUiIHByZXNlcnZlQXNwZWN0UmF0aW89InhNaWRZTWlkIHNsaWNlIiBocmVmPSJkYXRhOmltYWdlL3dlYnA7YmFzZTY0LFVrbEdSbUlBQUFCWFJVSlFWbEE0SUZZQUFBQVFBZ0NkQVNvUUFCQUFBZ0EwSll3Q2RBRU85djFEeWxrb0FQNzlEWTgxMHE1UkxIVWVoYVZHaFhtZFV2NU1lU05LNFQzL29xdkN4cUU2Si92bm52RzVKS0JWV1I3SVFKM1NDWlBkMmV5OFUvYzQ3eUFBQUE9PSIvPjwvZz48L3N2Zz4='); object-position: 50% 50%; background-position: 50% 50%; aspect-ratio: 1200 \/ 788;\"\/><\/p>\n","protected":false},"excerpt":{"rendered":"Les fans d\u2019Harry Potter pourront dormir dans un h\u00f4tel enti\u00e8rement th\u00e9matis\u00e9 et ce ne sera pas \u00e0 Universal!&hellip;\n","protected":false},"author":2,"featured_media":612815,"comment_status":"","ping_status":"","sticky":false,"template":"","format":"standard","meta":{"footnotes":""},"categories":[1587],"tags":[11,672,1804,1805,1803,1777,674,1801,6610,190,22020,12,1802,72373,72372,586],"class_list":{"0":"post-612814","1":"post","2":"type-post","3":"status-publish","4":"format-standard","5":"has-post-thumbnail","7":"category-allemagne","8":"tag-actualites","9":"tag-allemagne","10":"tag-bundesrepublik-deutschland","11":"tag-de","12":"tag-deutschland","13":"tag-eu","14":"tag-europe","15":"tag-germany","16":"tag-harry-potter","17":"tag-hotel","18":"tag-hotels","19":"tag-news","20":"tag-republique-federale-dallemagne","21":"tag-sorcierm","22":"tag-trips","23":"tag-voyage"},"share_on_mastodon":{"url":"https:\/\/pubeurope.com\/@fr\/115754899976242999","error":""},"_links":{"self":[{"href":"https:\/\/www.europesays.com\/fr\/wp-json\/wp\/v2\/posts\/612814","targetHints":{"allow":["GET"]}}],"collection":[{"href":"https:\/\/www.europesays.com\/fr\/wp-json\/wp\/v2\/posts"}],"about":[{"href":"https:\/\/www.europesays.com\/fr\/wp-json\/wp\/v2\/types\/post"}],"author":[{"embeddable":true,"href":"https:\/\/www.europesays.com\/fr\/wp-json\/wp\/v2\/users\/2"}],"replies":[{"embeddable":true,"href":"https:\/\/www.europesays.com\/fr\/wp-json\/wp\/v2\/comments?post=612814"}],"version-history":[{"count":0,"href":"https:\/\/www.europesays.com\/fr\/wp-json\/wp\/v2\/posts\/612814\/revisions"}],"wp:featuredmedia":[{"embeddable":true,"href":"https:\/\/www.europesays.com\/fr\/wp-json\/wp\/v2\/media\/612815"}],"wp:attachment":[{"href":"https:\/\/www.europesays.com\/fr\/wp-json\/wp\/v2\/media?parent=612814"}],"wp:term":[{"taxonomy":"category","embeddable":true,"href":"https:\/\/www.europesays.com\/fr\/wp-json\/wp\/v2\/categories?post=612814"},{"taxonomy":"post_tag","embeddable":true,"href":"https:\/\/www.europesays.com\/fr\/wp-json\/wp\/v2\/tags?post=612814"}],"curies":[{"name":"wp","href":"https:\/\/api.w.org\/{rel}","templated":true}]}}