{"id":61282,"date":"2025-04-29T07:56:09","date_gmt":"2025-04-29T07:56:09","guid":{"rendered":"https:\/\/www.europesays.com\/fr\/61282\/"},"modified":"2025-04-29T07:56:09","modified_gmt":"2025-04-29T07:56:09","slug":"vainqueur-des-elections-au-canada-mark-carney-promet-de-triompher-des-etats-unis","status":"publish","type":"post","link":"https:\/\/www.europesays.com\/fr\/61282\/","title":{"rendered":"Vainqueur des \u00e9lections au Canada, Mark Carney promet de triompher des Etats-Unis"},"content":{"rendered":"<p class=\"ap-StoryElement ap-StoryElement--mb ap-StoryText\">Devant ses partisans dans la nuit de lundi \u00e0 mardi, Mark Carney a estim\u00e9 que l'\u00a0\u00bbancienne relation avec les \u00c9tats-Unis \u00e9tait termin\u00e9e\u00a0\u00bb.<\/p>\n<p class=\"ap-StoryElement ap-StoryElement--mb ap-StoryText\">Le \u00ab\u00a0pr\u00e9sident Trump tente de nous briser pour nous poss\u00e9der\u00a0\u00bb, a-t-il ajout\u00e9, appelant le pays \u00e0 l&rsquo;unit\u00e9 pour les \u00ab\u00a0difficiles mois \u00e0 venir qui exigeront des sacrifices\u00a0\u00bb.<\/p>\n<p class=\"ap-StoryElement ap-StoryElement--mb ap-StoryText\">Dans un discours reconnaissant sa d\u00e9faite, son principal opposant, M. Poilievre, a promis de travailler avec Mark Carney et de placer l&rsquo;int\u00e9r\u00eat du pays avant les luttes partisanes face aux \u00ab\u00a0menaces irresponsables\u00a0\u00bb du pr\u00e9sident am\u00e9ricain.<\/p>\n<p class=\"ap-StoryElement ap-StoryElement--mb ap-StoryText\">Un peu plus t\u00f4t dans l&rsquo;ar\u00e9na de hockey o\u00f9 \u00e9taient r\u00e9unis les supporters lib\u00e9raux, l&rsquo;annonce de la victoire avait provoqu\u00e9 une salve d&rsquo;applaudissements et des cris enthousiastes.<\/p>\n<p class=\"ap-StoryElement ap-StoryElement--mb ap-StoryText\">\u00ab\u00a0Je suis si heureuse\u00a0\u00bb, l\u00e2che sur place Dorothy Goubault, originaire de la r\u00e9gion des Mille Iles en Ontario. \u00ab\u00a0Je suis contente car nous avons quelqu&rsquo;un qui peut parler \u00e0 M. Trump \u00e0 son niveau. M. Trump est un homme d&rsquo;affaires. M. Carney est un homme d&rsquo;affaires, et je pense qu&rsquo;ils peuvent tous les deux se comprendre\u00a0\u00bb.<\/p>\n<p class=\"ap-StoryElement ap-StoryElement--mb ap-StoryText\">Pour le ministre de la Culture Steven Guilbeault, \u00ab\u00a0les nombreuses attaques du pr\u00e9sident Trump sur l&rsquo;\u00e9conomie canadienne, mais aussi sur notre souverainet\u00e9 et notre identit\u00e9 m\u00eame, ont vraiment mobilis\u00e9 les Canadiens\u00a0\u00bb, a-t-il d\u00e9clar\u00e9 sur la chaine publique CBC.<\/p>\n<p class=\"ap-StoryElement ap-StoryElement--mb ap-StoryText\">Et les \u00e9lecteurs \u00ab\u00a0ont vu que le Premier ministre Carney avait de l&rsquo;exp\u00e9rience sur la sc\u00e8ne mondiale\u00a0\u00bb.<\/p>\n<p class=\"ap-StoryElement ap-StoryElement--mb ap-StoryText\">Dans les longues files devant les bureaux de vote toute la journ\u00e9e, les \u00e9lecteurs ont soulign\u00e9 l&rsquo;importance de ce scrutin, parlant d&rsquo;\u00e9lections historiques et d\u00e9terminantes pour l&rsquo;avenir de ce pays de 41 millions d&rsquo;habitants.<\/p>\n<p>\u00ab\u00a0Chaos\u00a0\u00bb<\/p>\n<p class=\"ap-StoryElement ap-StoryElement--mb ap-StoryText\">\u00c0 60 ans, Mark Carney, novice en politique mais \u00e9conomiste reconnu, a su convaincre une population inqui\u00e8te pour l&rsquo;avenir \u00e9conomique et la souverainet\u00e9 du pays qu&rsquo;il \u00e9tait la bonne personne pour piloter le Canada en ces temps troubl\u00e9s.<\/p>\n<p class=\"ap-StoryElement ap-StoryElement--mb ap-StoryText\">Cet ancien gouverneur de la banque du Canada et de Grande-Bretagne n&rsquo;a cess\u00e9 de rappeler pendant la campagne que la menace am\u00e9ricaine est r\u00e9elle pour le Canada.<\/p>\n<p class=\"ap-StoryElement ap-StoryElement--mb ap-StoryText\">\u00ab\u00a0Le chaos est entr\u00e9 dans nos vies. C&rsquo;est une trag\u00e9die, mais c&rsquo;est aussi une r\u00e9alit\u00e9. La question cl\u00e9 de cette \u00e9lection est de savoir qui est le mieux plac\u00e9 pour s&rsquo;opposer au pr\u00e9sident Trump\u00a0\u00bb, a-t-il expliqu\u00e9 pendant la campagne.<\/p>\n<p class=\"ap-StoryElement ap-StoryElement--mb ap-StoryText\">Pour faire face, il a promis de maintenir des droits de douane sur les produits am\u00e9ricains tant que les mesures de Washington seraient en place.<\/p>\n<p class=\"ap-StoryElement ap-StoryElement--mb ap-StoryText\">Mais aussi de d\u00e9velopper le commerce au sein de son pays en levant les barri\u00e8res douani\u00e8res entre provinces et de chercher de nouveaux d\u00e9bouch\u00e9s, notamment en Europe.<\/p>\n<p class=\"ap-StoryElement ap-StoryElement--mb ap-StoryText\">Le lien Europe-Canada \u00ab\u00a0sont forts et se renforcent\u00a0\u00bb, a d&rsquo;ailleurs d\u00e9clar\u00e9 mardi matin la pr\u00e9sidente de la Commission europ\u00e9enne Ursula von der Leyen, f\u00e9licitant M. Carney de sa victoire.<\/p>\n<p class=\"ap-StoryElement ap-StoryElement--mb ap-StoryText\">\u00ab\u00a0J&rsquo;ai h\u00e2te de travailler en \u00e9troite collaboration, tant au niveau bilat\u00e9ral qu&rsquo;au sein du G7. Nous d\u00e9fendrons nos valeurs d\u00e9mocratiques communes, nous encouragerons le multilat\u00e9ralisme et nous nous ferons les champions du commerce libre et \u00e9quitable\u00a0\u00bb, a-t-elle d\u00e9clar\u00e9 sur X.<\/p>\n<p class=\"ap-StoryElement ap-StoryElement--mb ap-StoryText\">A Londres, le Premier ministre britannique Keir Starmer a lui aussi f\u00e9licit\u00e9 M. Carney et s&rsquo;est r\u00e9joui d&rsquo;un \u00ab\u00a0renforcement des liens\u00a0\u00bb Royaume-Uni\/Canada.<\/p>\n<p class=\"ap-StoryElement ap-StoryElement--mb ap-StoryText\">Le chef conservateur, M. Poilievre, qui avait promis des baisses d&rsquo;imp\u00f4ts et des coupes dans les d\u00e9penses publiques, n&rsquo;a pas r\u00e9ussi \u00e0 convaincre les \u00e9lecteurs de ce pays du G7, 9e puissance mondiale, de tourner le dos aux lib\u00e9raux.<\/p>\n<p class=\"ap-StoryElement ap-StoryElement--mb ap-StoryText\">Pierre Poilievre aura aussi souffert jusqu&rsquo;au bout de sa proximit\u00e9, de par son style et certaines de ses id\u00e9es, avec le pr\u00e9sident am\u00e9ricain, ce qui lui a ali\u00e9n\u00e9 une partie de l&rsquo;\u00e9lectorat, selon les analystes.<\/p>\n<p class=\"ap-StoryElement ap-StoryElement--mb ap-StoryText\">Au QG des conservateurs \u00e0 Ottawa, Jason Piche se dit toutefois \u00ab\u00a0surpris\u00a0\u00bb des r\u00e9sultats, \u00ab\u00a0je pensais que ce serait plus serr\u00e9 que \u00e7a\u00a0\u00bb.<\/p>\n<p class=\"ap-StoryElement ap-StoryElement--mb ap-StoryText\">Un peu plus loin, Jean-Guy Bourguignon, homme d&rsquo;affaires de 59 ans, se dit carr\u00e9ment \u00ab\u00a0tr\u00e8s triste\u00a0\u00bb. \u00ab\u00a0Est-ce que c&rsquo;est vraiment \u00e7a le pays dans lequel nous voulons vivre?\u00a0\u00bb, demande-t-il alors qu&rsquo;il \u00e9num\u00e8re les politiques des lib\u00e9raux, qu&rsquo;il juge liberticides.<\/p>\n<p><a href=\"https:\/\/www.parismatch.be\/actualites\/monde\/2025\/03\/10\/justin-trudeau-en-larmes-fait-ses-adieux-au-poste-de-premier-ministre-canadien-devant-sa-fille-ella-grace-papa-je-suis-fiere-de-toi-VFZ6443675BHJJT7SOZ3QRJZPY\/\" target=\"_blank\" rel=\"noopener noreferrer\" class=\"ap-StoryInterstitialLink ap-StoryElement ap-StoryElement--mb\">Justin Trudeau, en larmes, fait ses adieux au poste de Premier ministre canadien devant sa fille Ella-Grace : \u00ab\u00a0Papa, je suis fi\u00e8re de toi\u00a0\u00bb<\/a><\/p>\n<p class=\"ap-StoryElement ap-StoryElement--mb ap-StoryText\">Pr\u00e8s de 29 millions d&rsquo;\u00e9lecteurs \u00e9taient appel\u00e9s aux urnes dans ce vaste pays qui s&rsquo;\u00e9tend sur six fuseaux horaires. Et plus de 7,3 millions de personnes avaient vot\u00e9 par anticipation, un record.<\/p>\n","protected":false},"excerpt":{"rendered":"Devant ses partisans dans la nuit de lundi \u00e0 mardi, Mark Carney a estim\u00e9 que l&rsquo;\u00a0\u00bbancienne relation avec&hellip;\n","protected":false},"author":2,"featured_media":61283,"comment_status":"","ping_status":"","sticky":false,"template":"","format":"standard","meta":{"footnotes":""},"categories":[1589],"tags":[11,574,75,5949,73,1866,15906,15904,12,1050,15905,316,1864,1865,1863,308],"class_list":{"0":"post-61282","1":"post","2":"type-post","3":"status-publish","4":"format-standard","5":"has-post-thumbnail","7":"category-etats-unis","8":"tag-actualites","9":"tag-canada","10":"tag-donald-trump","11":"tag-elections","12":"tag-etats-unis","13":"tag-etats-unis-damerique","14":"tag-justin-trudeau","15":"tag-mark-carney","16":"tag-news","17":"tag-parlement","18":"tag-pierre-poilievre","19":"tag-politique","20":"tag-united-states","21":"tag-united-states-of-america","22":"tag-us","23":"tag-usa"},"share_on_mastodon":{"url":"https:\/\/pubeurope.com\/@fr\/114420186126347074","error":""},"_links":{"self":[{"href":"https:\/\/www.europesays.com\/fr\/wp-json\/wp\/v2\/posts\/61282","targetHints":{"allow":["GET"]}}],"collection":[{"href":"https:\/\/www.europesays.com\/fr\/wp-json\/wp\/v2\/posts"}],"about":[{"href":"https:\/\/www.europesays.com\/fr\/wp-json\/wp\/v2\/types\/post"}],"author":[{"embeddable":true,"href":"https:\/\/www.europesays.com\/fr\/wp-json\/wp\/v2\/users\/2"}],"replies":[{"embeddable":true,"href":"https:\/\/www.europesays.com\/fr\/wp-json\/wp\/v2\/comments?post=61282"}],"version-history":[{"count":0,"href":"https:\/\/www.europesays.com\/fr\/wp-json\/wp\/v2\/posts\/61282\/revisions"}],"wp:featuredmedia":[{"embeddable":true,"href":"https:\/\/www.europesays.com\/fr\/wp-json\/wp\/v2\/media\/61283"}],"wp:attachment":[{"href":"https:\/\/www.europesays.com\/fr\/wp-json\/wp\/v2\/media?parent=61282"}],"wp:term":[{"taxonomy":"category","embeddable":true,"href":"https:\/\/www.europesays.com\/fr\/wp-json\/wp\/v2\/categories?post=61282"},{"taxonomy":"post_tag","embeddable":true,"href":"https:\/\/www.europesays.com\/fr\/wp-json\/wp\/v2\/tags?post=61282"}],"curies":[{"name":"wp","href":"https:\/\/api.w.org\/{rel}","templated":true}]}}