{"id":612832,"date":"2025-12-21T01:24:16","date_gmt":"2025-12-21T01:24:16","guid":{"rendered":"https:\/\/www.europesays.com\/fr\/612832\/"},"modified":"2025-12-21T01:24:16","modified_gmt":"2025-12-21T01:24:16","slug":"apres-29-ans-a-la-tete-de-lequipe-cycliste-groupama-fdj-marc-madiot-lache-le-guidon","status":"publish","type":"post","link":"https:\/\/www.europesays.com\/fr\/612832\/","title":{"rendered":"Apr\u00e8s 29 ans \u00e0 la t\u00eate de l&rsquo;\u00e9quipe cycliste Groupama-FDJ, Marc Madiot \u00ab\u00a0l\u00e2che le guidon\u00a0\u00bb"},"content":{"rendered":"<p>Marc Madiot ne sera plus, dans quelques semaines, le manager g\u00e9n\u00e9ral de l&rsquo;\u00e9quipe cycliste Groupama-FDJ qu\u2019il a cr\u00e9\u00e9e en 1997 sous l&rsquo;appellation Fran\u00e7aise des Jeux. Le Mayennais de 66 ans reste tout de m\u00eame au sein de l&rsquo;\u00e9quipe en devenant pr\u00e9sident de la structure.<\/p>\n<p>Marc Madiot, une figure du cyclisme fran\u00e7ais, a annonc\u00e9 ce samedi 20 d\u00e9cembre qu&rsquo;il quittait ses fonctions de <strong>manager g\u00e9n\u00e9ral de l&rsquo;\u00e9quipe Groupama-FDJ<\/strong> pour passer le relais \u00e0 son adjoint <strong>Thierry Cornec<\/strong> dont le profil, plus techno, illustre les changements profonds \u00e0 l&rsquo;\u0153uvre dans ce sport. \u00ab\u00a0Il \u00e9tait opportun de se r\u00e9g\u00e9n\u00e9rer, d&rsquo;ouvrir des portes et d&rsquo;avancer. Je vais avoir 67 ans au mois d&rsquo;avril. Je pense qu&rsquo;il faut se tourner vers l&rsquo;avenir. C&rsquo;est le moment\u00a0\u00bb, a confi\u00e9 Madiot lors d&rsquo;un entretien commun avec Thierry Cornec pour le quotidien sportif L&rsquo;\u00c9quipe et l&rsquo;AFP.<\/p>\n<p>Concr\u00e8tement, celui qui avait fond\u00e9 en 1997 La Fran\u00e7aise des Jeux, devenue FDJ.fr puis Groupama-FDJ, apr\u00e8s une riche carri\u00e8re de coureur, \u00ab\u00a0l\u00e2che le guidon\u00a0\u00bb pour devenir \u00ab\u00a0pr\u00e9sident de la structure\u00a0\u00bb, une mue qui sera effective administrativement en avril mais qui a en r\u00e9alit\u00e9 d\u00e9j\u00e0 commenc\u00e9. \u00ab\u00a0Marc va continuer \u00e0 participer au d\u00e9veloppement avec les partenaires et sera aussi le garant des valeurs de l&rsquo;\u00e9quipe\u00a0\u00bb, a expliqu\u00e9 son successeur, arriv\u00e9 comme directeur g\u00e9n\u00e9ral adjoint en juin 2024.<\/p>\n<p>Un r\u00f4le d&rsquo;ambassadeur<\/p>\n<p>\u00ab\u00a0Thierry reprend tout le sportif et devient manager g\u00e9n\u00e9ral de l&rsquo;\u00e9quipe. L&rsquo;op\u00e9rationnel, ce sera Thierry\u00a0\u00bb, a insist\u00e9 en retour Madiot, qui continuera \u00ab\u00a0bien s\u00fbr\u00a0\u00bb de se rendre \u00ab\u00a0r\u00e9guli\u00e8rement\u00a0\u00bb sur les courses, mais davantage dans un r\u00f4le d&rsquo;ambassadeur.<\/p>\n<p>\u00ab\u00a0Mon ambition\u00a0\u00bb, dit le double vainqueur de Paris-Roubaix (1985 et 1991), \u00ab\u00a0c&rsquo;est que l&rsquo;\u00e9quipe me survive. Si je peux donner un coup de main dans d&rsquo;autres secteurs que le sportif, \u00e7a me convient bien. L&rsquo;\u00e9quipe est mon deuxi\u00e8me b\u00e9b\u00e9. Je l&rsquo;aime, j&rsquo;ai encore envie de la ch\u00e9rir, mais je sais qu&rsquo;elle grandit et qu&rsquo;elle est \u00e0 majorit\u00e9, qu&rsquo;il faut qu&rsquo;elle prenne son envol.\u00a0\u00bb<\/p>\n<p>Cette prise de recul, qui s&rsquo;ajoute aux retraits d&rsquo;autres dirigeants historiques comme Patrick Lefevere, <strong>Vincent Lavenu<\/strong> ou prochainement Jean-Ren\u00e9 Bernaudeau, marque <strong>un tournant<\/strong> dans un sport o\u00f9 les patrons ont historiquement \u00e9t\u00e9 d&rsquo;anciens coureurs.<\/p>\n<p>Un par un, ils sont remplac\u00e9s par des profils plus techno, des chefs d&rsquo;entreprise avant tout, \u00e0 l&rsquo;image de Thierry Cornec, 53 ans, responsable des ventes et directeur pendant 22 ans chez l&rsquo;\u00e9quipementier Mavic, puis directeur g\u00e9n\u00e9ral du fabriquant de cycles Lapierre. \u00ab\u00a0Les profils qui ont travaill\u00e9 dans l&rsquo;entreprise ont \u00e9t\u00e9 form\u00e9s \u00e0 travailler avec des parties prenantes diff\u00e9rentes, \u00e0 ne pas fonctionner que sur l&rsquo;\u00e9motion\u00a0\u00bb, a estim\u00e9 Cornec.<\/p>\n","protected":false},"excerpt":{"rendered":"Marc Madiot ne sera plus, dans quelques semaines, le manager g\u00e9n\u00e9ral de l&rsquo;\u00e9quipe cycliste Groupama-FDJ qu\u2019il a cr\u00e9\u00e9e&hellip;\n","protected":false},"author":2,"featured_media":612833,"comment_status":"","ping_status":"","sticky":false,"template":"","format":"standard","meta":{"footnotes":""},"categories":[1411],"tags":[1154,207,1011,27,60],"class_list":{"0":"post-612832","1":"post","2":"type-post","3":"status-publish","4":"format-standard","5":"has-post-thumbnail","7":"category-cyclisme","8":"tag-cycling","9":"tag-cyclisme","10":"tag-fr","11":"tag-france","12":"tag-sports"},"share_on_mastodon":{"url":"https:\/\/pubeurope.com\/@fr\/115754949937124463","error":""},"_links":{"self":[{"href":"https:\/\/www.europesays.com\/fr\/wp-json\/wp\/v2\/posts\/612832","targetHints":{"allow":["GET"]}}],"collection":[{"href":"https:\/\/www.europesays.com\/fr\/wp-json\/wp\/v2\/posts"}],"about":[{"href":"https:\/\/www.europesays.com\/fr\/wp-json\/wp\/v2\/types\/post"}],"author":[{"embeddable":true,"href":"https:\/\/www.europesays.com\/fr\/wp-json\/wp\/v2\/users\/2"}],"replies":[{"embeddable":true,"href":"https:\/\/www.europesays.com\/fr\/wp-json\/wp\/v2\/comments?post=612832"}],"version-history":[{"count":0,"href":"https:\/\/www.europesays.com\/fr\/wp-json\/wp\/v2\/posts\/612832\/revisions"}],"wp:featuredmedia":[{"embeddable":true,"href":"https:\/\/www.europesays.com\/fr\/wp-json\/wp\/v2\/media\/612833"}],"wp:attachment":[{"href":"https:\/\/www.europesays.com\/fr\/wp-json\/wp\/v2\/media?parent=612832"}],"wp:term":[{"taxonomy":"category","embeddable":true,"href":"https:\/\/www.europesays.com\/fr\/wp-json\/wp\/v2\/categories?post=612832"},{"taxonomy":"post_tag","embeddable":true,"href":"https:\/\/www.europesays.com\/fr\/wp-json\/wp\/v2\/tags?post=612832"}],"curies":[{"name":"wp","href":"https:\/\/api.w.org\/{rel}","templated":true}]}}