{"id":612838,"date":"2025-12-21T01:27:48","date_gmt":"2025-12-21T01:27:48","guid":{"rendered":"https:\/\/www.europesays.com\/fr\/612838\/"},"modified":"2025-12-21T01:27:48","modified_gmt":"2025-12-21T01:27:48","slug":"quand-il-y-a-beaucoup-de-blanc-cest-michel-avec-la-couleur-cest-moi-2-artistes-exposent-leurs-aquarelles-a-seissan","status":"publish","type":"post","link":"https:\/\/www.europesays.com\/fr\/612838\/","title":{"rendered":"\u00ab\u00a0Quand il y a beaucoup de blanc, c\u2019est Michel ; avec la couleur, c\u2019est moi\u00a0\u00bb : 2 artistes exposent leurs aquarelles \u00e0 Seissan"},"content":{"rendered":"<p>A l\u2019Espace Astarac de la m\u00e9diath\u00e8que de Seissan se tient actuellement une exposition, \u00ab\u00a0Contrastes d\u2019aquarelles\u00a0\u00bb, pr\u00e9sent\u00e9e par Fran\u00e7oise et Michel Schnur. Ces derniers habitent Pavie. \u00ab\u00a0On peint depuis longtemps. On a fait d\u2019abord de la peinture \u00e0 huile et on s\u2019est mis ensuite \u00e0 l\u2019aquarelle\u00a0\u00bb, pr\u00e9cise Fran\u00e7oise Schnur. Michel Schnur, qui, de son c\u00f4t\u00e9, a commenc\u00e9 par le dessin, a fait plusieurs expositions, deux en moyenne chaque ann\u00e9e. Leur travail \u00e0 l\u2019aquarelle est assez vari\u00e9, du portrait aux paysages mais assez diff\u00e9rent sur les techniques employ\u00e9es : \u00ab\u00a0C\u2019est pour \u00e7a qu\u2019on a appel\u00e9 notre expo \u00ab\u00a0Contraste d\u2019aquarelles\u00a0\u00bb. La technique de l\u2019aquarelle consiste \u00e0 \u00ab\u00a0mouiller le papier\u00a0\u00bb en ma\u00eetrisant la quantit\u00e9 d\u2019eau, mais aussi les pigments. Les th\u00e8mes sont un peu diff\u00e9rents mais surtout trait\u00e9s diff\u00e9remment. Les deux artistes ont choisi dans cette exposition de m\u00e9langer leurs tableaux. \u00ab\u00a0Quand il y a beaucoup de blanc, c\u2019est Michel ; quand il y a beaucoup de couleurs, c\u2019est moi\u00a0\u00bb, d\u00e9taille Fran\u00e7oise Schnur avec le sourire. Mais plus qu\u2019un m\u00e9lange de tableaux, cette exposition est une addition de deux talents pour des th\u00e8mes vari\u00e9s au gr\u00e9 de leurs inspirations. L\u2019exposition sera visible jusqu\u2019au 3 janvier aux heures d\u2019ouverture de la m\u00e9diath\u00e8que (le mercredi, de 9 heures \u00e0 midi et de 14 heures \u00e0 18 heures, le jeudi, de 9 heures \u00e0 12 heures, le vendredi et samedi, de 9 heures \u00e0 13 heures). Renseignements au 05.<a href=\"http:\/\/62.64.16.77\" target=\"_blank\" rel=\"nofollow\">62.64.16.77<\/a>.<\/p>\n","protected":false},"excerpt":{"rendered":"A l\u2019Espace Astarac de la m\u00e9diath\u00e8que de Seissan se tient actuellement une exposition, \u00ab\u00a0Contrastes d\u2019aquarelles\u00a0\u00bb, pr\u00e9sent\u00e9e par Fran\u00e7oise&hellip;\n","protected":false},"author":2,"featured_media":612839,"comment_status":"","ping_status":"","sticky":false,"template":"","format":"standard","meta":{"footnotes":""},"categories":[1358],"tags":[1348,1384,1385,872,1386,58,59,1349,1011,27,11328,72376],"class_list":{"0":"post-612838","1":"post","2":"type-post","3":"status-publish","4":"format-standard","5":"has-post-thumbnail","7":"category-arts-et-design","8":"tag-arts","9":"tag-arts-and-design","10":"tag-arts-et-design","11":"tag-culture-et-loisirs","12":"tag-design","13":"tag-divertissement","14":"tag-entertainment","15":"tag-expositions","16":"tag-fr","17":"tag-france","18":"tag-gers","19":"tag-seissan"},"share_on_mastodon":{"url":"https:\/\/pubeurope.com\/@fr\/115754965601719218","error":""},"_links":{"self":[{"href":"https:\/\/www.europesays.com\/fr\/wp-json\/wp\/v2\/posts\/612838","targetHints":{"allow":["GET"]}}],"collection":[{"href":"https:\/\/www.europesays.com\/fr\/wp-json\/wp\/v2\/posts"}],"about":[{"href":"https:\/\/www.europesays.com\/fr\/wp-json\/wp\/v2\/types\/post"}],"author":[{"embeddable":true,"href":"https:\/\/www.europesays.com\/fr\/wp-json\/wp\/v2\/users\/2"}],"replies":[{"embeddable":true,"href":"https:\/\/www.europesays.com\/fr\/wp-json\/wp\/v2\/comments?post=612838"}],"version-history":[{"count":0,"href":"https:\/\/www.europesays.com\/fr\/wp-json\/wp\/v2\/posts\/612838\/revisions"}],"wp:featuredmedia":[{"embeddable":true,"href":"https:\/\/www.europesays.com\/fr\/wp-json\/wp\/v2\/media\/612839"}],"wp:attachment":[{"href":"https:\/\/www.europesays.com\/fr\/wp-json\/wp\/v2\/media?parent=612838"}],"wp:term":[{"taxonomy":"category","embeddable":true,"href":"https:\/\/www.europesays.com\/fr\/wp-json\/wp\/v2\/categories?post=612838"},{"taxonomy":"post_tag","embeddable":true,"href":"https:\/\/www.europesays.com\/fr\/wp-json\/wp\/v2\/tags?post=612838"}],"curies":[{"name":"wp","href":"https:\/\/api.w.org\/{rel}","templated":true}]}}