{"id":612844,"date":"2025-12-21T01:33:28","date_gmt":"2025-12-21T01:33:28","guid":{"rendered":"https:\/\/www.europesays.com\/fr\/612844\/"},"modified":"2025-12-21T01:33:28","modified_gmt":"2025-12-21T01:33:28","slug":"ce-forezien-a-immortalise-le-mystere-des-lignes-de-nazca-au-perou","status":"publish","type":"post","link":"https:\/\/www.europesays.com\/fr\/612844\/","title":{"rendered":"ce For\u00e9zien a immortalis\u00e9 le myst\u00e8re des lignes de Nazca au P\u00e9rou"},"content":{"rendered":"<blockquote class=\"question\"><p>Lady Nazca raconte l\u2019histoire de l\u2019arch\u00e9ologue allemande Maria Reiche (interpr\u00e9t\u00e9e par Devrim Lingnau) qui a \u00e9tudi\u00e9 les g\u00e9oglyphes de Nazca (1), au P\u00e9rou, \u00e0 partir des ann\u00e9es 1930. Comment avez-vous \u00e9t\u00e9 associ\u00e9 \u00e0 ce film\u00a0?<\/p><\/blockquote>\n<p>\u00ab\u00a0J\u2019ai rencontr\u00e9 le r\u00e9alisateur Damien Dorsaz et Matthieu Zeller, son producteur, en 2020. Le bin\u00f4me voulait travailler avec moi. En 2021, je suis parti avec Damien en rep\u00e9rage. Le monde \u00e9tait encore en p\u00e9riode covid, alors, avec mon visa professionnel, j\u2019ai eu la \u201cchance\u201d de voir les sites du P\u00e9rou, comme le Machu Picchu, avec tr\u00e8s peu de touristes. Nous avons ensuite tourn\u00e9 pendant 28 jours en juillet et ao\u00fbt\u00a02024. Et chaque jour, je ne savais pas comment je devais faire parce que, sur place, les gal\u00e8res \u00e9taient nombreuses. C\u2019\u00e9tait un vrai d\u00e9fi.\u00a0\u00bb<\/p>\n<p>  \u00ab\u00a0On a tourn\u00e9 dix jours dans le d\u00e9sert\u00a0\u00bb<\/p>\n<blockquote class=\"question\"><p>Le soleil tient une place importante dans les s\u00e9quences de ce film (ndlr\u00a0: Maria Reiche avait d\u00e9velopp\u00e9 une th\u00e9orie selon laquelle les lignes de Nazca formaient une sorte de calendrier c\u00e9leste \u00e0 partir du solstice d\u2019\u00e9t\u00e9). Quand on est directeur de la photo, comment on aborde ces plans\u00a0?<\/p><\/blockquote>\n<p>\u00ab\u00a0Une partie de mon travail consiste \u00e0 me poser la question : que peut-on dire avec une image qu\u2019on peut ne pas dire avec des mots\u00a0? L\u00e0, le sujet du film, c\u2019est la lumi\u00e8re dans la mesure o\u00f9, sans le soleil, il n\u2019y a pas de r\u00e9v\u00e9lation pour Maria Reiche. Il fallait tourner avec le soleil \u00e0 des heures tr\u00e8s pr\u00e9cises. On a eu, parfois, tr\u00e8s peur parce qu\u2019au P\u00e9rou il y a, quelquefois, la \u201cneblina\u201d, une sorte de brouillard qui ne nous permet pas de voir \u00e0 cinq m\u00e8tres. Avec le soleil, on tournait vraiment \u00e0 la minute pr\u00e8s. Par exemple, si on ne sortait pas \u00e0 17\u00a0h\u00a027 pour telle s\u00e9quence, c\u2019\u00e9tait fichu parce que le soleil allait changer de couleur. Il fallait beaucoup travailler en pr\u00e9paration.\u00a0\u00bb<\/p>\n<blockquote class=\"question\"><p>Les investigations de Maria Reiche se passent dans le d\u00e9sert de Nazca. C\u2019est compliqu\u00e9 d\u2019obtenir des autorisations de tourner l\u00e0-bas\u00a0?<\/p><\/blockquote>\n<p>\u00ab\u00a0On a reconstitu\u00e9 ces lignes \u00e0 c\u00f4t\u00e9 du d\u00e9sert de Nazca. <a href=\"https:\/\/www.leprogres.fr\/science-et-technologie\/2020\/10\/20\/perou-le-dessin-d-un-chat-geant-vieux-de-2000-ans-decouvert-sur-un-site-archeologique\" target=\"_blank\" rel=\"noopener\">Seules les lignes que vous voyez \u00e0 la fin, film\u00e9es depuis l\u2019avion, sont authentiques<\/a>. On n\u2019avait pas le droit de pi\u00e9tiner les vraies lignes, \u00e9videmment. Sur un mois, on a tourn\u00e9 dix jours dans le d\u00e9sert (ndlr\u00a0: les autres s\u00e9quences ont \u00e9t\u00e9 tourn\u00e9es essentiellement dans la r\u00e9gion de Lima).\u00a0\u00bb<\/p>\n<p>  Un terrain de jeu \u00ab\u00a0paradisiaque\u00a0\u00bb<\/p>\n<blockquote class=\"question\"><p>Pour un chef op\u00e9rateur, ces paysages d\u00e9sertiques, c\u2019est un peu le paradis non\u00a0?<\/p><\/blockquote>\n<p>\u00ab\u00a0C\u2019est \u00e0 la fois le paradis et l\u2019enfer. C\u2019est beau et en m\u00eame temps, il faisait plus de 40 degr\u00e9s. Cela a des incidences sur les corps, sur les journ\u00e9es, sur le mat\u00e9riel qu\u2019on doit prot\u00e9ger. Mais globalement, ce que je retiens moi, c\u2019est quand m\u00eame le c\u00f4t\u00e9 paradisiaque de la chose. <a href=\"https:\/\/www.leprogres.fr\/culture-loisirs\/2020\/02\/26\/un-president-qui-regne-sans-partage-symbolise-a-lui-seul-un-malaise\" target=\"_blank\" rel=\"noopener\">Parce que faire un film comme \u00e7a<\/a>, c\u2019est \u00e9videmment avoir acc\u00e8s \u00e0 des terrains de jeux auxquels, d\u2019habitude, on n\u2019aurait pas acc\u00e8s.\u00a0\u00bb<\/p>\n<blockquote class=\"question\"><p>Vous avez \u00e9galement tourn\u00e9 \u00e0 Cahuachi (ndlr\u00a0: un important centre c\u00e9r\u00e9moniel de la civilisation nazca). Quels souvenirs gardez-vous de ce site\u00a0?<\/p><\/blockquote>\n<p>\u00ab\u00a0L\u00e0, c\u2019est le vrai site. Et on a failli ne jamais faire ces plans. Il a fallu discuter avec la police p\u00e9ruvienne. Nous avons pu tourner quand ils ont compris qu\u2019on faisait une fiction et qu\u2019on \u00e9tait l\u00e0 pour totalement respecter le site arch\u00e9ologique et surtout le mettre en valeur.\u00a0\u00bb<\/p>\n<p>  \u00ab On se suivait en file indienne pour qu\u2019il n\u2019y ait qu\u2019une trace \u00e0 effacer \u00bb<\/p>\n<blockquote class=\"question\"><p>\u00c0 la fin du film, on voit le personnage de Maria Reiche avec un sextant. Cette s\u00e9quence fait penser au Petit Prince qui regarde les \u00e9toiles. Comment on pr\u00e9pare un plan aussi important\u00a0?<\/p><\/blockquote>\n<p>\u00ab\u00a0Pour le mettre en bo\u00eete, on avait 10 minutes. Donc, on le pr\u00e9pare \u00e9norm\u00e9ment en amont. C\u2019est un plan fixe qu\u2019on avait d\u00e9limit\u00e9 assez pr\u00e9cis\u00e9ment avec les dunes et le ciel.\u00a0\u00bb\u00a0\u00a0<\/p>\n<blockquote class=\"question\"><p>Dans vos carnets de tournage, vous expliquez aussi\u00a0: \u00ab\u00a0Afin de pr\u00e9server nos (fausses) lignes de Nazca et de limiter les traces dans le d\u00e9sert, nous marchons dans les pas de celles et ceux qui nous pr\u00e9c\u00e8dent\u2026\u00a0\u00bb. Vous avez pris de nombreuses pr\u00e9cautions pour ne pas ab\u00eemer le site o\u00f9 vous tourniez\u00a0?<\/p><\/blockquote>\n<p>\u00ab\u00a0Il y a eu une tentative o\u00f9 il fallait marcher avec des raquettes sous lesquelles nous avions mis de la mousse. Mais les d\u00e9placements prenaient trop de temps alors on a fait des pistes\u00a0: on se suivait en file indienne pour qu\u2019il n\u2019y ait qu\u2019une trace \u00e0 effacer.\u00a0\u00bb<\/p>\n<p>  \u00ab La nature est plus importante que nous \u00bb<\/p>\n<blockquote class=\"question\"><p>Quand on filme l\u2019un des plus grands myst\u00e8res de l\u2019histoire de l\u2019Humanit\u00e9, on cherche soi-m\u00eame des th\u00e9ories\u00a0?<\/p><\/blockquote>\n<p>\u00ab\u00a0Je ne pense pas qu\u2019on puisse aller \u00e0 Nazca, en Sib\u00e9rie, sur le lac Ba\u00efkal en faisant fi de ces questions-l\u00e0. C\u2019est-\u00e0-dire que, quelque part, la nature est plus importante que nous. Ce qu\u2019on voit, c\u2019est plus grand que nous. M\u00eame un simple arbre\u00a0! <a href=\"https:\/\/www.leprogres.fr\/culture-loisirs\/2022\/10\/24\/gilles-porte-au-cinema-pour-defendre-son-idee-du-7e-art\" target=\"_blank\" rel=\"noopener\">Je fais souvent du v\u00e9lo dans la r\u00e9gion de Feurs<\/a> et sur la route de Bellegarde-en-Forez, avant Saint-Galmier, il y a un ch\u00eane qui attire mon attention. Il existait avant moi et il existera apr\u00e8s moi. \u00c7a nous renvoie forc\u00e9ment \u00e0 cette id\u00e9e d\u2019humilit\u00e9 et qu\u2019on n\u2019est pas grand-chose dans ce monde-l\u00e0.(2)\u00a0\u00bb<\/p>\n<p class=\"note\">(1) Dans le d\u00e9sert de Nazca, au P\u00e9rou, le peuple \u00e9ponyme (qui se d\u00e9veloppa entre 100 av J-C et 600 ap J-C) avait trac\u00e9 des centaines de g\u00e9oglyphes formant des motifs g\u00e9om\u00e9triques aux formes animales invisibles depuis le sol (on ne distingue que les lignes). Leur signification a aliment\u00e9 de nombreuses th\u00e9ories depuis leur d\u00e9couverte en 1927.<\/p>\n<p class=\"note\">(2) Lady Nazca, de Damien Dorsaz, en pr\u00e9sence de Gilles Porte au Cin\u00e9Feurs vendredi 26\u00a0d\u00e9cembre (20\u00a0h\u00a030), au Family de Saint-Just-Saint-Rambert lundi 29\u00a0d\u00e9cembre (20 heures) et \u00e0 l\u2019Espace Renoir de Roanne mardi 30\u00a0d\u00e9cembre (20 heures).<\/p>\n<p class=\"insetTitle\">\u00ab\u00a0\u00c0 Feurs, j\u2019ai tous mes potes du coll\u00e8ge et du lyc\u00e9e\u00a0\u00bb<\/p>\n<p>Gilles Porte a v\u00e9cu \u00e0 Feurs de l\u2019\u00e2ge de 10 \u00e0 20 ans et a toujours gard\u00e9 des liens forts avec la ville : \u00ab Ma m\u00e8re habite toujours \u00e0 Feurs et elle fait partie de l\u2019association du cin\u00e9ma. Mais j\u2019ai aussi tous mes potes du coll\u00e8ge et du lyc\u00e9e. Ce sont vraiment des amis, des personnes sur qui je peux compter et qui savent que la r\u00e9ciproque est vraie. Je passe tr\u00e8s r\u00e9guli\u00e8rement \u00e0 Feurs, j\u2019ai de vrais rep\u00e8res. D\u00e8s qu\u2019une occasion se pr\u00e9sente, je viens ici pour me ressourcer. Je vais aussi voir mon fr\u00e8re jumeau \u00e0 Saint-Chamond. \u00bb<\/p>\n<p>Le directeur de la photo, c\u00e9saris\u00e9 comme r\u00e9alisateur en 2005 avec Yolande Moreau (C\u00e9sar de la meilleure premi\u00e8re \u0153uvre de fiction avec Quand la mer monte&#8230;), est actuellement engag\u00e9 dans de nombreux projets : \u00ab L\u00e0, je pr\u00e9pare une s\u00e9rie pour France T\u00e9l\u00e9visions et je viens de terminer LOL 2.0 (2026) (de Lisa Azuelos avec Sophie Marceau). J\u2019assure aussi le suivi du film Le Fils de personne (2026) (de Safy Nebbou avec Romain Duris) qui a \u00e9t\u00e9 tourn\u00e9 en Tha\u00eflande. Chaque fois qu\u2019on fait un film, c\u2019est une nouvelle histoire, une nouvelle aventure. \u00bb<\/p>\n<p class=\"insetTitle\">\u00ab\u00a0\u00c0 Feurs, j\u2019ai tous mes potes du coll\u00e8ge et du lyc\u00e9e\u00a0\u00bb<\/p>\n<p>Gilles Porte a v\u00e9cu \u00e0 Feurs de l\u2019\u00e2ge de 10 \u00e0 20 ans et a toujours gard\u00e9 des liens forts avec la ville\u00a0: \u00ab\u00a0Ma m\u00e8re habite toujours \u00e0 Feurs et elle fait partie de l\u2019association du cin\u00e9ma. Mais j\u2019ai aussi tous mes potes du coll\u00e8ge et du lyc\u00e9e. Ce sont vraiment des amis, des personnes sur qui je peux compter et qui savent que la r\u00e9ciproque est vraie. Je passe tr\u00e8s r\u00e9guli\u00e8rement \u00e0 Feurs, j\u2019ai de vrais rep\u00e8res. D\u00e8s qu\u2019une occasion se pr\u00e9sente, je viens ici pour me ressourcer. Je vais aussi voir mon fr\u00e8re jumeau \u00e0 Saint-Chamond.\u00a0\u00bb<\/p>\n<p>Le directeur de la photo, c\u00e9saris\u00e9 comme r\u00e9alisateur en 2005 avec Yolande Moreau (C\u00e9sar de la meilleure premi\u00e8re \u0153uvre de fiction avec Quand la mer monte\u2026 ), est actuellement engag\u00e9 dans de nombreux projets\u00a0: \u00ab\u00a0L\u00e0, je pr\u00e9pare une s\u00e9rie pour France T\u00e9l\u00e9visions et je viens de terminer LOL 2.0 (2026) (de Lisa Azuelos avec Sophie Marceau). J\u2019assure aussi le suivi du film Le Fils de personne (2026) (de Safy Nebbou avec Romain Duris) qui a \u00e9t\u00e9 tourn\u00e9 en Tha\u00eflande. Chaque fois qu\u2019on fait un film, c\u2019est une nouvelle histoire, une nouvelle aventure.\u00a0\u00bb<\/p>\n","protected":false},"excerpt":{"rendered":"Lady Nazca raconte l\u2019histoire de l\u2019arch\u00e9ologue allemande Maria Reiche (interpr\u00e9t\u00e9e par Devrim Lingnau) qui a \u00e9tudi\u00e9 les g\u00e9oglyphes&hellip;\n","protected":false},"author":2,"featured_media":612845,"comment_status":"","ping_status":"","sticky":false,"template":"","format":"standard","meta":{"footnotes":""},"categories":[1354],"tags":[650,1687,58,7359,59,24711,24992,1346,1011,27,937,1360,104],"class_list":{"0":"post-612844","1":"post","2":"type-post","3":"status-publish","4":"format-standard","5":"has-post-thumbnail","7":"category-films","8":"tag-cinema","9":"tag-culture-loisirs","10":"tag-divertissement","11":"tag-edition-loire-centre","12":"tag-entertainment","13":"tag-feurs","14":"tag-feurs-ville","15":"tag-films","16":"tag-fr","17":"tag-france","18":"tag-histoire","19":"tag-movies","20":"tag-societe"},"share_on_mastodon":{"url":"https:\/\/pubeurope.com\/@fr\/115754985283138729","error":""},"_links":{"self":[{"href":"https:\/\/www.europesays.com\/fr\/wp-json\/wp\/v2\/posts\/612844","targetHints":{"allow":["GET"]}}],"collection":[{"href":"https:\/\/www.europesays.com\/fr\/wp-json\/wp\/v2\/posts"}],"about":[{"href":"https:\/\/www.europesays.com\/fr\/wp-json\/wp\/v2\/types\/post"}],"author":[{"embeddable":true,"href":"https:\/\/www.europesays.com\/fr\/wp-json\/wp\/v2\/users\/2"}],"replies":[{"embeddable":true,"href":"https:\/\/www.europesays.com\/fr\/wp-json\/wp\/v2\/comments?post=612844"}],"version-history":[{"count":0,"href":"https:\/\/www.europesays.com\/fr\/wp-json\/wp\/v2\/posts\/612844\/revisions"}],"wp:featuredmedia":[{"embeddable":true,"href":"https:\/\/www.europesays.com\/fr\/wp-json\/wp\/v2\/media\/612845"}],"wp:attachment":[{"href":"https:\/\/www.europesays.com\/fr\/wp-json\/wp\/v2\/media?parent=612844"}],"wp:term":[{"taxonomy":"category","embeddable":true,"href":"https:\/\/www.europesays.com\/fr\/wp-json\/wp\/v2\/categories?post=612844"},{"taxonomy":"post_tag","embeddable":true,"href":"https:\/\/www.europesays.com\/fr\/wp-json\/wp\/v2\/tags?post=612844"}],"curies":[{"name":"wp","href":"https:\/\/api.w.org\/{rel}","templated":true}]}}