{"id":612846,"date":"2025-12-21T01:34:19","date_gmt":"2025-12-21T01:34:19","guid":{"rendered":"https:\/\/www.europesays.com\/fr\/612846\/"},"modified":"2025-12-21T01:34:19","modified_gmt":"2025-12-21T01:34:19","slug":"ce-geste-anodin-pourrait-favoriser-la-demence","status":"publish","type":"post","link":"https:\/\/www.europesays.com\/fr\/612846\/","title":{"rendered":"ce geste anodin pourrait favoriser la d\u00e9mence"},"content":{"rendered":"<p>Depuis quelques ann\u00e9es, une rumeur persistante refait surface : se curer le nez augmenterait le risque de d\u00e9velopper la maladie d&rsquo;Alzheimer. L&rsquo;origine de cette affirmation ? Une \u00e9tude scientifique men\u00e9e sur des souris en 2022 et dont les travaux ont \u00e9t\u00e9 publi\u00e9s dans <a href=\"https:\/\/www.nature.com\/articles\/s41598-022-06749-9\" title=\"Chlamydia pneumoniae can infect the central nervous system via the olfactory and trigeminal nerves and contributes to Alzheimer\u2019s disease risk\" target=\"_blank\" rel=\"noopener\">Nature<\/a>. Mais faut-il vraiment s&rsquo;alarmer et arr\u00eater cette <a href=\"https:\/\/www.futura-sciences.com\/sante\/actualites\/maladie-alzheimer-fouiller-nez-habitude-favorise-demence-alzheimer-101593\/\" title=\"Se fouiller le nez, une habitude qui favorise la d\u00e9mence et Alzheimer ?\" target=\"_blank\" rel=\"noopener\">habitude<\/a> anodine ?<\/p>\n<p>Alzheimer et bact\u00e9rie nasale : ce que r\u00e9v\u00e8le l\u2019\u00e9tude de 2022<\/p>\n<p>En 2022, des chercheurs de l&rsquo;universit\u00e9 Griffith en Australie ont men\u00e9 une exp\u00e9rience sur des souris pour \u00e9tudier l&rsquo;impact de la <a href=\"https:\/\/www.futura-sciences.com\/sante\/actualites\/medecine-bacterie-origine-sclerose-plaques-49703\/\" title=\"Une bact\u00e9rie \u00e0 l\u2019origine de la scl\u00e9rose en plaques ?\" target=\"_blank\" rel=\"noopener\">bact\u00e9rie<\/a> Chlamydia pneumoniae sur le cerveau. Ils ont d\u00e9couvert que, lorsque cette bact\u00e9rie \u00e9tait introduite dans la cavit\u00e9 nasale des <a href=\"https:\/\/www.futura-sciences.com\/planete\/definitions\/zoologie-rongeur-2402\/\" target=\"_blank\" rel=\"noopener\">rongeurs<\/a>, elle pouvait atteindre leur cerveau en empruntant le <a href=\"https:\/\/www.futura-sciences.com\/sante\/definitions\/corps-humain-nerf-13864\/\" target=\"_blank\" rel=\"noopener\">nerf<\/a> olfactif. R\u00e9sultat : des signes pr\u00e9coces de modifications c\u00e9r\u00e9brales similaires \u00e0 celles observ\u00e9es dans la <a href=\"https:\/\/www.futura-sciences.com\/sante\/dossiers\/medecine-maladie-alzheimer-decryptage-873\/\" title=\"Maladie d&#039;Alzheimer\" target=\"_blank\" rel=\"noopener\">maladie d\u2019Alzheimer<\/a>.<\/p>\n<p>Mais il y a un hic. Pour favoriser l&rsquo;infiltration de la bact\u00e9rie, les chercheurs ont intentionnellement endommag\u00e9 la <a href=\"https:\/\/www.futura-sciences.com\/sante\/definitions\/medecine-muqueuse-2772\/\" target=\"_blank\" rel=\"noopener\">muqueuse<\/a> nasale des souris \u00e0 l&rsquo;aide d&rsquo;un produit chimique. Une alt\u00e9ration bien plus extr\u00eame qu&rsquo;un simple grattage du nez ! Rien ne prouve que cette exp\u00e9rience puisse \u00eatre transpos\u00e9e \u00e0 l&rsquo;Homme, et encore moins que se curer le nez soit un <a href=\"https:\/\/www.futura-sciences.com\/sante\/definitions\/vie-facteur-risque-2691\/\" target=\"_blank\" rel=\"noopener\">facteur de risque<\/a> av\u00e9r\u00e9 pour la <a href=\"https:\/\/www.futura-sciences.com\/sante\/actualites\/maladie-alzheimer-alzheimer-nouveau-coupable-maladie-identifie-scientifiques-119089\/\" title=\"Alzheimer : un nouveau coupable de la maladie identifi\u00e9 par les scientifiques\" target=\"_blank\" rel=\"noopener\">maladie d\u2019Alzheimer<\/a>.<\/p>\n<p class=\"fs-media\">\n<p><img decoding=\"async\" data-imgid=\"full\" src=\"https:\/\/www.europesays.com\/fr\/wp-content\/uploads\/2025\/12\/crottes-nez-alzheimer.jpeg\" width=\"1080\" height=\"720\" alt=\"\" loading=\"lazy\"\/><br \/>\nRien ne prouve que se curer le nez soit un facteur de risque av\u00e9r\u00e9 pour la maladie d\u2019Alzheimer. \u00a9\u00a0Cookie Studio, Adobe Stock<\/p>\n<p>Un simple geste du quotidien pourrait-il vraiment favoriser la d\u00e9mence ?<\/p>\n<p>L&rsquo;\u00e9tude a \u00e9t\u00e9 relay\u00e9e de nombreuses fois, laissant croire que ce geste courant pourrait favoriser la <a href=\"https:\/\/www.futura-sciences.com\/sante\/definitions\/medecine-demence-3227\/\" target=\"_blank\" rel=\"noopener\">d\u00e9mence<\/a>. Pourtant, plusieurs neuroscientifiques ont d\u00e9nonc\u00e9 cette interpr\u00e9tation h\u00e2tive. Le professeur Bryce Vissel, sp\u00e9cialiste des <a href=\"https:\/\/www.futura-sciences.com\/sante\/actualites\/vie-maladies-neurodegeneratives-decouverte-cercle-vicieux-8659\/\" title=\"Maladies neurod\u00e9g\u00e9n\u00e9ratives : d\u00e9couverte d&#039;un cercle vicieux\" target=\"_blank\" rel=\"noopener\">maladies neurod\u00e9g\u00e9n\u00e9ratives<\/a>, estime qu&rsquo;aucune preuve scientifique ne vient \u00e9tayer cette hypoth\u00e8se.<\/p>\n<p>Bien que des recherches soient en cours sur le lien entre infections nasales et d\u00e9mence, il est crucial de distinguer les faits des suppositions. Nikki-Anne Wilson, chercheuse en neurosciences, rappelle que la maladie d&rsquo;Alzheimer r\u00e9sulte d&rsquo;une combinaison complexe de <a href=\"https:\/\/www.futura-sciences.com\/sante\/actualites\/maladie-alzheimer-maladie-alzheimer-75-facteurs-risques-genetiques-ont-ete-identifies-97749\/\" title=\"Maladie d\u2019Alzheimer : 75 facteurs de risques g\u00e9n\u00e9tiques ont \u00e9t\u00e9 identifi\u00e9s\" target=\"_blank\" rel=\"noopener\">facteurs g\u00e9n\u00e9tiques<\/a> et environnementaux. Se curer le nez, un geste quasi universel, n&rsquo;en fait certainement pas partie.<\/p>\n<p>Il n&rsquo;y a donc aucune preuve formelle que se curer le nez puisse entra\u00eener la maladie d&rsquo;Alzheimer. Cependant, il est recommand\u00e9 de pratiquer ce geste avec douceur afin de ne pas endommager la muqueuse nasale, mais il n&rsquo;y a aucune raison de s&rsquo;inqui\u00e9ter quant \u00e0 son lien avec la d\u00e9mence \u00e0 ce jour.<\/p>\n","protected":false},"excerpt":{"rendered":"Depuis quelques ann\u00e9es, une rumeur persistante refait surface : se curer le nez augmenterait le risque de d\u00e9velopper&hellip;\n","protected":false},"author":2,"featured_media":612847,"comment_status":"","ping_status":"","sticky":false,"template":"","format":"standard","meta":{"footnotes":""},"categories":[10],"tags":[18205,72382,72381,281,1011,27,72,70049,12966,72383,10081,18243,71],"class_list":{"0":"post-612846","1":"post","2":"type-post","3":"status-publish","4":"format-standard","5":"has-post-thumbnail","7":"category-sante","8":"tag-bacteries","9":"tag-chlamydia-pneumoniae","10":"tag-crottes-de-nez","11":"tag-demence","12":"tag-fr","13":"tag-france","14":"tag-health","15":"tag-maladie-d039alzheimer","16":"tag-maladies-neurodegeneratives","17":"tag-muqueuse-nasale","18":"tag-neurosciences","19":"tag-nez","20":"tag-sante"},"share_on_mastodon":{"url":"","error":""},"_links":{"self":[{"href":"https:\/\/www.europesays.com\/fr\/wp-json\/wp\/v2\/posts\/612846","targetHints":{"allow":["GET"]}}],"collection":[{"href":"https:\/\/www.europesays.com\/fr\/wp-json\/wp\/v2\/posts"}],"about":[{"href":"https:\/\/www.europesays.com\/fr\/wp-json\/wp\/v2\/types\/post"}],"author":[{"embeddable":true,"href":"https:\/\/www.europesays.com\/fr\/wp-json\/wp\/v2\/users\/2"}],"replies":[{"embeddable":true,"href":"https:\/\/www.europesays.com\/fr\/wp-json\/wp\/v2\/comments?post=612846"}],"version-history":[{"count":0,"href":"https:\/\/www.europesays.com\/fr\/wp-json\/wp\/v2\/posts\/612846\/revisions"}],"wp:featuredmedia":[{"embeddable":true,"href":"https:\/\/www.europesays.com\/fr\/wp-json\/wp\/v2\/media\/612847"}],"wp:attachment":[{"href":"https:\/\/www.europesays.com\/fr\/wp-json\/wp\/v2\/media?parent=612846"}],"wp:term":[{"taxonomy":"category","embeddable":true,"href":"https:\/\/www.europesays.com\/fr\/wp-json\/wp\/v2\/categories?post=612846"},{"taxonomy":"post_tag","embeddable":true,"href":"https:\/\/www.europesays.com\/fr\/wp-json\/wp\/v2\/tags?post=612846"}],"curies":[{"name":"wp","href":"https:\/\/api.w.org\/{rel}","templated":true}]}}