{"id":612850,"date":"2025-12-21T01:36:18","date_gmt":"2025-12-21T01:36:18","guid":{"rendered":"https:\/\/www.europesays.com\/fr\/612850\/"},"modified":"2025-12-21T01:36:18","modified_gmt":"2025-12-21T01:36:18","slug":"jai-frole-larret-cardiaque-ces-internautes-ont-eu-peur","status":"publish","type":"post","link":"https:\/\/www.europesays.com\/fr\/612850\/","title":{"rendered":"\u00ab\u00a0J\u2019ai fr\u00f4l\u00e9 l\u2019arr\u00eat cardiaque\u00a0\u00bb, ces internautes ont eu peur"},"content":{"rendered":"<p>Samedi soir, le plateau du <a href=\"https:\/\/www.20minutes.fr\/dossier\/star_academy\" class=\"c-link c-link--is-underlined\" target=\"_blank\" rel=\"noopener\">Star Academy 2025<\/a> avait des allures d\u2019ar\u00e8nes, avec 4 face-\u00e0-face qui ont rythm\u00e9 le prime. Apr\u00e8s les duels, Jeanne, L\u00e9a, Sarah et Th\u00e9o P. \u00e9taient en danger (Ambre, Bastiaan, M\u00e9lissa et Victor se sont impos\u00e9s). Et l\u2019\u00e9l\u00e8ve \u00e9limin\u00e9e a finalement \u00e9t\u00e9\u2026 Jeanne\u00a0! Pour rappel, Anouk \u00e9tait immunis\u00e9e cette semaine apr\u00e8s avoir termin\u00e9 premi\u00e8re des \u00e9valuations a capella.<\/p>\n<p>La Toile, pas fan des face-\u00e0-face<\/p>\n<p>Durant toute la soir\u00e9e, les internautes ont fait part de leur m\u00e9contentement, notamment apr\u00e8s la \u00ab\u00a0d\u00e9faite\u00a0\u00bb de Sarah contre M\u00e9lissa. Lors d\u2019une fin de prime \u00e9mouvante, avec le retour des anciens \u00e9l\u00e8ves de la promo, c\u2019est Jeanne qui a quitt\u00e9 l\u2019aventure. Sur le plateau du studio 217, l\u2019annonce de <a href=\"https:\/\/www.20minutes.fr\/dossier\/nikos_aliagas\" class=\"c-link c-link--is-underlined\" target=\"_blank\" rel=\"noopener\">Nikos Aliagas<\/a> a fait l\u2019effet d\u2019une bombe. Elle retrouvera \u00e0 l\u2019ext\u00e9rieur L\u00e9o, avec qui elle s\u2019est montr\u00e9e complice durant son s\u00e9jour au ch\u00e2teau de Dammarie-les-Lys.<\/p>\n<p>Consid\u00e9r\u00e9e comme l\u2019une des grandes favorites de la saison, Sarah a \u00e9t\u00e9 sauv\u00e9e en derni\u00e8re, ce qui a eu le don de causer des sueurs froides \u00e0 ses fans sur X. Elle avait perdu son duel face \u00e0 M\u00e9lissa sur La Foule, d\u2019\u00c9dith Piaf.<\/p>\n<p>D\u00e9sormais, ils ne sont plus que 8 \u00e0 la Star Academy. Anouk perd sa meilleure amie de la promo.<\/p>\n<p class=\"mb-m@xs text-l@xs\">En cliquant sur\u00ab J\u2019accepte \u00bb, vous acceptez le d\u00e9p\u00f4t de cookies par des services externes et aurez ainsi acc\u00e8s aux contenus de nos partenaires.<\/p>\n<p class=\"mb-xl@xs text-s@xs\">Plus d\u2019informations sur la page<a href=\"https:\/\/www.20minutes.fr\/gestion-cookies\" class=\"mx-xxs@xs color-ultramarine\" target=\"_blank\" rel=\"noopener\">Politique de gestion des cookies<\/a><\/p>\n<p>J\u2019accepteLes r\u00f4les changent \u00e0 la Star Ac\u00a0!<\/p>\n<p>La semaine prochaine, la comp\u00e9tition continue et les compteurs sont remis \u00e0 z\u00e9ro sur <a href=\"https:\/\/www.20minutes.fr\/dossier\/tf1\" class=\"c-link c-link--is-underlined\" target=\"_blank\" rel=\"noopener\">TF1<\/a>. Ce seront les \u00e9l\u00e8ves qui devront immuniser l\u2019un d\u2019entre eux apr\u00e8s les \u00e9valuations de mardi. Ils remplaceront les professeurs et devront attribuer des notes \u00e0 leurs camarades. Sur le prime de samedi, d\u2019autres \u00e9valuations auront lieu, en direct, et ce seront les professeurs qui devront nommer trois \u00e9l\u00e8ves. Ensuite, le public devra voter pour sauver ses deux candidats pr\u00e9f\u00e9r\u00e9s. Celui qui r\u00e9coltera le moins de voix sera \u00e9limin\u00e9.<\/p>\n","protected":false},"excerpt":{"rendered":"Samedi soir, le plateau du Star Academy 2025 avait des allures d\u2019ar\u00e8nes, avec 4 face-\u00e0-face qui ont rythm\u00e9&hellip;\n","protected":false},"author":2,"featured_media":612851,"comment_status":"","ping_status":"","sticky":false,"template":"","format":"standard","meta":{"footnotes":""},"categories":[8],"tags":[58,59,1011,27,10827,5095,252,199],"class_list":{"0":"post-612850","1":"post","2":"type-post","3":"status-publish","4":"format-standard","5":"has-post-thumbnail","7":"category-divertissement","8":"tag-divertissement","9":"tag-entertainment","10":"tag-fr","11":"tag-france","12":"tag-nikos-aliagas","13":"tag-star-academy","14":"tag-television","15":"tag-tf1"},"share_on_mastodon":{"url":"https:\/\/pubeurope.com\/@fr\/115754997214114835","error":""},"_links":{"self":[{"href":"https:\/\/www.europesays.com\/fr\/wp-json\/wp\/v2\/posts\/612850","targetHints":{"allow":["GET"]}}],"collection":[{"href":"https:\/\/www.europesays.com\/fr\/wp-json\/wp\/v2\/posts"}],"about":[{"href":"https:\/\/www.europesays.com\/fr\/wp-json\/wp\/v2\/types\/post"}],"author":[{"embeddable":true,"href":"https:\/\/www.europesays.com\/fr\/wp-json\/wp\/v2\/users\/2"}],"replies":[{"embeddable":true,"href":"https:\/\/www.europesays.com\/fr\/wp-json\/wp\/v2\/comments?post=612850"}],"version-history":[{"count":0,"href":"https:\/\/www.europesays.com\/fr\/wp-json\/wp\/v2\/posts\/612850\/revisions"}],"wp:featuredmedia":[{"embeddable":true,"href":"https:\/\/www.europesays.com\/fr\/wp-json\/wp\/v2\/media\/612851"}],"wp:attachment":[{"href":"https:\/\/www.europesays.com\/fr\/wp-json\/wp\/v2\/media?parent=612850"}],"wp:term":[{"taxonomy":"category","embeddable":true,"href":"https:\/\/www.europesays.com\/fr\/wp-json\/wp\/v2\/categories?post=612850"},{"taxonomy":"post_tag","embeddable":true,"href":"https:\/\/www.europesays.com\/fr\/wp-json\/wp\/v2\/tags?post=612850"}],"curies":[{"name":"wp","href":"https:\/\/api.w.org\/{rel}","templated":true}]}}