{"id":612852,"date":"2025-12-21T01:37:25","date_gmt":"2025-12-21T01:37:25","guid":{"rendered":"https:\/\/www.europesays.com\/fr\/612852\/"},"modified":"2025-12-21T01:37:25","modified_gmt":"2025-12-21T01:37:25","slug":"achetez-un-mac-mini-m4-256go-a-629e-et-faites-changer-le-ssd-en-france-320e-pour-1to-code-promo","status":"publish","type":"post","link":"https:\/\/www.europesays.com\/fr\/612852\/","title":{"rendered":"Achetez un Mac mini M4 256Go \u00e0 629\u20ac et faites changer le SSD en France (320\u20ac pour 1To) + code promo"},"content":{"rendered":"<p>                    <b>Vous pensez qu&rsquo;en <a target=\"_blank\" href=\"https:\/\/shop.mac4ever.com\/gateway?pid=deeplink&amp;mid=am&amp;ml=80ek&amp;st=article&amp;sid=193792&amp;said=9&amp;sp=www\" rel=\"nofollow noopener\">achetant un Mac mini M4 en promo \u00e0 629\u20ac sur Amazon ce matin<\/a>, vous ne pourrez pas faire \u00e9voluer le SSD interne\u00a0?<\/b><\/p>\n<p>                                                                                                                                                        <img decoding=\"async\" src=\"https:\/\/www.europesays.com\/fr\/wp-content\/uploads\/2025\/12\/54031ff5fa_comment-faire-changer-le-ssd-interne-de-son-mac-en-france-machines-eligibles-tarifs-et-co.webp\" alt=\"Achetez un Mac mini M4 256Go \u00e0 629\u20ac et faites changer le SSD en France (320\u20ac pour 1To) + code promo\" width=\"1200\" height=\"688\" loading=\"lazy\"\/>        <\/p>\n<p>        <a href=\"https:\/\/www.sauvemonmac.com\/upgrade-ssd\/\" target=\"_blank\" rel=\"noopener\">\u2022 Sauvemonmac.com\/upgrade-ssd\/<\/a><br \/><b>Cochez la case Mac4Ever<\/b> au moment du devis\u00a0!<\/p>\n<p>Bonus\u00a0: actuellement le site propose <b>une remise suppl\u00e9mentaire (10% au lieu de 5%)<\/b> sur les mod\u00e8les suivants\u00a0:<\/p>\n<p>\u2022 MacBook Air M1 A2337<br \/>\u2022 MacBook Pro M1 13 pouces A2338<br \/>\u2022 Mac Mini M1<br \/>\u2022 Mac Mini M2<br \/>\u2022 Mac Mini M4 en 1To seulement<\/p>\n<p>En r\u00e9alit\u00e9, il est <b>possible de faire \u00e9voluer ces disques apr\u00e8s achat<\/b>, mais la manipulation n&rsquo;est pas simple car il faut du mat\u00e9riel de pointe, et une certaine exp\u00e9rience. Quentin, <a href=\"https:\/\/www.sauvemonmac.com\/upgrade-ssd\/\" target=\"_blank\" rel=\"noopener\">fondateur du service fran\u00e7ais Sauve Mon Mac<\/a> a d\u00e9cid\u00e9 d&rsquo;offrir une seconde vie \u00e0 la plupart des Mac en circulation.<\/p>\n<p>Comment faire changer le SSD interne de son Mac\u00a0?<\/p>\n<p><b>Pour changer le SSD, le principe consiste \u00e0 remplacer la puce m\u00e9moire (NAND) par un mod\u00e8le identique \u00e0 celui d&rsquo;Apple -c&rsquo;est tr\u00e8s important, pour que le disque soit pris en compte nativement et sans risque par le Mac.<\/b><\/p>\n<p>                                                                                                                                                        <img decoding=\"async\" src=\"https:\/\/www.europesays.com\/fr\/wp-content\/uploads\/2025\/12\/ac406e21c7_comment-faire-changer-le-ssd-interne-de-son-mac-en-france-machines-eligibles-tarifs-et-co.webp\" alt=\"Achetez un Mac mini M4 256Go \u00e0 629\u20ac et faites changer le SSD en France (320\u20ac pour 1To) + code promo\" width=\"1200\" height=\"752\" loading=\"lazy\"\/>        <\/p>\n<p><b>L&rsquo;op\u00e9ration fonctionne avec tous les Mac \u00e9quip\u00e9s de processeur Apple Silicon<\/b> M1, M2 ou M3 ou M4 (voir ci-dessous). On peut donc passer \u00e0 500Go, 1To ou 2To. Les mod\u00e8les Pro peuvent \u00eatre \u00e9tendus \u00e0 4To ou m\u00eame 8To\u00a0!<\/p>\n<p>L\u2019op\u00e9ration consiste donc \u00e0 <b>retirer les puces Nand de votre SSD original pour resouder des puces de capacit\u00e9 sup\u00e9rieure<\/b>. Selon les mod\u00e8les, il faut peupler les emplacements vides de la carte m\u00e8re pour qu\u2019ils deviennent communicants. Voil\u00e0 pourquoi la technique n\u00e9cessite du mat\u00e9riel de pointe et ne peut \u00eatre fait \u00e0 la maison.<\/p>\n<p>                                                                                                                                                        <img decoding=\"async\" src=\"https:\/\/www.europesays.com\/fr\/wp-content\/uploads\/2025\/12\/aad1ff481c_comment-faire-changer-le-ssd-interne-de-son-mac-en-france-machines-eligibles-tarifs-et-co.webp\" alt=\"Achetez un Mac mini M4 256Go \u00e0 629\u20ac et faites changer le SSD en France (320\u20ac pour 1To) + code promo\" width=\"1200\" height=\"429\" loading=\"lazy\"\/>        <\/p>\n<p>L&rsquo;entreprise <b>garantit l&rsquo;intervention pour la dur\u00e9e de vie de l&rsquo;appareil<\/b>, le client n&rsquo;a pas \u00e0 s&rsquo;en soucier (prise en charge du retour SAV si besoin) <\/p>\n<p>Tarifs et code promo        Quentin, cr\u00e9ateur de sauvemonmac , propose aux lecteurs de Mac4Ever une <b>r\u00e9duction de 5% sur toute op\u00e9ration<\/b> de changement de SSD\u00a0!<\/p>\n<p>                                                                                                                                                        <img decoding=\"async\" src=\"https:\/\/www.europesays.com\/fr\/wp-content\/uploads\/2025\/12\/aa4d53d5d6_comment-faire-changer-le-ssd-interne-de-son-mac-en-france-machines-eligibles-tarifs-et-co.webp\" alt=\"Achetez un Mac mini M4 256Go \u00e0 629\u20ac et faites changer le SSD en France (320\u20ac pour 1To) + code promo\" width=\"972\" height=\"416\" loading=\"lazy\"\/>        <\/p>\n<p><a href=\"https:\/\/www.sauvemonmac.com\/upgrade-ssd\/\" target=\"_blank\" rel=\"noopener\">\u2022 Sauvemonmac.com\/upgrade-ssd\/<\/a><\/p>\n<p>Pour cela, il <b>suffit de cocher la case Mac4Ever<\/b> au moment du devis\u00a0!<\/p>\n<p>Ces r\u00e9ductions peuvent fonctionner <b>sur les mises \u00e0 niveau SSD mais \u00e9galement sur l&rsquo;ensemble de ses prestations<\/b>, y compris les r\u00e9parations. <\/p>\n<p>Machines \u00e9ligibles<\/p>\n<p><b>Passage \u00e0 un SSD vers 1To ou 2To<\/b> sur les mod\u00e8les suivants\u00a0:<\/p>\n<p>\u2022 MacBook Air M1 (2020) A2337 13 pouces <br \/>\u2022 MacBook Air M2 (2022-2023) A2681 13 pouces ou A2941 15 pouces<br \/>\u2022 MacBook Air M3 (2024) A3113 13 pouces ou A3114 15 pouces<br \/>\u2022 MacBook Air M4 (2025) A3240 13 pouces ou A3241 15 pouces<br \/>\u2022 MacBook Pro M1 (2020) A2338 13 pouces<br \/>\u2022 MacBook Pro M2 (2022) A2338 13 pouces<br \/>\u2022 iMac M1 (2021) A2438 ou A2439 24 pouces<br \/>\u2022 iMac M3 (2023) A2873 ou A2874 24 pouces<br \/>\u2022 iMac M4 (2024) A3247 ou A3137 24 pouces<br \/>\u2022 Mac Mini M4 (2024) A3238<br \/>\u2022 Mac Mini M2 (2022) A2686<br \/>\u2022 Mac Mini M1 (2020) A2348<br \/>\u2022 MacBook Pro M3 (2023) A2918 14 pouces<br \/>\u2022 MacBook Pro M4 (2024) A3112 14 pouces<br \/>\u2022 Mac Studio M3 \/ M4 Max (2025)<\/p>\n<p><b>\u2022 Tarifs uniques\u00a0: 320\u20ac pour 1To<\/b> soit 35% de r\u00e9duction sur le tarif Apple (tarif \u00e0 titre indicatif, susceptible d\u2019\u00e9voluer selon le prix des puces sur le march\u00e9) et 450\u20ac pour 2To soit 55% de r\u00e9duction\u00a0!<\/p>\n<p><b>Passage \u00e0 un SSD de 2To sur les mod\u00e8les suivants\u00a0: <\/b><\/p>\n<p>\u2022 MacBook Pro M1 Pro et Max 14 et 16 pouces (A2442\u00a0\u2013 A2485\u00a0\u2013 2021)<br \/>\u2022 Mac Studio M1 Max \/ Ultra (A2615\u00a0\u2013 2022)<br \/>\u2022 MacBook Pro M3 Pro et Max 14 et 16 pouces (A2992\u00a0\u2013 A2991\u00a0\u2013 2023)<br \/>\u2022 Mac Studio M2 Max \/ Ultra (A2901\u00a0\u2013 2023)<br \/>\u2022 Mac Mini M2 Pro (A2816\u00a0\u2013 2023)<br \/>\u2022 MacBook Pro M2 Pro et Max 14 et 16 pouces (A2779\u00a0\u2013 A2780\u00a0\u2013 2023)<br \/>\u2022 Mac Mini M4 Pro (A3239\u00a0\u2013 2024)<br \/>\u2022 MacBook Pro M4 Pro et Max 14 et 16 pouces (A3401\u00a0\u2013 A3403\u00a0\u2013 A3185\u00a0\u2013 A3186\u00a0\u2013 2024)<\/p>\n<p>\u2022 <b>Tarif unique\u00a0: 500\u20ac pour 2To (tarif \u00e0 titre indicatif, susceptible d\u2019\u00e9voluer selon le prix des puces sur le march\u00e9)<\/b><\/p>\n<p><b>Passage \u00e0 un SSD de 4To<\/b> sur les mod\u00e8les suivants\u00a0: <\/p>\n<p>\u2022 MacBook Pro M4 Pro 14 et 16 pouces (A3401\u00a0\u2013 A3403\u00a0\u2013 2024)<br \/>\u2022 MacBook Pro M3 Pro 14 et 16 pouces (A2992\u00a0\u2013 A2991\u00a0\u2013 2023)<br \/>\u2022 Mac Studio M3 \/ M4 Max (2025)<\/p>\n<p><b>Tarif unique\u00a0: 750\u20ac pour 4To soit 50% de r\u00e9duction sur le tarif Apple (tarif \u00e0 titre indicatif, susceptible d\u2019\u00e9voluer selon le prix des puces sur le march\u00e9)<\/b><\/p>\n<p>\u2022 <b>Passage \u00e0 un SSD de 8To<\/b> sur les mod\u00e8les qui peuvent le supporter (Max et Ultra)\u00a0: sur demande<\/p>\n<p>Liens et code promo<\/p>\n","protected":false},"excerpt":{"rendered":"Vous pensez qu&rsquo;en achetant un Mac mini M4 en promo \u00e0 629\u20ac sur Amazon ce matin, vous ne&hellip;\n","protected":false},"author":2,"featured_media":612853,"comment_status":"","ping_status":"","sticky":false,"template":"","format":"standard","meta":{"footnotes":""},"categories":[7],"tags":[1011,27,6049,43,40,41,39,19874,42,44],"class_list":{"0":"post-612852","1":"post","2":"type-post","3":"status-publish","4":"format-standard","5":"has-post-thumbnail","7":"category-sciences-et-technologies","8":"tag-fr","9":"tag-france","10":"tag-mac","11":"tag-science","12":"tag-science-and-technology","13":"tag-sciences","14":"tag-sciences-et-technologies","15":"tag-ssd","16":"tag-technologies","17":"tag-technology"},"share_on_mastodon":{"url":"https:\/\/pubeurope.com\/@fr\/115755002100252750","error":""},"_links":{"self":[{"href":"https:\/\/www.europesays.com\/fr\/wp-json\/wp\/v2\/posts\/612852","targetHints":{"allow":["GET"]}}],"collection":[{"href":"https:\/\/www.europesays.com\/fr\/wp-json\/wp\/v2\/posts"}],"about":[{"href":"https:\/\/www.europesays.com\/fr\/wp-json\/wp\/v2\/types\/post"}],"author":[{"embeddable":true,"href":"https:\/\/www.europesays.com\/fr\/wp-json\/wp\/v2\/users\/2"}],"replies":[{"embeddable":true,"href":"https:\/\/www.europesays.com\/fr\/wp-json\/wp\/v2\/comments?post=612852"}],"version-history":[{"count":0,"href":"https:\/\/www.europesays.com\/fr\/wp-json\/wp\/v2\/posts\/612852\/revisions"}],"wp:featuredmedia":[{"embeddable":true,"href":"https:\/\/www.europesays.com\/fr\/wp-json\/wp\/v2\/media\/612853"}],"wp:attachment":[{"href":"https:\/\/www.europesays.com\/fr\/wp-json\/wp\/v2\/media?parent=612852"}],"wp:term":[{"taxonomy":"category","embeddable":true,"href":"https:\/\/www.europesays.com\/fr\/wp-json\/wp\/v2\/categories?post=612852"},{"taxonomy":"post_tag","embeddable":true,"href":"https:\/\/www.europesays.com\/fr\/wp-json\/wp\/v2\/tags?post=612852"}],"curies":[{"name":"wp","href":"https:\/\/api.w.org\/{rel}","templated":true}]}}