{"id":612854,"date":"2025-12-21T01:38:12","date_gmt":"2025-12-21T01:38:12","guid":{"rendered":"https:\/\/www.europesays.com\/fr\/612854\/"},"modified":"2025-12-21T01:38:12","modified_gmt":"2025-12-21T01:38:12","slug":"tous-les-francais-font-cette-erreur-avec-leur-banque-ca-vous-coute-une-fortune-inutilement","status":"publish","type":"post","link":"https:\/\/www.europesays.com\/fr\/612854\/","title":{"rendered":"TOUS les Fran\u00e7ais font cette erreur avec leur banque, \u00e7a vous co\u00fbte une fortune inutilement"},"content":{"rendered":"<p><strong>L\u00a0\u00bbinflation<\/strong> grignote progressivement le<br \/>\n<strong>pouvoir d&rsquo;achat fran\u00e7ais<\/strong> depuis plusieurs mois<br \/>\ncons\u00e9cutifs maintenant. Chaque euro compte davantage qu&rsquo;hier et,<br \/>\npourtant, une <strong>erreur massive persiste dans la gestion<br \/>\nquotidienne<\/strong>. Les m\u00e9nages laissent dormir des sommes<br \/>\nastronomiques sur leurs comptes sans r\u00e9aliser <strong>l&rsquo;ampleur du<br \/>\nmanque \u00e0 gagner<\/strong>.<\/p>\n<p>Cette n\u00e9gligence collective concernant la banque co\u00fbte<br \/>\neffectivement <strong>plusieurs centaines d&rsquo;euros annuels<\/strong><br \/>\n\u00e0 chaque foyer fran\u00e7ais. D&rsquo;ailleurs, certains \u00e9v\u00e9nements r\u00e9cents<br \/>\nviennent compliquer encore plus la <strong>situation des \u00e9pargnants<br \/>\nmal inform\u00e9s<\/strong>.<\/p>\n<p>Blocage bancaire surprise pendant les f\u00eates de fin d&rsquo;ann\u00e9e<\/p>\n<p>Les <strong>virements bancaires<\/strong> connaitront une<br \/>\n<a href=\"https:\/\/www.melty.fr\/divers\/plus-aucun-virement-bancaire-possible-entre-le-25-et-le-28-decembre-voici-pourquoi-tout-sera-bloque-pendant-4-jours-2279508.html\" target=\"_blank\" rel=\"noopener\"><br \/>\ninterruption totale durant quatre jours cons\u00e9cutifs fin d\u00e9cembre<br \/>\nprochain<\/a>. La <strong>F\u00e9d\u00e9ration Bancaire Fran\u00e7aise<\/strong><br \/>\nannonce effectivement la fermeture du syst\u00e8me Target 2 entre<br \/>\nmercredi et vendredi. Ce pilier du <strong>march\u00e9 financier<br \/>\neurop\u00e9en<\/strong> cessera temporairement de fonctionner du 25 au 26<br \/>\nd\u00e9cembre.<\/p>\n<p>Le week-end prolonge naturellement cette interruption jusqu&rsquo;au<br \/>\ndimanche 28 d\u00e9cembre inclus sans exception possible. Cette<br \/>\n<strong>Banque centrale des paiements interbancaires dans la zone<br \/>\neuro<\/strong> suspend donc compl\u00e8tement ses activit\u00e9s. Par<br \/>\ncons\u00e9quent, aucune transaction ne pourra transiter entre diff\u00e9rents<br \/>\n\u00e9tablissements pendant cette p\u00e9riode festive pourtant<br \/>\nstrat\u00e9gique.<\/p>\n<p>Des millions d&rsquo;\u00e9pargnants n\u00e9gligent quotidiennement une<br \/>\nopportunit\u00e9 financi\u00e8re majeure<\/p>\n<p>La <strong>Banque de France<\/strong> recense d\u00e9sormais plus de<br \/>\n73 millions de comptes courants actifs sur le territoire. Cette<br \/>\nmultiplication des comptes cache n\u00e9anmoins une r\u00e9alit\u00e9 pr\u00e9occupante<br \/>\nqui <strong>p\u00e8se lourdement sur les finances fran\u00e7aises<\/strong>.<br \/>\nEn moyenne, chaque m\u00e9nage conserve en moyenne <strong>16 562<br \/>\neuros<\/strong> sur son compte courant sans les faire<br \/>\nfructifier.<\/p>\n<p>Ces sommes consid\u00e9rables stagnent cependant, alors que<br \/>\n<strong>l&rsquo;inflation continue de progresser inexorablement<\/strong><br \/>\nchaque mois cons\u00e9cutif. La plupart des Fran\u00e7ais re\u00e7oivent<br \/>\neffectivement leurs revenus sur ces comptes avant de les utiliser<br \/>\nau quotidien. Cette habitude ne <strong>g\u00e9n\u00e8re n\u00e9anmoins aucun<br \/>\nint\u00e9r\u00eat contrairement aux alternatives disponibles<\/strong> sur le<br \/>\nmarch\u00e9 financier.<\/p>\n<p>L&rsquo;argent immobile sur les comptes<br \/>\ncourants s&rsquo;\u00e9vapore silencieusement avec l&rsquo;inflation galopante<\/p>\n<p>Les <strong>\u00e9tablissements bancaires<\/strong> ne r\u00e9mun\u00e8rent<br \/>\ng\u00e9n\u00e9ralement pas les d\u00e9p\u00f4ts plac\u00e9s sur les comptes courants<br \/>\ntraditionnels. L&rsquo;argent y reste donc totalement improductif tandis<br \/>\nque les prix augmentent continuellement dans tous les secteurs. Le<br \/>\nLivret A propose actuellement <strong>un taux de 3 %<\/strong><br \/>\ntandis que <strong>le LEP atteint m\u00eame 5\u2009%<\/strong>.<\/p>\n<p>L&rsquo;INSEE estime par ailleurs que <strong>l&rsquo;inflation devrait se<br \/>\nmaintenir sous la barre des 3 %<\/strong> cette ann\u00e9e. Placer ses<br \/>\nliquidit\u00e9s sur ces supports r\u00e9mun\u00e9r\u00e9s permet ainsi de prot\u00e9ger<br \/>\nconcr\u00e8tement votre pouvoir d&rsquo;achat. Attention toutefois, car \u00e0<br \/>\npartir de mars 2026, des millions de PEL ouverts apr\u00e8s 2011<br \/>\n<a href=\"https:\/\/www.melty.fr\/divers\/des-2026-votre-pel-risque-la-cloture-automatique-ce-quil-faut-faire-avant-quil-ne-soit-trop-tard-2281640.html\" target=\"_blank\" rel=\"noopener\"><br \/>\nrisquent une cl\u00f4ture automatique inattendue<\/a>. Votre banque<br \/>\npourrait bient\u00f4t vous contacter pour r\u00e9gulariser cette situation<br \/>\nd\u00e9licate sans forc\u00e9ment vous pr\u00e9venir suffisamment \u00e0 l&rsquo;avance.<\/p>\n","protected":false},"excerpt":{"rendered":"L\u00a0\u00bbinflation grignote progressivement le pouvoir d&rsquo;achat fran\u00e7ais depuis plusieurs mois cons\u00e9cutifs maintenant. Chaque euro compte davantage qu&rsquo;hier et,&hellip;\n","protected":false},"author":2,"featured_media":612855,"comment_status":"","ping_status":"","sticky":false,"template":"","format":"standard","meta":{"footnotes":""},"categories":[6],"tags":[35,33,34,1011,27,65861],"class_list":{"0":"post-612854","1":"post","2":"type-post","3":"status-publish","4":"format-standard","5":"has-post-thumbnail","7":"category-economie","8":"tag-business","9":"tag-economie","10":"tag-economy","11":"tag-fr","12":"tag-france","13":"tag-trend"},"share_on_mastodon":{"url":"https:\/\/pubeurope.com\/@fr\/115755005127118272","error":""},"_links":{"self":[{"href":"https:\/\/www.europesays.com\/fr\/wp-json\/wp\/v2\/posts\/612854","targetHints":{"allow":["GET"]}}],"collection":[{"href":"https:\/\/www.europesays.com\/fr\/wp-json\/wp\/v2\/posts"}],"about":[{"href":"https:\/\/www.europesays.com\/fr\/wp-json\/wp\/v2\/types\/post"}],"author":[{"embeddable":true,"href":"https:\/\/www.europesays.com\/fr\/wp-json\/wp\/v2\/users\/2"}],"replies":[{"embeddable":true,"href":"https:\/\/www.europesays.com\/fr\/wp-json\/wp\/v2\/comments?post=612854"}],"version-history":[{"count":0,"href":"https:\/\/www.europesays.com\/fr\/wp-json\/wp\/v2\/posts\/612854\/revisions"}],"wp:featuredmedia":[{"embeddable":true,"href":"https:\/\/www.europesays.com\/fr\/wp-json\/wp\/v2\/media\/612855"}],"wp:attachment":[{"href":"https:\/\/www.europesays.com\/fr\/wp-json\/wp\/v2\/media?parent=612854"}],"wp:term":[{"taxonomy":"category","embeddable":true,"href":"https:\/\/www.europesays.com\/fr\/wp-json\/wp\/v2\/categories?post=612854"},{"taxonomy":"post_tag","embeddable":true,"href":"https:\/\/www.europesays.com\/fr\/wp-json\/wp\/v2\/tags?post=612854"}],"curies":[{"name":"wp","href":"https:\/\/api.w.org\/{rel}","templated":true}]}}