{"id":612856,"date":"2025-12-21T01:39:15","date_gmt":"2025-12-21T01:39:15","guid":{"rendered":"https:\/\/www.europesays.com\/fr\/612856\/"},"modified":"2025-12-21T01:39:15","modified_gmt":"2025-12-21T01:39:15","slug":"un-nouveau-petrolier-intercepte-au-large-du-venezuela-par-les-etats-unis","status":"publish","type":"post","link":"https:\/\/www.europesays.com\/fr\/612856\/","title":{"rendered":"Un nouveau p\u00e9trolier intercept\u00e9 au large du Venezuela par les Etats-Unis"},"content":{"rendered":"<p>                      <img loading=\"lazy\" decoding=\"async\" src=\"https:\/\/www.europesays.com\/fr\/wp-content\/uploads\/2025\/12\/610c7da_upload-1-04cye2mfx2s5-capture-d-e-cran-2025-12-20-a-4-19-18-pm.png\" alt=\"Capture d\u2019\u00e9cran d\u2019une vid\u00e9o partag\u00e9e par la secr\u00e9taire d\u2019Etat am\u00e9ricaine pour la s\u00e9curit\u00e9 int\u00e9rieure, Kristi Noem, sur son compte X montrant l\u2019arraisonnement d\u2019un p\u00e9trolier au large du Venezuela, le 20\u00a0d\u00e9cembre 2025.\"   width=\"664\" height=\"443\"\/>    Capture d\u2019\u00e9cran d\u2019une vid\u00e9o partag\u00e9e par la secr\u00e9taire d\u2019Etat am\u00e9ricaine pour la s\u00e9curit\u00e9 int\u00e9rieure, Kristi Noem, sur son compte X montrant l\u2019arraisonnement d\u2019un p\u00e9trolier au large du Venezuela, le 20\u00a0d\u00e9cembre 2025.  @SEC_NOEM\/X                          <\/p>\n<p class=\"article__paragraph  \">Les Etats-Unis ont saisi, samedi 20\u00a0d\u00e9cembre, un nouveau p\u00e9trolier au large du Venezuela, quelques jours apr\u00e8s la mise en place par Washington d\u2019un blocus naval visant \u00e0 accentuer la pression \u00e9conomique sur Caracas.<\/p>\n<p class=\"article__paragraph  \">\u00ab\u00a0Lors d\u2019une op\u00e9ration men\u00e9e avant l\u2019aube ce matin du 20\u00a0d\u00e9cembre, les garde-c\u00f4tes am\u00e9ricains, avec le soutien du minist\u00e8re de la guerre, ont intercept\u00e9 un p\u00e9trolier qui avait accost\u00e9 pour la derni\u00e8re fois au Venezuela\u00a0\u00bb, <a href=\"https:\/\/x.com\/Sec_Noem\/status\/2002481990755627050\" target=\"_blank\" rel=\"noopener\" title=\"Nouvelle fen\u00eatre\">a annonc\u00e9 sur X<\/a> la ministre de la s\u00e9curit\u00e9 int\u00e9rieure am\u00e9ricaine, Kristi Noem. \u00ab\u00a0Les Etats-Unis continueront de traquer les d\u00e9placements illicites de p\u00e9trole sous sanctions, utilis\u00e9s pour financer le narcoterrorisme dans la r\u00e9gion. Nous vous trouverons et nous vous arr\u00eaterons\u00a0\u00bb, a ajout\u00e9 Mme Noem dans son post. Son message \u00e9tait accompagn\u00e9 d\u2019une vid\u00e9o montrant notamment un soldat d\u00e9barquer sur le pont d\u2019un navire depuis un h\u00e9licopt\u00e8re.<\/p>\n<p class=\"article__paragraph  \">Caracas a, peu apr\u00e8s, vivement condamn\u00e9 l\u2019op\u00e9ration. \u00ab\u00a0Le Venezuela d\u00e9nonce et rejette cat\u00e9goriquement le vol et l\u2019enl\u00e8vement d\u2019un nouveau navire priv\u00e9 transportant du p\u00e9trole v\u00e9n\u00e9zu\u00e9lien, ainsi que la disparition forc\u00e9e de son \u00e9quipage, actes commis par des militaires des Etats-Unis\u00a0\u00bb, a \u00e9crit le gouvernement dans un communiqu\u00e9, assurant que \u00ab\u00a0ces actes ne resteront pas impunis\u00a0\u00bb. Il a aussi promis d\u2019\u00ab\u00a0exercer toutes les actions correspondantes, y compris la d\u00e9nonciation devant le Conseil de s\u00e9curit\u00e9 des Nations unies, d\u2019autres organismes multilat\u00e9raux et les gouvernements du monde\u00a0\u00bb. \u00ab\u00a0Les responsables de ces faits graves devront r\u00e9pondre devant la justice et devant l\u2019histoire de leur conduite criminelle\u00a0\u00bb, conclut le texte.<\/p>\n<p class=\"article__paragraph  \">En d\u00e9but de semaine, le pr\u00e9sident am\u00e9ricain Donald Trump a annonc\u00e9 la mise en place d\u2019un \u00ab\u00a0blocus total\u00a0\u00bb contre des p\u00e9troliers sous sanctions se rendant ou partant du Venezuela et a d\u00e9clar\u00e9 dans une interview diffus\u00e9e vendredi qu\u2019il n\u2019\u00e9cartait pas la possibilit\u00e9 d\u2019une guerre avec ce pays.<\/p>\n<p class=\"article__paragraph  \">Son administration exerce une forte pression sur Caracas depuis des mois, cherchant \u00e0 pousser au d\u00e9part le pr\u00e9sident Nicolas Maduro, que Washington accuse d\u2019\u00eatre \u00e0 la t\u00eate d\u2019un vaste r\u00e9seau de narcotrafic. L\u2019int\u00e9ress\u00e9 d\u00e9ment, et assure que Washington cherche \u00e0 le renverser pour s\u2019emparer du p\u00e9trole v\u00e9n\u00e9zu\u00e9lien, principale ressource du pays. Les forces am\u00e9ricaines avaient d\u00e9j\u00e0 saisi la semaine derni\u00e8re un p\u00e9trolier au large du Venezuela, une op\u00e9ration qualifi\u00e9e par Nicolas Maduro de \u00ab\u00a0piraterie navale\u00a0\u00bb.<\/p>\n<p>                                       Lire aussi |  Article r\u00e9serv\u00e9 \u00e0 nos abonn\u00e9s  <a href=\"https:\/\/www.lemonde.fr\/international\/article\/2025\/12\/17\/donald-trump-impose-un-blocus-maritime-contre-les-petroliers-du-venezuela-semblant-viser-la-chute-de-nicolas-maduro_6658289_3210.html\" class=\"js-article-read-also catcher--favoris__link\" data-premium=\"1\" id=\"article-title-3451461\" target=\"_blank\" rel=\"noopener\">Donald Trump impose un blocus maritime contre les p\u00e9troliers du Venezuela, semblant viser la chute de Nicolas Maduro<\/a>    <\/p>\n<p>   Lire plus tard  <\/p>\n<p>                          Les Etats-Unis \u00ab\u00a0d\u00e9sesp\u00e9r\u00e9s\u00a0\u00bb, dit le Venezuela                    <\/p>\n<p class=\"article__paragraph  \">Sollicit\u00e9s par l\u2019Agence France-Presse (AFP) \u00e0 propos de cette op\u00e9ration, les garde-c\u00f4tes am\u00e9ricains et le Pentagone ont renvoy\u00e9 vers la Maison Blanche, qui n\u2019a pas r\u00e9pondu dans l\u2019imm\u00e9diat. Selon le New York Times, le navire saisi samedi par les forces am\u00e9ricaines battait pavillon panam\u00e9en et transportait du p\u00e9trole v\u00e9n\u00e9zu\u00e9lien appartenant \u00e0 une compagnie chinoise.<\/p>\n<p class=\"article__paragraph  \">Le Venezuela avait affirm\u00e9 mercredi que le blocus naval impos\u00e9 par les Etats-Unis n\u2019affectait pas ses exportations p\u00e9troli\u00e8res. Soumis \u00e0 un embargo am\u00e9ricain depuis 2019, le p\u00e9trole v\u00e9n\u00e9zu\u00e9lien est \u00e9coul\u00e9 sur le march\u00e9 noir \u00e0 des prix inf\u00e9rieurs \u00e0 ceux du march\u00e9, \u00e0 destination notamment de la Chine. Pour justifier la mise en place du blocus, qui a fait monter les prix du p\u00e9trole, Donald Trump a affirm\u00e9 que le Venezuela utilisait cette ressource pour financer \u00ab\u00a0le narcoterrorisme, la traite d\u2019\u00eatres humains, les meurtres et les enl\u00e8vements\u00a0\u00bb.<\/p>\n<p> Le Monde M\u00e9morable  <\/p>\n<p> <a href=\"https:\/\/www.lemonde.fr\/memorable\/?rfextension=inread\" class=\"inread__link js-services-inread-link\" target=\"_blank\" rel=\"noopener\">  <\/p>\n<p>Testez votre culture g\u00e9n\u00e9rale avec la r\u00e9daction du \u00ab Monde \u00bb<\/p>\n<p>Testez votre culture g\u00e9n\u00e9rale avec la r\u00e9daction du \u00ab Monde \u00bb<\/p>\n<p>D\u00e9couvrir<\/p>\n<p> <\/a>      <\/p>\n<p> Newsletter  <\/p>\n<p> <a href=\"https:\/\/www.lemonde.fr\/newsletters\/a-la-une\/\" class=\"inread__link js-services-inread-link\" target=\"_blank\" rel=\"noopener\">  <\/p>\n<p>\u00ab A la une \u00bb<\/p>\n<p>Chaque matin, parcourez l&rsquo;essentiel de l&rsquo;actualit\u00e9 du jour avec les derniers titres du \u00ab Monde \u00bb<\/p>\n<p>S&rsquo;inscrire<\/p>\n<p> <\/a>          <\/p>\n<p> Le Monde Application  <\/p>\n<p> <a href=\"https:\/\/lamatinale.onelink.me\/gKMy\/ahw2ubr3\" class=\"inread__link js-services-inread-link\" target=\"_blank\" rel=\"noopener\">  <\/p>\n<p>La Matinale du Monde<\/p>\n<p>Chaque matin, retrouvez notre s\u00e9lection de 20 articles \u00e0 ne pas manquer <\/p>\n<p>T\u00e9l\u00e9charger l&rsquo;application<\/p>\n<p> <\/a>      <\/p>\n<p> Newsletter abonn\u00e9s  <\/p>\n<p> <a href=\"https:\/\/www.lemonde.fr\/newsletters\/international\/\" class=\"inread__link js-services-inread-link\" target=\"_blank\" rel=\"noopener\">  <\/p>\n<p>\u00ab International \u00bb<\/p>\n<p>L\u2019essentiel de l\u2019actualit\u00e9 internationale de la semaine<\/p>\n<p>S&rsquo;inscrire<\/p>\n<p> <\/a>             <\/p>\n<p class=\"article__paragraph  \">Les Etats-Unis ont d\u00e9ploy\u00e9 depuis cet \u00e9t\u00e9 un important dispositif militaire dans les Cara\u00efbes, et bombard\u00e9 des embarcations en provenance du Venezuela au nom de la lutte contre le narcotrafic, des op\u00e9rations \u00e0 la l\u00e9galit\u00e9 mise en doute par des experts, ONG et responsables des Nations unies. Ces op\u00e9rations ont tu\u00e9 au moins 104 personnes dans les Cara\u00efbes et le Pacifique.<\/p>\n<p class=\"article__paragraph  \">L\u2019administration de Donald Trump n\u2019a jamais fourni la moindre preuve que les navires vis\u00e9s \u00e9taient effectivement impliqu\u00e9s dans un quelconque trafic. En parall\u00e8le, le pr\u00e9sident am\u00e9ricain agite depuis des semaines la menace d\u2019une intervention terrestre.<\/p>\n<p class=\"article__paragraph  \">Les tensions entre les deux pays se sont impos\u00e9es samedi \u00e0 l\u2019agenda du sommet du Mercosur \u00e0 Foz do Igua\u00e7u, au Br\u00e9sil. Le pr\u00e9sident br\u00e9silien Lula a mis en garde contre une \u00ab\u00a0catastrophe humanitaire\u00a0\u00bb en cas de conflit arm\u00e9 au Venezuela, alors que son homologue argentin Javier Milei a pour sa part salu\u00e9 \u00ab\u00a0la pression\u00a0\u00bb de Washington sur Caracas.<\/p>\n<p class=\"article__paragraph  \">Les Etats-Unis \u00ab\u00a0sont d\u00e9cha\u00een\u00e9s\u00a0\u00bb, a pour sa part d\u00e9nonc\u00e9 le ministre de la d\u00e9fense v\u00e9n\u00e9zu\u00e9lien Vladimir Padrino samedi, lors d\u2019un \u00e9v\u00e9nement public \u00e0 Caracas. \u00ab\u00a0Ils sont d\u00e9sesp\u00e9r\u00e9s \u2013 un d\u00e9sespoir tr\u00e8s dangereux \u2013 mais cela ne nous intimidera pas\u00a0\u00bb, a-t-il assur\u00e9.<\/p>\n<p>                                       Lire aussi |  Article r\u00e9serv\u00e9 \u00e0 nos abonn\u00e9s  <a href=\"https:\/\/www.lemonde.fr\/international\/article\/2025\/12\/02\/face-a-nicolas-maduro-donald-trump-fait-monter-la-pression-sans-passer-a-l-acte_6655674_3210.html\" class=\"js-article-read-also catcher--favoris__link\" data-premium=\"1\" id=\"article-title-3449142\" target=\"_blank\" rel=\"noopener\">Face \u00e0 Nicolas Maduro, Donald Trump fait monter la pression sans passer \u00e0 l\u2019acte<\/a>    <\/p>\n<p>   Lire plus tard  <\/p>\n<p>                          Soutien de l\u2019Iran au Venezuela                    <\/p>\n<p class=\"article__paragraph  \">Samedi, le Venezuela a aussi affirm\u00e9 que l\u2019Iran lui avait propos\u00e9 sa coop\u00e9ration \u00ab\u00a0dans tous les domaines\u00a0\u00bb pour lutter contre \u00ab\u00a0la piraterie et le terrorisme international\u00a0\u00bb des Etats-Unis, \u00e0 la suite d\u2019un appel t\u00e9l\u00e9phonique entre les ministres des affaires \u00e9trang\u00e8res des deux pays. L\u2019Iran est l\u2019un des principaux alli\u00e9s de Nicolas Maduro.<\/p>\n<p class=\"article__paragraph  \">La conversation avec le chef de la diplomatie iranienne a port\u00e9 sur \u00ab\u00a0les \u00e9v\u00e9nements r\u00e9cents dans les Cara\u00efbes, en particulier les menaces, les actes de piraterie des Etats-Unis et le vol de navires transportant du p\u00e9trole v\u00e9n\u00e9zu\u00e9lien\u00a0\u00bb, a \u00e9crit le ministre des affaires \u00e9trang\u00e8res v\u00e9n\u00e9zu\u00e9lien, Yv\u00e1n Gil.<\/p>\n<p class=\"article__paragraph  \">\u00ab\u00a0Le Venezuela a re\u00e7u une preuve de solidarit\u00e9 totale de la part du gouvernement de la R\u00e9publique islamique d\u2019Iran, ainsi que son offre de coop\u00e9ration dans tous les domaines pour lutter contre la piraterie et le terrorisme international que les Etats-Unis cherchent \u00e0 imposer par la force\u00a0\u00bb, a-t-il soulign\u00e9, apr\u00e8s son \u00e9change avec son homologue iranien, Ab\u00e1s Araqhchi.<\/p>\n<p class=\"article__paragraph  \">L\u2019Iran a d\u00e9j\u00e0 aid\u00e9 le Venezuela en lui fournissant du carburant, des denr\u00e9es alimentaires et des m\u00e9dicaments. La Chine et la Russie, autres pays alli\u00e9s du Venezuela, ont \u00e9galement exprim\u00e9 leur solidarit\u00e9 avec le pr\u00e9sident Maduro face au d\u00e9ploiement militaire am\u00e9ricain.<\/p>\n<p>                                       Lire aussi |  Article r\u00e9serv\u00e9 \u00e0 nos abonn\u00e9s  <a href=\"https:\/\/www.lemonde.fr\/international\/article\/2025\/11\/18\/l-administration-trump-entretient-le-doute-sur-ses-intentions-envers-le-venezuela_6653854_3210.html\" class=\"js-article-read-also catcher--favoris__link\" data-premium=\"1\" id=\"article-title-3447019\" target=\"_blank\" rel=\"noopener\">L\u2019administration Trump entretient le doute sur ses intentions envers le Venezuela<\/a>    <\/p>\n<p>   Lire plus tard  <\/p>\n<p class=\"author__detail\">  Le Monde avec AFP  <\/p>\n<p>                <a href=\"https:\/\/www.lemonde.fr\/syndication\/\" class=\"reuse__content\" title=\"R\u00e9utiliser ce contenu\" target=\"_blank\" rel=\"noopener\">R\u00e9utiliser ce contenu<\/a>      <\/p>\n","protected":false},"excerpt":{"rendered":"Capture d\u2019\u00e9cran d\u2019une vid\u00e9o partag\u00e9e par la secr\u00e9taire d\u2019Etat am\u00e9ricaine pour la s\u00e9curit\u00e9 int\u00e9rieure, Kristi Noem, sur son&hellip;\n","protected":false},"author":2,"featured_media":612857,"comment_status":"","ping_status":"","sticky":false,"template":"","format":"standard","meta":{"footnotes":""},"categories":[5],"tags":[11,1011,27,14,12,28],"class_list":{"0":"post-612856","1":"post","2":"type-post","3":"status-publish","4":"format-standard","5":"has-post-thumbnail","7":"category-international","8":"tag-actualites","9":"tag-fr","10":"tag-france","11":"tag-international","12":"tag-news","13":"tag-world"},"share_on_mastodon":{"url":"https:\/\/pubeurope.com\/@fr\/115755009770846621","error":""},"_links":{"self":[{"href":"https:\/\/www.europesays.com\/fr\/wp-json\/wp\/v2\/posts\/612856","targetHints":{"allow":["GET"]}}],"collection":[{"href":"https:\/\/www.europesays.com\/fr\/wp-json\/wp\/v2\/posts"}],"about":[{"href":"https:\/\/www.europesays.com\/fr\/wp-json\/wp\/v2\/types\/post"}],"author":[{"embeddable":true,"href":"https:\/\/www.europesays.com\/fr\/wp-json\/wp\/v2\/users\/2"}],"replies":[{"embeddable":true,"href":"https:\/\/www.europesays.com\/fr\/wp-json\/wp\/v2\/comments?post=612856"}],"version-history":[{"count":0,"href":"https:\/\/www.europesays.com\/fr\/wp-json\/wp\/v2\/posts\/612856\/revisions"}],"wp:featuredmedia":[{"embeddable":true,"href":"https:\/\/www.europesays.com\/fr\/wp-json\/wp\/v2\/media\/612857"}],"wp:attachment":[{"href":"https:\/\/www.europesays.com\/fr\/wp-json\/wp\/v2\/media?parent=612856"}],"wp:term":[{"taxonomy":"category","embeddable":true,"href":"https:\/\/www.europesays.com\/fr\/wp-json\/wp\/v2\/categories?post=612856"},{"taxonomy":"post_tag","embeddable":true,"href":"https:\/\/www.europesays.com\/fr\/wp-json\/wp\/v2\/tags?post=612856"}],"curies":[{"name":"wp","href":"https:\/\/api.w.org\/{rel}","templated":true}]}}