{"id":612858,"date":"2025-12-21T01:40:23","date_gmt":"2025-12-21T01:40:23","guid":{"rendered":"https:\/\/www.europesays.com\/fr\/612858\/"},"modified":"2025-12-21T01:40:23","modified_gmt":"2025-12-21T01:40:23","slug":"intemperies-dans-le-gard-plus-de-20-ponts-fermes-a-la-circulation-lepisode-cevenol-se-poursuit","status":"publish","type":"post","link":"https:\/\/www.europesays.com\/fr\/612858\/","title":{"rendered":"Intemp\u00e9ries dans le Gard\u00a0: plus de 20 ponts ferm\u00e9s \u00e0 la circulation, l\u2019\u00e9pisode c\u00e9venol se poursuit"},"content":{"rendered":"<p>\n                                                                Des cumuls de 300\u00a0mm pourraient \u00eatre atteints ce dimanche dans les C\u00e9vennes.\n                            <\/p>\n<p>Suite \u00e0 la formation d\u2019un \u00e9pisode m\u00e9diterran\u00e9en, le Conseil d\u00e9partemental a ferm\u00e9 plusieurs ponts \u00e0 la circulation. De nouvelles pluies sont pr\u00e9vues ce dimanche et lundi, notamment sur les C\u00e9vennes. M\u00e9t\u00e9o Languedoc pr\u00e9voit des cumuls de 150 \u00e0 250\u00a0mm sur une large partie du d\u00e9partement. Localement, plus de 300\u00a0mm sont attendus entre l\u2019Aigoual et le sud du mont Loz\u00e8re.<\/p>\n<p>Il est formellement interdit de traverser les ponts ferm\u00e9s \u00e0 la circulation. Ce samedi, malgr\u00e9 les restrictions de circulation, de nombreux automobilistes ont essay\u00e9 de traverser les ponts submersibles. Les forces de l\u2019ordre sont mobilis\u00e9es pour tenter de faire de la pr\u00e9vention sur place et alerter sur la dangerosit\u00e9 de tels comportements.<\/p>\n<blockquote data-instgrm-captioned=\"\" data-instgrm-permalink=\"https:\/\/www.instagram.com\/reel\/DSfM1dmgc8J\/?utm_source=ig_embed&amp;utm_campaign=loading\" data-instgrm-version=\"14\" style=\" background:#FFF; border:0; border-radius:3px; box-shadow:0 0 1px 0 rgba(0,0,0,0.5),0 1px 10px 0 rgba(0,0,0,0.15); margin: 1px; max-width:540px; min-width:326px; padding:0; width:99.375%; width:-webkit-calc(100% - 2px); width:calc(100% - 2px);\" data-class=\"instagram-media\"\/>\n<p>Deux nouveaux ponts submersibles sont ferm\u00e9s sur les routes secondaires\u00a0:<\/p>\n<p>RD 165\u00a0: passerelle de Carmignan<\/p>\n<p>RD 164\u00a0: pont de Lecques<\/p>\n<p>24 autres ponts sont toujours ferm\u00e9s\u00a0:<\/p>\n<p>Sur les routes principales\u00a0:<\/p>\n<p>RD 22\u00a0: ponts de Dions et du Bourdic<\/p>\n<p>RD 412\u00a0: pont de Villetelle<\/p>\n<p>RD 25\u00a0: entre Ganges et Saint-Laurent-le-Minier<\/p>\n<p>Sur les routes secondaires\u00a0:<\/p>\n<p>RD386\u00a0: pont submersible du grand Tournant \u00e0 Peyremale<\/p>\n<p>RD187C\u00a0: pont submersible de Rochegude<\/p>\n<p>RD187A\u00a0: pont submersible \u00e0 Rivi\u00e8res<\/p>\n<p>RD814\u00a0: points bas entre Vissec et Alzon<\/p>\n<p>RD 284A\u00a0: pont de Massi\u00e8s<\/p>\n<p>RD 284\u00a0: pont de Corb\u00e8s<\/p>\n<p>RD 129A\u00a0: passerelle Anduze<\/p>\n<p>RD 106\u00a0: pont de Cassagnoles<\/p>\n<p>RD 120\u00a0: pont de Paradis<\/p>\n<p>RD 191\u00a0: pont de la Droude<\/p>\n<p>RD 191\u00a0: pont du Moulin<\/p>\n<p>RD 191\u00a0: pont du Couinarel<\/p>\n<p>RD 204\u00a0: pont sous Saint-Etienne<\/p>\n<p>RD 116\u00a0: grand pont sur la Droude<\/p>\n<p>RD 253\u00a0: pont de Deaux<\/p>\n<p>RD 280\u00a0: pont de Capelle<\/p>\n<p>RD 50B\u00a0: pont de Paussan<\/p>\n<p>RD 408\u00a0: pont de Fonsange<\/p>\n<p>RD 394\u00a0: pont sur la Courme<\/p>\n<p>RD 123C\u00a0: pont sur la Courme<\/p>\n<p>RD 178\u00a0: pont de Sardan<\/p>\n<p>Limitez vos d\u00e9placements, ne vous engagez jamais sur une route inond\u00e9e.\u00a0Restez \u00e0 l\u2019\u00e9coute des consignes des autorit\u00e9s. Informations r\u00e9guli\u00e8rement remises \u00e0 jour sur <a href=\"http:\/\/www.inforoute.gard.fr\" target=\"_self\" rel=\"noopener\">www.inforoute.gard.fr<\/a><br \/>Page FaceBook\u00a0: www.facebook.com\/ Conseil D\u00e9partemental du Gard<\/p>\n<p>                                                                                                                                                                                                        <script async src=\"\/\/www.instagram.com\/embed.js\"><\/script><\/p>\n","protected":false},"excerpt":{"rendered":"Des cumuls de 300\u00a0mm pourraient \u00eatre atteints ce dimanche dans les C\u00e9vennes. Suite \u00e0 la formation d\u2019un \u00e9pisode&hellip;\n","protected":false},"author":2,"featured_media":612859,"comment_status":"","ping_status":"","sticky":false,"template":"","format":"standard","meta":{"footnotes":""},"categories":[4],"tags":[1111,11,1011,27,2679,15882,12,2682,25],"class_list":{"0":"post-612858","1":"post","2":"type-post","3":"status-publish","4":"format-standard","5":"has-post-thumbnail","7":"category-france","8":"tag-actu","9":"tag-actualites","10":"tag-fr","11":"tag-france","12":"tag-gard","13":"tag-mu00e9tu00e9o","14":"tag-news","15":"tag-nimes","16":"tag-republique-francaise"},"share_on_mastodon":{"url":"https:\/\/pubeurope.com\/@fr\/115755012973100132","error":""},"_links":{"self":[{"href":"https:\/\/www.europesays.com\/fr\/wp-json\/wp\/v2\/posts\/612858","targetHints":{"allow":["GET"]}}],"collection":[{"href":"https:\/\/www.europesays.com\/fr\/wp-json\/wp\/v2\/posts"}],"about":[{"href":"https:\/\/www.europesays.com\/fr\/wp-json\/wp\/v2\/types\/post"}],"author":[{"embeddable":true,"href":"https:\/\/www.europesays.com\/fr\/wp-json\/wp\/v2\/users\/2"}],"replies":[{"embeddable":true,"href":"https:\/\/www.europesays.com\/fr\/wp-json\/wp\/v2\/comments?post=612858"}],"version-history":[{"count":0,"href":"https:\/\/www.europesays.com\/fr\/wp-json\/wp\/v2\/posts\/612858\/revisions"}],"wp:featuredmedia":[{"embeddable":true,"href":"https:\/\/www.europesays.com\/fr\/wp-json\/wp\/v2\/media\/612859"}],"wp:attachment":[{"href":"https:\/\/www.europesays.com\/fr\/wp-json\/wp\/v2\/media?parent=612858"}],"wp:term":[{"taxonomy":"category","embeddable":true,"href":"https:\/\/www.europesays.com\/fr\/wp-json\/wp\/v2\/categories?post=612858"},{"taxonomy":"post_tag","embeddable":true,"href":"https:\/\/www.europesays.com\/fr\/wp-json\/wp\/v2\/tags?post=612858"}],"curies":[{"name":"wp","href":"https:\/\/api.w.org\/{rel}","templated":true}]}}