{"id":612860,"date":"2025-12-21T01:41:12","date_gmt":"2025-12-21T01:41:12","guid":{"rendered":"https:\/\/www.europesays.com\/fr\/612860\/"},"modified":"2025-12-21T01:41:12","modified_gmt":"2025-12-21T01:41:12","slug":"notes-real-madrid-seville-fc","status":"publish","type":"post","link":"https:\/\/www.europesays.com\/fr\/612860\/","title":{"rendered":"Notes : Real Madrid &#8211; S\u00e9ville FC"},"content":{"rendered":"<p><strong>Le Real Madrid affrontait aujourd&rsquo;hui S\u00e9ville (17e<br \/>\njourn\u00e9e de Liga). Voici les notes attribu\u00e9es par notre r\u00e9daction<br \/>\naux Madril\u00e8nes.<\/strong><\/p>\n<p>\u2b50\ufe0f <strong>Courtois :<\/strong> 8 \u2013 Une premi\u00e8re p\u00e9riode sans<br \/>\nr\u00e9ellement d&rsquo;intervention \u00e0 faire malgr\u00e9 le danger, au contraire de<br \/>\nla deuxi\u00e8me mi-temps o\u00f9 le Belge a d\u00fb s&#8217;employer \u00e0 quatre reprises.<br \/>\nHomme du match sans d\u00e9bat possible.<\/p>\n<p><strong>Asencio :<\/strong> 5 \u2013 Titularis\u00e9 \u00e0 droite en d\u00e9pannage,<br \/>\nl&rsquo;Espagnol a relativement rempli sa mission. Peu offensif mais sa<br \/>\ntache principale \u00e9tait de d\u00e9fendre.<\/p>\n<p><strong>R\u00fcdiger :<\/strong> 4 \u2013 L&rsquo;homme le plus \u00ab\u00a0fiable\u00a0\u00bb dans une<br \/>\nd\u00e9fense tr\u00e8s f\u00e9brile, sans que ce soit irr\u00e9prochable.<\/p>\n<p><strong>Huijsen :<\/strong> 1 \u2013 Il a multipli\u00e9 les ballons et a<br \/>\nd\u00e9fendu constamment \u00e0 la limite. Les temps sont compliqu\u00e9s pour<br \/>\nlui.<\/p>\n<p><strong>Fran Garcia :<\/strong> 2 \u2013 Il s&rsquo;est procur\u00e9 la premi\u00e8re<br \/>\ngrosse occasion du match pour le Real Madrid. L&rsquo;appel est bon, la<br \/>\ncourse aussi, mais pas la finition. C&rsquo;est cata pour le reste.<\/p>\n<blockquote class=\"twitter-tweet\">\n<p lang=\"und\" dir=\"ltr\">\ud83c\udfc1 FP: <a href=\"https:\/\/twitter.com\/realmadrid?ref_src=twsrc%5Etfw\" target=\"_blank\" rel=\"noopener\">@RealMadrid<\/a><br \/>\n2-0 <a href=\"https:\/\/twitter.com\/SevillaFC?ref_src=twsrc%5Etfw\" target=\"_blank\" rel=\"noopener\">@SevillaFC<\/a><br \/>\u26bd 38&prime; <a href=\"https:\/\/twitter.com\/BellinghamJude?ref_src=twsrc%5Etfw\" target=\"_blank\" rel=\"noopener\">@BellinghamJude<\/a><br \/>\u26bd 86&prime; <a href=\"https:\/\/twitter.com\/KMbappe?ref_src=twsrc%5Etfw\" target=\"_blank\" rel=\"noopener\">@KMbappe<\/a><br \/>\n(p.)<br \/>\ud83d\udc49 <a href=\"https:\/\/twitter.com\/emirates?ref_src=twsrc%5Etfw\" target=\"_blank\" rel=\"noopener\">@Emirates<\/a><br \/>\n<a href=\"https:\/\/t.co\/tHxf1YY890\">pic.twitter.com\/tHxf1YY890<\/a><\/p>\n<p>\u2014 Real Madrid C.F. (@realmadrid) <a href=\"https:\/\/twitter.com\/realmadrid\/status\/2002499167386808751?ref_src=twsrc%5Etfw\" target=\"_blank\" rel=\"noopener\"><br \/>\nDecember 20, 2025<\/a><\/p>\n<\/blockquote>\n<p><strong>Tchouam\u00e9ni :<\/strong> 5 \u2013De l&rsquo;impr\u00e9cision et de la<br \/>\nlenteur en d\u00e9but de match. Ce fut mieux au fil des minutes avec<br \/>\nquelques r\u00e9cup\u00e9rations.<\/p>\n<p><strong>Arda <strong>G\u00fcler<\/strong> :<\/strong> 5,5 \u2013 Il a<br \/>\ndistribu\u00e9 un bon ballon \u00e0 Mbapp\u00e9 en premi\u00e8re, en r\u00e9cup\u00e8re un autre<br \/>\nen deuxi\u00e8me qui aurait pu donner but. \u00c7a reste insuffisant et c&rsquo;est<br \/>\ncompliqu\u00e9 pour lui de briller aux c\u00f4t\u00e9s de Jude.<\/p>\n<p><strong>Bellingham :<\/strong> 6 \u2013 Il inscrit un but d&rsquo;une grande<br \/>\nimportance. On l&rsquo;a vu un peu plus \u00e0 la construction du jeu&#8230; Il<br \/>\nest apparu par intermittences.<\/p>\n<p><strong>Rodrygo :<\/strong> 6 \u2013 Sa plus belle action arrive \u00e0 la<br \/>\n77e. Son encha\u00eenement est tr\u00e8s fort et il n&rsquo;a pas \u00e9t\u00e9 loin<br \/>\nd&rsquo;inscrire le deuxi\u00e8me but, avant de finalement obtenir un penalty.<br \/>\nIl a bien termin\u00e9 la rencontre.<\/p>\n<p><strong>Mbapp\u00e9 :<\/strong> 3 \u2013 Le record de Cristiano \u00e9tait dans<br \/>\nsa t\u00eate, plus qu&rsquo;autre chose. Trop \u00e9go\u00efste et de surcro\u00eet pas<br \/>\nefficace, m\u00eame s&rsquo;il inscrira finalement un but sur penalty.<\/p>\n<p><strong>Vinicius :<\/strong> 3 \u2013 Siffl\u00e9 en d\u00e9but de match \u00e0<br \/>\nl&rsquo;annonce du onze, et hu\u00e9 \u00e0 sa sortie. Le Bernab\u00e9u a envoy\u00e9 un<br \/>\nmessage clair au Br\u00e9silien, qui n&rsquo;a pas fait un bon match.<\/p>\n<p><strong>Xabi Alonso : 5<\/strong> &#8211; On s&rsquo;est ennuy\u00e9 ce soir<br \/>\nencore. Aucun progr\u00e8s dans le jeu et des doutes qui persistent<br \/>\nmalgr\u00e9 la victoire. Les vacances vont faire du bien.<\/p>\n<p><script async src=\"https:\/\/platform.twitter.com\/widgets.js\" charset=\"utf-8\"><\/script><\/p>\n","protected":false},"excerpt":{"rendered":"Le Real Madrid affrontait aujourd&rsquo;hui S\u00e9ville (17e journ\u00e9e de Liga). Voici les notes attribu\u00e9es par notre r\u00e9daction aux&hellip;\n","protected":false},"author":2,"featured_media":612861,"comment_status":"","ping_status":"","sticky":false,"template":"","format":"standard","meta":{"footnotes":""},"categories":[2],"tags":[11,1011,27,12,26190],"class_list":{"0":"post-612860","1":"post","2":"type-post","3":"status-publish","4":"format-standard","5":"has-post-thumbnail","7":"category-actualites","8":"tag-actualites","9":"tag-fr","10":"tag-france","11":"tag-news","12":"tag-seville"},"share_on_mastodon":{"url":"https:\/\/pubeurope.com\/@fr\/115755016835000074","error":""},"_links":{"self":[{"href":"https:\/\/www.europesays.com\/fr\/wp-json\/wp\/v2\/posts\/612860","targetHints":{"allow":["GET"]}}],"collection":[{"href":"https:\/\/www.europesays.com\/fr\/wp-json\/wp\/v2\/posts"}],"about":[{"href":"https:\/\/www.europesays.com\/fr\/wp-json\/wp\/v2\/types\/post"}],"author":[{"embeddable":true,"href":"https:\/\/www.europesays.com\/fr\/wp-json\/wp\/v2\/users\/2"}],"replies":[{"embeddable":true,"href":"https:\/\/www.europesays.com\/fr\/wp-json\/wp\/v2\/comments?post=612860"}],"version-history":[{"count":0,"href":"https:\/\/www.europesays.com\/fr\/wp-json\/wp\/v2\/posts\/612860\/revisions"}],"wp:featuredmedia":[{"embeddable":true,"href":"https:\/\/www.europesays.com\/fr\/wp-json\/wp\/v2\/media\/612861"}],"wp:attachment":[{"href":"https:\/\/www.europesays.com\/fr\/wp-json\/wp\/v2\/media?parent=612860"}],"wp:term":[{"taxonomy":"category","embeddable":true,"href":"https:\/\/www.europesays.com\/fr\/wp-json\/wp\/v2\/categories?post=612860"},{"taxonomy":"post_tag","embeddable":true,"href":"https:\/\/www.europesays.com\/fr\/wp-json\/wp\/v2\/tags?post=612860"}],"curies":[{"name":"wp","href":"https:\/\/api.w.org\/{rel}","templated":true}]}}