{"id":612868,"date":"2025-12-21T01:49:35","date_gmt":"2025-12-21T01:49:35","guid":{"rendered":"https:\/\/www.europesays.com\/fr\/612868\/"},"modified":"2025-12-21T01:49:35","modified_gmt":"2025-12-21T01:49:35","slug":"les-policiers-accuses-davoir-blesse-une-passagere-relaches-sans-poursuite","status":"publish","type":"post","link":"https:\/\/www.europesays.com\/fr\/612868\/","title":{"rendered":"les policiers accus\u00e9s d\u2019avoir bless\u00e9 une passag\u00e8re rel\u00e2ch\u00e9s sans poursuite"},"content":{"rendered":"<p>\n    Les deux policiers en garde \u00e0 vue apr\u00e8s avoir gri\u00e8vement bless\u00e9 la passag\u00e8re d\u2019un v\u00e9hicule sont sortis jeudi de garde \u00e0 vue sans poursuite \u00e0 leur encontre.<\/p>\n<p class=\"fig-paragraph\">Les deux policiers ayant tir\u00e9 en direction d\u2019un v\u00e9hicule apr\u00e8s\u00a0<a href=\"http:\/\/www.lefigaro.fr\/marseille\/toulon-deux-policiers-tirent-sur-un-vehicule-apres-un-refus-d-obtemperer-une-passagere-grievement-blessee-20251218\" data-fig-type=\"NewsFlash\" data-gtm-custom-categorie=\"navigation\" data-gtm-custom-action=\"crossclick\" data-gtm-custom-label=\"Contextuel\" data-gtm-event=\"customEventSPE\" data-fig-domain=\"LEFIGARO\" target=\"_blank\" rel=\"noopener\">un refus d\u2019obtemp\u00e9rer \u00e0 Toulon<\/a>\u00a0sont sortis de garde \u00e0 vue sans poursuite \u00e0 leur encontre \u00e0 cette heure, a annonc\u00e9 dans la soir\u00e9e de jeudi le procureur de la R\u00e9publique de Toulon, Rapha\u00ebl Balland.<\/p>\n<p class=\"fig-paragraph\">Pour rappel, une femme a \u00e9t\u00e9 gri\u00e8vement bless\u00e9e par des tirs policiers alors qu\u2019elle se trouvait dans une voiture qui avait tent\u00e9 de prendre la fuite. Les faits se sont d\u00e9roul\u00e9s vers 19h15 \u00e0 l\u2019ouest du centre-ville de Toulon, mercredi, lorsque les policiers ont tent\u00e9 d\u2019interpeller le conducteur apr\u00e8s une infraction routi\u00e8re. Fortement alcoolis\u00e9, ce dernier (\u00e2g\u00e9 de 44 ans) a tent\u00e9 de prendre la fuite \u00e0 pied mais a \u00e9t\u00e9 rapidement interpell\u00e9. Selon le procureur, la jeune passag\u00e8re a d\u00fb subir une op\u00e9ration chirurgicale d\u2019urgence mais son \u00e9tat \u00e9tait stable sans pronostic vital engag\u00e9 jeudi soir.<\/p>\n<p>                                            <a class=\"fig-a11y-skip\" href=\"#fig-a11y-skip-main-inarticle\" data-module=\"a11y-skip\" data-context=\"was @visible\"><br \/>\n    Passer la publicit\u00e9<br \/>\n<\/a>            <\/p>\n<p>                                            Une enqu\u00eate de l\u2019IGPN<\/p>\n<p class=\"fig-paragraph\">Une enqu\u00eate men\u00e9e par l\u2019<a href=\"http:\/\/www.lefigaro.fr\/faits-divers\/le-jeu-en-vaut-il-la-chandelle-quand-l-igpn-incite-les-policiers-a-moderer-les-courses-poursuites-20251217\" data-fig-type=\"Article\" data-gtm-custom-categorie=\"navigation\" data-gtm-custom-action=\"crossclick\" data-gtm-custom-label=\"Contextuel\" data-gtm-event=\"customEventSPE\" data-fig-domain=\"LEFIGARO\" target=\"_blank\" rel=\"noopener\">IGPN<\/a>\u00a0a \u00e9t\u00e9 ouverte du chef de violence avec arme par personnes d\u00e9positaires de l\u2019autorit\u00e9 publique pour d\u00e9terminer les circonstances de l\u2019usage des armes par les forces de l\u2019ordre. Ils sont ressortis libres dans la matin\u00e9e et les investigations se poursuivent, selon le procureur.<\/p>\n<p class=\"fig-paragraph\">Le conducteur, de son c\u00f4t\u00e9, est \u00abtr\u00e8s d\u00e9favorablement connu par les autorit\u00e9s judiciaires en France, mais aussi en Belgique\u00bb, et notamment condamn\u00e9 en 2017 \u00e0 neuf ans de prison pour des vols \u00e0 main arm\u00e9e par la cour d\u2019assises de Draguignan selon le procureur de la R\u00e9publique. Il a \u00e9galement \u00e9t\u00e9 plac\u00e9 en garde \u00e0 vue pour \u00abrefus d\u2019obtemp\u00e9rer aggrav\u00e9\u00bb, \u00abnon-assistance \u00e0 personne en p\u00e9ril\u00bb, pour avoir abandonn\u00e9 la passag\u00e8re dans le v\u00e9hicule, \u00abvol du v\u00e9hicule \u00e0 un membre de sa famille\u00bb et \u00abtentative d\u2019homicide\u00bb sur un policier sorti du v\u00e9hicule.<\/p>\n<p class=\"fig-paragraph\">\u00abEn garde \u00e0 vue, le fuyard reconna\u00eet \u00e0 ce stade la plupart des faits qui lui sont reproch\u00e9s, sauf en ce qui concerne les faits commis \u00e0 l\u2019encontre des policiers, ne se souvenant pas avoir percut\u00e9 l\u2019un d\u2019eux\u00bb, affirme Rapha\u00ebl Balland. L\u2019enqu\u00eate visant le conducteur a \u00e9t\u00e9 confi\u00e9e \u00e0 la direction zonale de police judiciaire du Var.<\/p>\n","protected":false},"excerpt":{"rendered":"Les deux policiers en garde \u00e0 vue apr\u00e8s avoir gri\u00e8vement bless\u00e9 la passag\u00e8re d\u2019un v\u00e9hicule sont sortis jeudi&hellip;\n","protected":false},"author":2,"featured_media":612869,"comment_status":"","ping_status":"","sticky":false,"template":"","format":"standard","meta":{"footnotes":""},"categories":[9619],"tags":[1111,11,1777,674,1011,27,7774,35088,12,6890,882,2852,25,2310],"class_list":{"0":"post-612868","1":"post","2":"type-post","3":"status-publish","4":"format-standard","5":"has-post-thumbnail","7":"category-toulon","8":"tag-actu","9":"tag-actualites","10":"tag-eu","11":"tag-europe","12":"tag-fr","13":"tag-france","14":"tag-garde-a-vue","15":"tag-igpn","16":"tag-news","17":"tag-policiers","18":"tag-provence-alpes-cote-dazur","19":"tag-refus-dobtemperer","20":"tag-republique-francaise","21":"tag-toulon"},"share_on_mastodon":{"url":"https:\/\/pubeurope.com\/@fr\/115755048252985823","error":""},"_links":{"self":[{"href":"https:\/\/www.europesays.com\/fr\/wp-json\/wp\/v2\/posts\/612868","targetHints":{"allow":["GET"]}}],"collection":[{"href":"https:\/\/www.europesays.com\/fr\/wp-json\/wp\/v2\/posts"}],"about":[{"href":"https:\/\/www.europesays.com\/fr\/wp-json\/wp\/v2\/types\/post"}],"author":[{"embeddable":true,"href":"https:\/\/www.europesays.com\/fr\/wp-json\/wp\/v2\/users\/2"}],"replies":[{"embeddable":true,"href":"https:\/\/www.europesays.com\/fr\/wp-json\/wp\/v2\/comments?post=612868"}],"version-history":[{"count":0,"href":"https:\/\/www.europesays.com\/fr\/wp-json\/wp\/v2\/posts\/612868\/revisions"}],"wp:featuredmedia":[{"embeddable":true,"href":"https:\/\/www.europesays.com\/fr\/wp-json\/wp\/v2\/media\/612869"}],"wp:attachment":[{"href":"https:\/\/www.europesays.com\/fr\/wp-json\/wp\/v2\/media?parent=612868"}],"wp:term":[{"taxonomy":"category","embeddable":true,"href":"https:\/\/www.europesays.com\/fr\/wp-json\/wp\/v2\/categories?post=612868"},{"taxonomy":"post_tag","embeddable":true,"href":"https:\/\/www.europesays.com\/fr\/wp-json\/wp\/v2\/tags?post=612868"}],"curies":[{"name":"wp","href":"https:\/\/api.w.org\/{rel}","templated":true}]}}