{"id":61287,"date":"2025-04-29T07:59:18","date_gmt":"2025-04-29T07:59:18","guid":{"rendered":"https:\/\/www.europesays.com\/fr\/61287\/"},"modified":"2025-04-29T07:59:18","modified_gmt":"2025-04-29T07:59:18","slug":"leurope-se-prepare-a-des-attaques-sur-le-reseau-electrique-tout-en-luttant-contre-la-flambee-des-prix-de-lenergie","status":"publish","type":"post","link":"https:\/\/www.europesays.com\/fr\/61287\/","title":{"rendered":"L&rsquo;Europe se pr\u00e9pare \u00e0 des attaques sur le r\u00e9seau \u00e9lectrique tout en luttant contre la flamb\u00e9e des prix de l&rsquo;\u00e9nergie"},"content":{"rendered":"<p><img decoding=\"async\" class=\"c-ad__placeholder__logo\" src=\"https:\/\/www.europesays.com\/fr\/wp-content\/uploads\/2025\/03\/logo-euronews-grey-6-180x22.svg.svg+xml\" width=\"180\" height=\"22\" alt=\"\" loading=\"lazy\"\/>PUBLICIT\u00c9<\/p>\n<p>La Commission europ\u00e9enne souhaite faire baisser les co\u00fbts de l&rsquo;\u00e9nergie en Europe, mais elle doit pour cela stimuler des investissements massifs dans un r\u00e9seau de transmission et de distribution d&rsquo;\u00e9lectricit\u00e9 vieillissant et, de plus en plus, r\u00e9duire la vuln\u00e9rabilit\u00e9 aux attaques ext\u00e9rieures.<\/p>\n<p>L&rsquo;UE a d\u00e9j\u00e0 indiqu\u00e9 que l&rsquo;\u00e9lectrification \u00e9tait un moyen essentiel de r\u00e9duire la d\u00e9pendance \u00e0 l&rsquo;\u00e9gard des combustibles fossiles, en particulier du p\u00e9trole et du gaz en provenance de Russie, mais les fonctionnaires europ\u00e9ens qui se sont exprim\u00e9s lors d&rsquo;un \u00e9v\u00e9nement organis\u00e9 par la repr\u00e9sentation permanente de la Pologne \u00e0 Bruxelles cette semaine ont mis en \u00e9vidence une menace plus directe.<\/p>\n<p><img decoding=\"async\" src=\"https:\/\/www.europesays.com\/fr\/wp-content\/uploads\/2025\/03\/icon-cross-10x10-grey-6.svg.svg+xml\" width=\"10\" height=\"10\" alt=\"Close advertising\" fetchpriority=\"high\" loading=\"lazy\"\/><\/p>\n<p>Les infrastructures \u00e9nerg\u00e9tiques sont toujours une cible privil\u00e9gi\u00e9e en cas de guerre, et les infrastructures ukrainiennes sont constamment bombard\u00e9es depuis l&rsquo;invasion russe en f\u00e9vrier 2022. Mais le <a href=\"https:\/\/fr.euronews.com\/my-europe\/2025\/01\/27\/un-nouveau-cable-sous-marin-reliant-la-suede-a-la-lettonie-endommage-en-mer-baltique\" target=\"_blank\" rel=\"noopener\"><strong>sabotage de c\u00e2bles sous-marins<\/strong><\/a> dans la mer Baltique a r\u00e9cemment mis \u00e0 nu la vuln\u00e9rabilit\u00e9 du r\u00e9seau \u00e9lectrique de l&rsquo;Union europ\u00e9enne.<\/p>\n<p>\u00ab\u00a0Ces menaces se rapprochent de nous, et nous devons vraiment pr\u00eater attention \u00e0 la mani\u00e8re de renforcer la s\u00e9curit\u00e9 et la r\u00e9silience de l&rsquo;infrastructure\u00a0\u00bb, a d\u00e9clar\u00e9 Asta Sihvonen-Punkka, vice-pr\u00e9sidente du R\u00e9seau europ\u00e9en des gestionnaires de r\u00e9seaux de transport d&rsquo;\u00e9lectricit\u00e9 (REGRT-E), lors du forum politique mercredi (26 mars).<\/p>\n<p>Asta Sihvonen-Punkka a \u00e9galement soulign\u00e9 le probl\u00e8me de l&rsquo;acc\u00e8s aux c\u00e2bles et aux composants n\u00e9cessaires pour r\u00e9parer les infrastructures \u00e9nerg\u00e9tiques endommag\u00e9es, avec des cha\u00eenes d&rsquo;approvisionnement lentes et de longs d\u00e9lais.<\/p>\n<p>\u00ab\u00a0Nous avons des pi\u00e8ces de rechange pour r\u00e9parer les c\u00e2bles endommag\u00e9s, mais pour en commander d&rsquo;autres, le d\u00e9lai d&rsquo;approvisionnement est d&rsquo;environ sept ans, ce qui est vraiment trop long\u00a0\u00bb, a-t-elle d\u00e9clar\u00e9. \u00ab\u00a0Je pense donc que nous sommes vraiment vuln\u00e9rables \u00e0 cet \u00e9gard\u00a0\u00bb.<\/p>\n<p>Alors que la directrice g\u00e9n\u00e9rale de l&rsquo;op\u00e9rateur national du r\u00e9seau de transport finlandais s&rsquo;exprimait, la Commission europ\u00e9enne a publi\u00e9 une strat\u00e9gie plus large de pr\u00e9paration de l&rsquo;Union, dont l&rsquo;une des propositions est que l&rsquo;UE \u00ab\u00a0int\u00e8gre les le\u00e7ons de l&rsquo;invasion de l&rsquo;Ukraine\u00a0\u00bb dans sa propre strat\u00e9gie de s\u00e9curit\u00e9 \u00e9nerg\u00e9tique.<\/p>\n<p>Avant cela, une strat\u00e9gie de stockage sera \u00e9labor\u00e9e avant la fin de l&rsquo;ann\u00e9e, afin d&rsquo;inclure les mati\u00e8res premi\u00e8res et les composants critiques ainsi que les technologies n\u00e9cessaires au maintien de la s\u00e9curit\u00e9 \u00e9nerg\u00e9tique.<\/p>\n<p>Christian Zinglersen, directeur de l&rsquo;agence de r\u00e9gulation de l&rsquo;\u00e9nergie de l&rsquo;UE, a d\u00e9clar\u00e9 qu&rsquo;il serait plus efficace de normaliser le type de composants et d&rsquo;\u00e9quipements utilis\u00e9s dans toute l&rsquo;Europe, mais il a averti que l&rsquo;introduction de \u00ab\u00a0plus de souplesse et de redondance\u00a0\u00bb dans le syst\u00e8me &#8211; sugg\u00e9rant une surcapacit\u00e9 ou une infrastructure de secours &#8211; entra\u00eenerait des co\u00fbts substantiels.<\/p>\n<p>\u00ab\u00a0Mais nous consacrons \u00e9galement, dans de nombreuses juridictions, trois, quatre ou cinq pour cent du PIB \u00e0 la s\u00e9curit\u00e9 et \u00e0 la d\u00e9fense, alors pourquoi cela devrait-il \u00eatre radicalement diff\u00e9rent\u00a0\u00bb, a demand\u00e9 M. Zinglersen.<\/p>\n<p><strong>Le probl\u00e8me du prix<\/strong><\/p>\n<p>Le march\u00e9 de l&rsquo;\u00e9lectricit\u00e9 de l&rsquo;UE, d&rsquo;une complexit\u00e9 diabolique, a \u00e9t\u00e9 accus\u00e9 d&rsquo;\u00eatre \u00e0 l&rsquo;origine de hausses de prix massives et de ne pas stimuler les investissements dans le r\u00e9seau \u00e9lectrique, en particulier dans les lignes transfrontali\u00e8res de transport d&rsquo;\u00e9lectricit\u00e9, comme l&rsquo;ont \u00e9galement reconnu les fonctionnaires de l&rsquo;UE au cours de la discussion.<\/p>\n<p>\u00ab\u00a0Nous pouvons constater que nous avons besoin de plus d&rsquo;investissements\u00a0\u00bb, a d\u00e9clar\u00e9 Ditte Juul-Jorgensen, directrice g\u00e9n\u00e9rale de l&rsquo;\u00e9nergie de l&rsquo;UE. \u00ab\u00a0Les investissements ont \u00e9t\u00e9 trop lents, le d\u00e9ploiement des r\u00e9seaux et des infrastructures a \u00e9t\u00e9 trop lent\u00a0\u00bb, a-t-elle ajout\u00e9.<\/p>\n<p>De plus, le syst\u00e8me de planification \u00ab\u00a0ascendant\u00a0\u00bb de l&rsquo;UE, qui fonctionne sur un cycle glissant de dix ans, \u00ab\u00a0ne tient tout simplement pas compte de toutes les infrastructures et des interconnexions transfrontali\u00e8res qui sont n\u00e9cessaires\u00a0\u00bb, a d\u00e9clar\u00e9 Mme Juul-Jorgensen, soulignant les \u00ab\u00a0pics de prix dramatiques\u00a0\u00bb observ\u00e9s dans le sud-est de l&rsquo;Europe l&rsquo;ann\u00e9e derni\u00e8re.<\/p>\n<p>Elle faisait r\u00e9f\u00e9rence aux turbulences du march\u00e9 qui ont pouss\u00e9 le Premier ministre grec Kyriakos Mitsotakis \u00e0 <a href=\"https:\/\/www.primeminister.gr\/en\/2024\/09\/13\/34887\" target=\"_blank\" rel=\"noreferrer noopener\">\u00e9crire<\/a> \u00e0 la pr\u00e9sidente de la Commission, Ursula von der Leyen, en septembre dernier, \u00e0 propos d&rsquo;une situation o\u00f9 les prix approchaient les 1 000 euros par m\u00e9gawattheure en Hongrie alors que l&rsquo;Autriche voisine ne payait que 61 euros, le chaos se r\u00e9percutant sur tout le syst\u00e8me, et ce dans ce qui est cens\u00e9 \u00eatre un march\u00e9 unique \u00e0 l&rsquo;\u00e9chelle de l&rsquo;UE.<\/p>\n<p><strong>\u00ab\u00a0Politiquement inacceptable\u00a0\u00bb<\/strong><\/p>\n<p>M. Mitsotakis a bl\u00e2m\u00e9 un syst\u00e8me \u00ab\u00a0si complexe et opaque qu&rsquo;il est virtuellement impossible de comprendre pr\u00e9cis\u00e9ment ce qui d\u00e9termine les prix \u00e0 un moment donn\u00e9\u00a0\u00bb et a d\u00e9clar\u00e9 qu&rsquo;il \u00e9tait \u00ab\u00a0politiquement inacceptable\u00a0\u00bb que son gouvernement ne soit pas en mesure d&rsquo;expliquer \u00e0 ses citoyens pourquoi les prix montaient en fl\u00e8che.<\/p>\n<p><img decoding=\"async\" class=\"c-ad__placeholder__logo\" src=\"https:\/\/www.europesays.com\/fr\/wp-content\/uploads\/2025\/03\/logo-euronews-grey-6-180x22.svg.svg+xml\" width=\"180\" height=\"22\" alt=\"\" loading=\"lazy\"\/>PUBLICIT\u00c9<\/p>\n<p>Sous l&rsquo;\u00e9gide du \u00ab\u00a0plan d&rsquo;action pour une \u00e9nergie abordable\u00a0\u00bb d\u00e9voil\u00e9 le mois dernier par le commissaire \u00e0 l&rsquo;\u00e9nergie Dan J\u00f8rgensen, l&rsquo;ex\u00e9cutif europ\u00e9en devrait pr\u00e9senter avant l&rsquo;\u00e9t\u00e9 un plan visant \u00e0 harmoniser les tarifs des r\u00e9seaux \u00e0 travers l&rsquo;Europe, soutenu si n\u00e9cessaire par la l\u00e9gislation.<\/p>\n<p>Les donn\u00e9es d&rsquo;Eurostat, l&rsquo;office statistique de la Commission, montrent des variations consid\u00e9rables dans la part des factures d&rsquo;\u00e9lectricit\u00e9 qui couvre les co\u00fbts du r\u00e9seau, allant de presque z\u00e9ro au Luxembourg \u00e0 plus de 30 % en Allemagne, en Hongrie et dans d&rsquo;autres pays.<\/p>\n<p>Dans un plan d&rsquo;action publi\u00e9 fin 2023, l&rsquo;ex\u00e9cutif europ\u00e9en pr\u00e9voit <a href=\"https:\/\/fr.euronews.com\/business\/2024\/12\/16\/selon-eon-il-faut-investir-70-milliards-deuros-par-an-dans-les-infrastructures\" target=\"_blank\" rel=\"noopener\"><strong>un besoin d&rsquo;investissement de 584 milliards d&rsquo;euros<\/strong><\/a> pour le reste de la d\u00e9cennie afin de moderniser le r\u00e9seau conform\u00e9ment \u00e0 divers objectifs de d\u00e9ploiement des \u00e9nergies renouvelables et d&rsquo;\u00e9lectrification de secteurs tels que le chauffage et les transports qui d\u00e9pendent en grande partie des combustibles fossiles.<\/p>\n<p>La Commission devrait pr\u00e9senter un \u00ab\u00a0paquet r\u00e9seaux\u00a0\u00bb plus complet au d\u00e9but de l&rsquo;ann\u00e9e prochaine, qui devrait \u00eatre conforme \u00e0 l&rsquo;objectif d&rsquo;augmenter le taux d&rsquo;\u00e9lectrification de l&rsquo;ensemble de l&rsquo;\u00e9conomie (la part de l&rsquo;\u00e9lectricit\u00e9 dans la consommation \u00e9nerg\u00e9tique globale de l&rsquo;Europe) de 21,3 % aujourd&rsquo;hui \u00e0 32 % en 2030.<\/p>\n<p><img decoding=\"async\" class=\"c-ad__placeholder__logo\" src=\"https:\/\/www.europesays.com\/fr\/wp-content\/uploads\/2025\/03\/logo-euronews-grey-6-180x22.svg.svg+xml\" width=\"180\" height=\"22\" alt=\"\" loading=\"lazy\"\/>PUBLICIT\u00c9<\/p>\n<p>La Cour des comptes europ\u00e9enne doit publier la semaine prochaine un rapport sur l&rsquo;\u00e9tat des 11,3 millions de kilom\u00e8tres du r\u00e9seau \u00e9lectrique europ\u00e9en et sur l&rsquo;efficacit\u00e9 de l&rsquo;aide apport\u00e9e jusqu&rsquo;\u00e0 pr\u00e9sent par l&rsquo;UE pour l&rsquo;entretenir et le moderniser.<\/p>\n","protected":false},"excerpt":{"rendered":"PUBLICIT\u00c9 La Commission europ\u00e9enne souhaite faire baisser les co\u00fbts de l&rsquo;\u00e9nergie en Europe, mais elle doit pour cela&hellip;\n","protected":false},"author":2,"featured_media":61288,"comment_status":"","ping_status":"","sticky":false,"template":"","format":"standard","meta":{"footnotes":""},"categories":[1586],"tags":[11,2196,1777,674,1011,27,131,12,3886,25,15907,4426],"class_list":{"0":"post-61287","1":"post","2":"type-post","3":"status-publish","4":"format-standard","5":"has-post-thumbnail","7":"category-europe","8":"tag-actualites","9":"tag-commission-europeenne","10":"tag-eu","11":"tag-europe","12":"tag-fr","13":"tag-france","14":"tag-guerre-en-ukraine","15":"tag-news","16":"tag-politique-de-lue","17":"tag-republique-francaise","18":"tag-secteur-de-lelectricite","19":"tag-transition-energetique"},"share_on_mastodon":{"url":"https:\/\/pubeurope.com\/@fr\/114420197896191637","error":""},"_links":{"self":[{"href":"https:\/\/www.europesays.com\/fr\/wp-json\/wp\/v2\/posts\/61287","targetHints":{"allow":["GET"]}}],"collection":[{"href":"https:\/\/www.europesays.com\/fr\/wp-json\/wp\/v2\/posts"}],"about":[{"href":"https:\/\/www.europesays.com\/fr\/wp-json\/wp\/v2\/types\/post"}],"author":[{"embeddable":true,"href":"https:\/\/www.europesays.com\/fr\/wp-json\/wp\/v2\/users\/2"}],"replies":[{"embeddable":true,"href":"https:\/\/www.europesays.com\/fr\/wp-json\/wp\/v2\/comments?post=61287"}],"version-history":[{"count":0,"href":"https:\/\/www.europesays.com\/fr\/wp-json\/wp\/v2\/posts\/61287\/revisions"}],"wp:featuredmedia":[{"embeddable":true,"href":"https:\/\/www.europesays.com\/fr\/wp-json\/wp\/v2\/media\/61288"}],"wp:attachment":[{"href":"https:\/\/www.europesays.com\/fr\/wp-json\/wp\/v2\/media?parent=61287"}],"wp:term":[{"taxonomy":"category","embeddable":true,"href":"https:\/\/www.europesays.com\/fr\/wp-json\/wp\/v2\/categories?post=61287"},{"taxonomy":"post_tag","embeddable":true,"href":"https:\/\/www.europesays.com\/fr\/wp-json\/wp\/v2\/tags?post=61287"}],"curies":[{"name":"wp","href":"https:\/\/api.w.org\/{rel}","templated":true}]}}