{"id":612872,"date":"2025-12-21T01:52:14","date_gmt":"2025-12-21T01:52:14","guid":{"rendered":"https:\/\/www.europesays.com\/fr\/612872\/"},"modified":"2025-12-21T01:52:14","modified_gmt":"2025-12-21T01:52:14","slug":"previsions-du-dimanche-21-decembre-2025-4","status":"publish","type":"post","link":"https:\/\/www.europesays.com\/fr\/612872\/","title":{"rendered":"pr\u00e9visions du dimanche 21 d\u00e9cembre 2025"},"content":{"rendered":"<p>Aujourd&rsquo;hui, le soleil sera dissimul\u00e9 derri\u00e8re des nuages \u00e0 Montpellier, o\u00f9 le temps sera couvert. Les temp\u00e9ratures s&rsquo;\u00e9chelonneront entre 12 et 13\u00b0C. Un vent de sud-est soufflera \u00e0 33 km\/h. La grisaille ne se dissipe toujours pas, il y aura encore des nuages le matin. Du mauvais temps est \u00e0 pr\u00e9voir. De la pluie va tomber. Les valeurs seront de 12\u00b0C au plus bas et de 13\u00b0C au maximum. Il faudra anticiper des perturbations l&rsquo;apr\u00e8s-midi, les Montpelli\u00e9rains se retrouveront sous de la pluie. Un vent de sud-est soufflera \u00e0 43 km\/h. Il faudra pr\u00e9voir son parapluie le soir pour se prot\u00e9ger de la pluie. Le ciel sera pluvieux dans la nuit de dimanche \u00e0 lundi.<\/p>\n<p>Les nuages en pr\u00e9vision demain, \u00e0 Montpellier, et un ciel encore gris. Intemp\u00e9ries : on pr\u00e9voit de la pluie. Une chute du mercure est \u00e0 pr\u00e9voir. Les temp\u00e9ratures afficheront entre 8 et 11\u00b0C. Une l\u00e9g\u00e8re brise de sud-ouest sera ressentie par les habitants. Le matin, des nuages ne voudront pas faire place au soleil. Le thermom\u00e8tre affichera 10\u00b0C en moyenne. L&rsquo;apr\u00e8s-midi va rester gris \u00e0 cause de nuages qui perdurent dans le ciel. Les valeurs seront comprises entre 9 et 10\u00b0C. Encore de la grisaille demain soir. Les nuages vont stationner. De la pluie est attendue. Les temp\u00e9ratures avoisineront les 8\u00b0C.<\/p>\n<p>Les conditions m\u00e9t\u00e9orologiques des jours qui suivent vont changer peu \u00e0 peu. Le temps se maintiendra mardi mais une am\u00e9lioration s&rsquo;ensuivra mercredi.<\/p>\n<p><\/p>\n","protected":false},"excerpt":{"rendered":"Aujourd&rsquo;hui, le soleil sera dissimul\u00e9 derri\u00e8re des nuages \u00e0 Montpellier, o\u00f9 le temps sera couvert. Les temp\u00e9ratures s&rsquo;\u00e9chelonneront&hellip;\n","protected":false},"author":2,"featured_media":612873,"comment_status":"","ping_status":"","sticky":false,"template":"","format":"standard","meta":{"footnotes":""},"categories":[9599],"tags":[1111,11,1777,674,1011,27,2208,12,2680,2119,25],"class_list":{"0":"post-612872","1":"post","2":"type-post","3":"status-publish","4":"format-standard","5":"has-post-thumbnail","7":"category-montpellier","8":"tag-actu","9":"tag-actualites","10":"tag-eu","11":"tag-europe","12":"tag-fr","13":"tag-france","14":"tag-montpellier","15":"tag-news","16":"tag-occitanie","17":"tag-previsions-meteo","18":"tag-republique-francaise"},"share_on_mastodon":{"url":"https:\/\/pubeurope.com\/@fr\/115755060127600358","error":""},"_links":{"self":[{"href":"https:\/\/www.europesays.com\/fr\/wp-json\/wp\/v2\/posts\/612872","targetHints":{"allow":["GET"]}}],"collection":[{"href":"https:\/\/www.europesays.com\/fr\/wp-json\/wp\/v2\/posts"}],"about":[{"href":"https:\/\/www.europesays.com\/fr\/wp-json\/wp\/v2\/types\/post"}],"author":[{"embeddable":true,"href":"https:\/\/www.europesays.com\/fr\/wp-json\/wp\/v2\/users\/2"}],"replies":[{"embeddable":true,"href":"https:\/\/www.europesays.com\/fr\/wp-json\/wp\/v2\/comments?post=612872"}],"version-history":[{"count":0,"href":"https:\/\/www.europesays.com\/fr\/wp-json\/wp\/v2\/posts\/612872\/revisions"}],"wp:featuredmedia":[{"embeddable":true,"href":"https:\/\/www.europesays.com\/fr\/wp-json\/wp\/v2\/media\/612873"}],"wp:attachment":[{"href":"https:\/\/www.europesays.com\/fr\/wp-json\/wp\/v2\/media?parent=612872"}],"wp:term":[{"taxonomy":"category","embeddable":true,"href":"https:\/\/www.europesays.com\/fr\/wp-json\/wp\/v2\/categories?post=612872"},{"taxonomy":"post_tag","embeddable":true,"href":"https:\/\/www.europesays.com\/fr\/wp-json\/wp\/v2\/tags?post=612872"}],"curies":[{"name":"wp","href":"https:\/\/api.w.org\/{rel}","templated":true}]}}