{"id":612880,"date":"2025-12-21T01:58:25","date_gmt":"2025-12-21T01:58:25","guid":{"rendered":"https:\/\/www.europesays.com\/fr\/612880\/"},"modified":"2025-12-21T01:58:25","modified_gmt":"2025-12-21T01:58:25","slug":"betton-les-parents-deleves-se-mobilisent-pour-garder-leur-enseignant-a-la-maternelle-des","status":"publish","type":"post","link":"https:\/\/www.europesays.com\/fr\/612880\/","title":{"rendered":"Betton. Les parents d\u2019\u00e9l\u00e8ves se mobilisent pour garder leur enseignant \u00e0 la maternelle des"},"content":{"rendered":"<p>\u00c0 la maternelle des Omblais, les parents d\u2019\u00e9l\u00e8ves de grande section veulent garder leur enseignant. Arriv\u00e9 en septembre pour un remplacement maladie, son maintien avait \u00e9t\u00e9 act\u00e9 jusqu\u2019\u00e0 la fin de l\u2019ann\u00e9e lors du dernier conseil d\u2019\u00e9cole. Mais ce maintien est remis en cause en raison du d\u00e9part en retraite de l\u2019enseignant qu\u2019il remplacait depuis le d\u00e9but d\u2019ann\u00e9e.<\/p>\n<p>La nature du remplacement ayant chang\u00e9, la circonscription de l\u2019Acad\u00e9mie souhaite nommer un nouveau rempla\u00e7ant.<\/p>\n<p>\u00a0Cette d\u00e9cision va \u00e0 l\u2019encontre du principe de continuit\u00e9 p\u00e9dagogique. Dans l\u2019int\u00e9r\u00eat des \u00e9l\u00e8ves et de l\u2019enseignant, nous demandons son maintien jusqu\u2019\u00e0 la fin de l\u2019ann\u00e9e scolaire\u00a0\u00bb, r\u00e9agit Loeiza J\u00e9gou pour le collectif de parents. Celui-ci a lanc\u00e9 une p\u00e9tition dans ce sens sur Internet.<\/p>\n<p>\u00a0<\/p>\n","protected":false},"excerpt":{"rendered":"\u00c0 la maternelle des Omblais, les parents d\u2019\u00e9l\u00e8ves de grande section veulent garder leur enseignant. Arriv\u00e9 en septembre&hellip;\n","protected":false},"author":2,"featured_media":612881,"comment_status":"","ping_status":"","sticky":false,"template":"","format":"standard","meta":{"footnotes":""},"categories":[2821],"tags":[1111,11,4395,829,1121,1736,1777,674,1011,27,45385,5758,16073,12,72384,3306,584,25],"class_list":{"0":"post-612880","1":"post","2":"type-post","3":"status-publish","4":"format-standard","5":"has-post-thumbnail","7":"category-rennes","8":"tag-actu","9":"tag-actualites","10":"tag-betton","11":"tag-bretagne","12":"tag-eleves","13":"tag-enseignant","14":"tag-eu","15":"tag-europe","16":"tag-fr","17":"tag-france","18":"tag-garder","19":"tag-maternelle","20":"tag-mobilisent","21":"tag-news","22":"tag-omblais","23":"tag-parents","24":"tag-rennes","25":"tag-republique-francaise"},"share_on_mastodon":{"url":"https:\/\/pubeurope.com\/@fr\/115755083588750435","error":""},"_links":{"self":[{"href":"https:\/\/www.europesays.com\/fr\/wp-json\/wp\/v2\/posts\/612880","targetHints":{"allow":["GET"]}}],"collection":[{"href":"https:\/\/www.europesays.com\/fr\/wp-json\/wp\/v2\/posts"}],"about":[{"href":"https:\/\/www.europesays.com\/fr\/wp-json\/wp\/v2\/types\/post"}],"author":[{"embeddable":true,"href":"https:\/\/www.europesays.com\/fr\/wp-json\/wp\/v2\/users\/2"}],"replies":[{"embeddable":true,"href":"https:\/\/www.europesays.com\/fr\/wp-json\/wp\/v2\/comments?post=612880"}],"version-history":[{"count":0,"href":"https:\/\/www.europesays.com\/fr\/wp-json\/wp\/v2\/posts\/612880\/revisions"}],"wp:featuredmedia":[{"embeddable":true,"href":"https:\/\/www.europesays.com\/fr\/wp-json\/wp\/v2\/media\/612881"}],"wp:attachment":[{"href":"https:\/\/www.europesays.com\/fr\/wp-json\/wp\/v2\/media?parent=612880"}],"wp:term":[{"taxonomy":"category","embeddable":true,"href":"https:\/\/www.europesays.com\/fr\/wp-json\/wp\/v2\/categories?post=612880"},{"taxonomy":"post_tag","embeddable":true,"href":"https:\/\/www.europesays.com\/fr\/wp-json\/wp\/v2\/tags?post=612880"}],"curies":[{"name":"wp","href":"https:\/\/api.w.org\/{rel}","templated":true}]}}