{"id":612882,"date":"2025-12-21T01:59:13","date_gmt":"2025-12-21T01:59:13","guid":{"rendered":"https:\/\/www.europesays.com\/fr\/612882\/"},"modified":"2025-12-21T01:59:13","modified_gmt":"2025-12-21T01:59:13","slug":"previsions-du-dimanche-21-decembre-2025-5","status":"publish","type":"post","link":"https:\/\/www.europesays.com\/fr\/612882\/","title":{"rendered":"pr\u00e9visions du dimanche 21 d\u00e9cembre 2025"},"content":{"rendered":"<p>Le ciel de Rennes va progressivement se couvrir durant la journ\u00e9e du fait de la venue de nuages. Les valeurs seront de 8\u00b0C. Un vent de sud-est rafra\u00eechira quelque peu l&rsquo;atmosph\u00e8re. La matin\u00e9e se d\u00e9roulera dans le brouillard. Les temp\u00e9ratures afficheront entre 6 et 8\u00b0C. Des pluies \u00e9parses sont pr\u00e9vues dans l&rsquo;apr\u00e8s-midi. Les valeurs seront de 9\u00b0C au minimum et de 10\u00b0C au maximum. La soir\u00e9e sera marqu\u00e9e par des pluies \u00e9parses. Il va faire environ 10\u00b0C. On passera de dimanche \u00e0 lundi par une nuit brumeuse.<\/p>\n<p>Demain, \u00e0 Rennes, des nuages ne voudront pas faire place au soleil. Le mercure affichera 8\u00b0C en moyenne. Une modeste brise de sud-est sera ressentie par les habitants. Le matin, le soleil sera cach\u00e9 derri\u00e8re de l\u00e9gers nuages. Les temp\u00e9ratures s&rsquo;\u00e9chelonneront de 7 \u00e0 9\u00b0C. Demain apr\u00e8s-midi, toujours des nuages dans le ciel qui emp\u00eachent le soleil d&rsquo;appara\u00eetre. Des pluies \u00e9parses tomberont. Les valeurs seront comprises entre 6 et 9\u00b0C. Encore de la grisaille demain soir. Les nuages vont s&rsquo;attarder. On anticipe des temp\u00e9ratures d&rsquo;environ 6\u00b0C.<\/p>\n<p>Mardi, la m\u00e9t\u00e9o sera ensoleill\u00e9e tandis qu&rsquo;une d\u00e9gradation est annonc\u00e9e mercredi.<\/p>\n<p><\/p>\n","protected":false},"excerpt":{"rendered":"Le ciel de Rennes va progressivement se couvrir durant la journ\u00e9e du fait de la venue de nuages.&hellip;\n","protected":false},"author":2,"featured_media":612883,"comment_status":"","ping_status":"","sticky":false,"template":"","format":"standard","meta":{"footnotes":""},"categories":[2821],"tags":[1111,11,829,1777,674,1011,27,12,2119,584,25],"class_list":{"0":"post-612882","1":"post","2":"type-post","3":"status-publish","4":"format-standard","5":"has-post-thumbnail","7":"category-rennes","8":"tag-actu","9":"tag-actualites","10":"tag-bretagne","11":"tag-eu","12":"tag-europe","13":"tag-fr","14":"tag-france","15":"tag-news","16":"tag-previsions-meteo","17":"tag-rennes","18":"tag-republique-francaise"},"share_on_mastodon":{"url":"https:\/\/pubeurope.com\/@fr\/115755087705135802","error":""},"_links":{"self":[{"href":"https:\/\/www.europesays.com\/fr\/wp-json\/wp\/v2\/posts\/612882","targetHints":{"allow":["GET"]}}],"collection":[{"href":"https:\/\/www.europesays.com\/fr\/wp-json\/wp\/v2\/posts"}],"about":[{"href":"https:\/\/www.europesays.com\/fr\/wp-json\/wp\/v2\/types\/post"}],"author":[{"embeddable":true,"href":"https:\/\/www.europesays.com\/fr\/wp-json\/wp\/v2\/users\/2"}],"replies":[{"embeddable":true,"href":"https:\/\/www.europesays.com\/fr\/wp-json\/wp\/v2\/comments?post=612882"}],"version-history":[{"count":0,"href":"https:\/\/www.europesays.com\/fr\/wp-json\/wp\/v2\/posts\/612882\/revisions"}],"wp:featuredmedia":[{"embeddable":true,"href":"https:\/\/www.europesays.com\/fr\/wp-json\/wp\/v2\/media\/612883"}],"wp:attachment":[{"href":"https:\/\/www.europesays.com\/fr\/wp-json\/wp\/v2\/media?parent=612882"}],"wp:term":[{"taxonomy":"category","embeddable":true,"href":"https:\/\/www.europesays.com\/fr\/wp-json\/wp\/v2\/categories?post=612882"},{"taxonomy":"post_tag","embeddable":true,"href":"https:\/\/www.europesays.com\/fr\/wp-json\/wp\/v2\/tags?post=612882"}],"curies":[{"name":"wp","href":"https:\/\/api.w.org\/{rel}","templated":true}]}}