{"id":612886,"date":"2025-12-21T02:02:14","date_gmt":"2025-12-21T02:02:14","guid":{"rendered":"https:\/\/www.europesays.com\/fr\/612886\/"},"modified":"2025-12-21T02:02:14","modified_gmt":"2025-12-21T02:02:14","slug":"previsions-du-dimanche-21-decembre-2025-6","status":"publish","type":"post","link":"https:\/\/www.europesays.com\/fr\/612886\/","title":{"rendered":"pr\u00e9visions du dimanche 21 d\u00e9cembre 2025"},"content":{"rendered":"<p>Strasbourg va \u00eatre baign\u00e9e de soleil au cours de cette journ\u00e9e. Les valeurs iront de 4 \u00e0 8\u00b0C. Les Strasbourgeois vont avoir froid le matin : les temp\u00e9ratures ne vont pas d\u00e9passer 7\u00b0C. Les valeurs s&rsquo;\u00e9chelonneront entre 5 et 7\u00b0C. Un vent de nord soufflera un peu, avec 9 km\/h. Les valeurs seront comprises entre 6 et 8\u00b0C durant l&rsquo;apr\u00e8s-midi. Des \u00e9claircies feront leur apparition dans la soir\u00e9e. Le ciel sera d\u00e9pourvu de nuages dans la nuit de dimanche \u00e0 lundi.<\/p>\n<p>Demain, le mercure va chuter de quelques degr\u00e9s \u00e0 Strasbourg. Le thermom\u00e8tre affichera 5\u00b0C en moyenne. Une l\u00e9g\u00e8re brise de nord-est sera ressentie par les habitants. La m\u00e9t\u00e9o devrait s&rsquo;am\u00e9liorer pendant la matin\u00e9e. Les temp\u00e9ratures tourneront autour des 4\u00b0C. Cet apr\u00e8s-midi rimera avec grand soleil. Les valeurs afficheront entre 4\u00b0C et 6\u00b0C. Apr\u00e8s un court \u00e9pisode nuageux, le ciel va s&rsquo;\u00e9claircir au cours de la soir\u00e9e. Il fera 3\u00b0C en moyenne.<\/p>\n<p>Le temps des journ\u00e9es qui suivent va \u00e9voluer peu \u00e0 peu. Apr\u00e8s un temps stable mardi, la situation changera mercredi.<\/p>\n<p><\/p>\n","protected":false},"excerpt":{"rendered":"Strasbourg va \u00eatre baign\u00e9e de soleil au cours de cette journ\u00e9e. Les valeurs iront de 4 \u00e0 8\u00b0C.&hellip;\n","protected":false},"author":2,"featured_media":612887,"comment_status":"","ping_status":"","sticky":false,"template":"","format":"standard","meta":{"footnotes":""},"categories":[2820],"tags":[1111,11,1777,674,1011,27,775,12,2119,25,640],"class_list":{"0":"post-612886","1":"post","2":"type-post","3":"status-publish","4":"format-standard","5":"has-post-thumbnail","7":"category-strasbourg","8":"tag-actu","9":"tag-actualites","10":"tag-eu","11":"tag-europe","12":"tag-fr","13":"tag-france","14":"tag-grand-est","15":"tag-news","16":"tag-previsions-meteo","17":"tag-republique-francaise","18":"tag-strasbourg"},"share_on_mastodon":{"url":"https:\/\/pubeurope.com\/@fr\/115755099353223763","error":""},"_links":{"self":[{"href":"https:\/\/www.europesays.com\/fr\/wp-json\/wp\/v2\/posts\/612886","targetHints":{"allow":["GET"]}}],"collection":[{"href":"https:\/\/www.europesays.com\/fr\/wp-json\/wp\/v2\/posts"}],"about":[{"href":"https:\/\/www.europesays.com\/fr\/wp-json\/wp\/v2\/types\/post"}],"author":[{"embeddable":true,"href":"https:\/\/www.europesays.com\/fr\/wp-json\/wp\/v2\/users\/2"}],"replies":[{"embeddable":true,"href":"https:\/\/www.europesays.com\/fr\/wp-json\/wp\/v2\/comments?post=612886"}],"version-history":[{"count":0,"href":"https:\/\/www.europesays.com\/fr\/wp-json\/wp\/v2\/posts\/612886\/revisions"}],"wp:featuredmedia":[{"embeddable":true,"href":"https:\/\/www.europesays.com\/fr\/wp-json\/wp\/v2\/media\/612887"}],"wp:attachment":[{"href":"https:\/\/www.europesays.com\/fr\/wp-json\/wp\/v2\/media?parent=612886"}],"wp:term":[{"taxonomy":"category","embeddable":true,"href":"https:\/\/www.europesays.com\/fr\/wp-json\/wp\/v2\/categories?post=612886"},{"taxonomy":"post_tag","embeddable":true,"href":"https:\/\/www.europesays.com\/fr\/wp-json\/wp\/v2\/tags?post=612886"}],"curies":[{"name":"wp","href":"https:\/\/api.w.org\/{rel}","templated":true}]}}