{"id":612888,"date":"2025-12-21T02:03:20","date_gmt":"2025-12-21T02:03:20","guid":{"rendered":"https:\/\/www.europesays.com\/fr\/612888\/"},"modified":"2025-12-21T02:03:20","modified_gmt":"2025-12-21T02:03:20","slug":"le-candidat-christian-estrosi-presente-sa-feuille-de-route-pour-lhyper-centre-de-nice","status":"publish","type":"post","link":"https:\/\/www.europesays.com\/fr\/612888\/","title":{"rendered":"le candidat Christian Estrosi pr\u00e9sente sa feuille de route pour l\u2019hyper-centre de Nice"},"content":{"rendered":"<p class=\"fs-5 \">Ils habitent Gioffredo, H\u00f4tel des Postes ou encore Pastorelli \u00e0 Nice. Une quarantaine de riverains du quartier Wilson ont r\u00e9pondu \u00e0 l\u2019invitation du candidat Estrosi ce vendredi 19 d\u00e9cembre 2025. Le maire de Nice, qui postule \u00e0 sa propre succession, \u00e9tait en mode \u00ab la parole est \u00e0 vous \u00bb.<\/p>\n<p class=\"fs-5 \">C\u2019est la \u00ab m\u00e9thode \u00bb de cette quatri\u00e8me campagne municipale que l\u2019\u00e9dile ni\u00e7ois veut mettre en avant. Son programme, il ne le d\u00e9voilera que \u00ab fin janvier \u00bb. Au travers de cette r\u00e9union \u00e9lectorale, Christian Estrosi a n\u00e9anmoins fait quelques annonces pour ce quartier de l\u2019hypercentre ville.<\/p>\n<p>                                                                                Parkings Marshall et Wilson<\/p>\n<p class=\"fs-5 \">En commen\u00e7ant par r\u00e9futer quelques \u00ab fake news \u00bb. Non, les abonn\u00e9s et amodiataires du parking Marshall \u00ab ne seront pas vir\u00e9s \u00bb pour laisser la place aux v\u00e9hicules de service du <a href=\"https:\/\/www.nicematin.com\/societe\/urbanisme\/pourquoi-l-hotel-des-polices-de-nice-sera-finalement-livre-avec-10-mois-de-retard-996512\" target=\"_blank\" rel=\"noopener\">futur h\u00f4tel de police<\/a>. Ces derniers disposeront d\u2019ailleurs de leur propre parc de stationnement de 500 places sous l\u2019emprise de l\u2019ancien h\u00f4pital Saint-Roch.<\/p>\n<p>        <img src=\"https:\/\/www.europesays.com\/fr\/wp-content\/uploads\/2025\/12\/1766282600_644_905fff4_upload-from-url-1-xi7p50eoydcp-data-art-16799411.jpg\"   loading=\"lazy\" decoding=\"async\" alt=\"Philippe Pradal ancien adjoint aux Finances de la Ville de Nice.\" class=\"img-fluid position-absolute w-100 object-fit-cover rounded-2\" width=\"600\" height=\"400\"\/><\/p>\n<p class=\"fs-5 \">\u00c0 terme, lorsque le parking Wilson aura \u00e9t\u00e9 construit, un \u00ab r\u00e9\u00e9quilibrage \u00bb sera toutefois possible avec des transferts d\u2019abonn\u00e9s, mais \u00ab au m\u00eame tarif \u00bb. Ce ne sera pas avant 2028, date \u00e0 laquelle la majorit\u00e9 actuelle compte livrer ce nouvel \u00e9quipement. Les travaux devraient \u00eatre lanc\u00e9s d\u00e8s l\u2019an prochain et durer \u00ab 20 mois \u00bb. \u00ab Pas un seul arbre ne sera coup\u00e9 \u00bb, assure le maire-candidat, \u00ab contrairement \u00e0 ce que pr\u00e9tendent des affreux jojos \u00bb. Pour cela la capacit\u00e9 du parc a d\u00fb \u00eatre revue \u00e0 la baisse et passer de 500 \u00e0 400 places.<\/p>\n<p>                                                                                V\u00e9g\u00e9talisation et jardin d\u2019enfants<\/p>\n<p class=\"fs-5 \">L\u2019occasion aussi pour le maire-candidat de faire un point d\u2019\u00e9tape sur la v\u00e9g\u00e9talisation de Gioffredo qui se fera d\u00e8s l\u2019ann\u00e9e prochaine. Une consultation sera lanc\u00e9e en avril, juste apr\u00e8s les \u00e9lections, pour un d\u00e9but des travaux en septembre. Une fois ce chantier achev\u00e9 ce sera au tour de la rue H\u00f4tel-des-Postes de faire peau neuve.<\/p>\n<p class=\"fs-5 \">Quid de l\u2019actuel commissariat Foch une fois le nouvel h\u00f4tel des polices livr\u00e9 ? La municipalit\u00e9 rappelle que le foncier appartient \u00e0 l\u2019\u00c9tat aupr\u00e8s duquel la Ville a manifest\u00e9 son int\u00e9r\u00eat, pas pour la partie b\u00e2tie mais pour le parking. \u00ab Nous souhaiterions l\u2019acqu\u00e9rir pour en faire un jardin d\u2019enfants \u00bb, explique Ga\u00ebl Nofri, adjoint au maire et membre de l\u2019\u00e9quipe de campagne de Christian Estrosi.<\/p>\n","protected":false},"excerpt":{"rendered":"Ils habitent Gioffredo, H\u00f4tel des Postes ou encore Pastorelli \u00e0 Nice. Une quarantaine de riverains du quartier Wilson&hellip;\n","protected":false},"author":2,"featured_media":612889,"comment_status":"","ping_status":"","sticky":false,"template":"","format":"standard","meta":{"footnotes":""},"categories":[2819],"tags":[1111,11,1777,674,1011,27,3434,12,2401,882,25],"class_list":{"0":"post-612888","1":"post","2":"type-post","3":"status-publish","4":"format-standard","5":"has-post-thumbnail","7":"category-nice","8":"tag-actu","9":"tag-actualites","10":"tag-eu","11":"tag-europe","12":"tag-fr","13":"tag-france","14":"tag-municipales-2026","15":"tag-news","16":"tag-nice","17":"tag-provence-alpes-cote-dazur","18":"tag-republique-francaise"},"share_on_mastodon":{"url":"https:\/\/pubeurope.com\/@fr\/115755104418022234","error":""},"_links":{"self":[{"href":"https:\/\/www.europesays.com\/fr\/wp-json\/wp\/v2\/posts\/612888","targetHints":{"allow":["GET"]}}],"collection":[{"href":"https:\/\/www.europesays.com\/fr\/wp-json\/wp\/v2\/posts"}],"about":[{"href":"https:\/\/www.europesays.com\/fr\/wp-json\/wp\/v2\/types\/post"}],"author":[{"embeddable":true,"href":"https:\/\/www.europesays.com\/fr\/wp-json\/wp\/v2\/users\/2"}],"replies":[{"embeddable":true,"href":"https:\/\/www.europesays.com\/fr\/wp-json\/wp\/v2\/comments?post=612888"}],"version-history":[{"count":0,"href":"https:\/\/www.europesays.com\/fr\/wp-json\/wp\/v2\/posts\/612888\/revisions"}],"wp:featuredmedia":[{"embeddable":true,"href":"https:\/\/www.europesays.com\/fr\/wp-json\/wp\/v2\/media\/612889"}],"wp:attachment":[{"href":"https:\/\/www.europesays.com\/fr\/wp-json\/wp\/v2\/media?parent=612888"}],"wp:term":[{"taxonomy":"category","embeddable":true,"href":"https:\/\/www.europesays.com\/fr\/wp-json\/wp\/v2\/categories?post=612888"},{"taxonomy":"post_tag","embeddable":true,"href":"https:\/\/www.europesays.com\/fr\/wp-json\/wp\/v2\/tags?post=612888"}],"curies":[{"name":"wp","href":"https:\/\/api.w.org\/{rel}","templated":true}]}}