{"id":612891,"date":"2025-12-21T02:05:44","date_gmt":"2025-12-21T02:05:44","guid":{"rendered":"https:\/\/www.europesays.com\/fr\/612891\/"},"modified":"2025-12-21T02:05:44","modified_gmt":"2025-12-21T02:05:44","slug":"a-nantes-un-accueil-solidairhiver-pour-les-personnes-precaires-avec-un-repas-et-de-la-chaleur","status":"publish","type":"post","link":"https:\/\/www.europesays.com\/fr\/612891\/","title":{"rendered":"\u00c0 Nantes, un accueil Solidair\u2019hiver pour les personnes pr\u00e9caires avec un repas et de la chaleur"},"content":{"rendered":"<p>La ville de Nantes (Loire-Atlantique) se mobilise toute l\u2019ann\u00e9e, aux c\u00f4t\u00e9s des associations et des acteurs du territoire, pour accompagner et venir en aide aux personnes fragilis\u00e9es, isol\u00e9es ou sans abri. Pour cette p\u00e9riode de fin d\u2019ann\u00e9e, elle coordonne, en partenariat avec <a href=\"https:\/\/nantes.maville.com\/actu\/actudet_-une-nouvelle-maison-d-accueil-de-jour-a-nantes-_52716-6898390_actu.Htm\" target=\"_blank\" rel=\"noopener\">Les Eaux vives Emma\u00fcs,<\/a> le dispositif\u00a0Solidair\u2019hiver, un accueil de jour \u00e9ph\u00e9m\u00e8re qui vient renforcer l\u2019offre d\u2019accueil d\u2019urgence et permet une continuit\u00e9 de service pour les plus d\u00e9munis.<\/p>\n<p>Les r\u00e9veillons au chaud<\/p>\n<p>Solidair\u2019hiver prendre place \u00e0 l\u2019accueil de jour \u00f4 Vives des 5\u00a0ponts. Il est ouvert tous les dimanches et jours f\u00e9ri\u00e9s, jusqu\u2019au dimanche 22\u00a0f\u00e9vrier, de 11\u00a0h \u00e0 15\u00a0h\u00a030, y compris le 25\u00a0d\u00e9cembre et le 1er\u00a0janvier. Il est ouvert aux personnes isol\u00e9es, \u00e0 la rue ou en grande pr\u00e9carit\u00e9.<\/p>\n<p><strong>Lire aussi\u00a0:<\/strong> <a href=\"https:\/\/nantes.maville.com\/actu\/actudet_-a-l-accueil-pour-precaires-les-benevoles-nantais-revent-d-une-annee-plus-solidaire-_52716-6618661_actu.Htm\" target=\"_blank\" rel=\"noopener\">\u00c0 l\u2019accueil pour pr\u00e9caires, les b\u00e9n\u00e9voles nantais r\u00eavent d\u2019une ann\u00e9e plus solidaire<\/a><\/p>\n<p>Une collation est distribu\u00e9e sur place. Un repas festif sera aussi organis\u00e9 le 25\u00a0d\u00e9cembre, \u00e0 midi, propos\u00e9 par l\u2019association Adra, au restaurant social des 5\u00a0ponts. Dix associations se relaient sur place.<\/p>\n<p><strong>Contact.<\/strong> <a href=\"https:\/\/metropole.nantes.fr\/actualites\/des-rendez-vous-solidaires-pour-les-fetes-de-noel-2025\" target=\"_blank\" rel=\"noopener\">metropole.nantes.fr<\/a><\/p>\n<p>\u00a0<\/p>\n","protected":false},"excerpt":{"rendered":"La ville de Nantes (Loire-Atlantique) se mobilise toute l\u2019ann\u00e9e, aux c\u00f4t\u00e9s des associations et des acteurs du territoire,&hellip;\n","protected":false},"author":2,"featured_media":612892,"comment_status":"","ping_status":"","sticky":false,"template":"","format":"standard","meta":{"footnotes":""},"categories":[2818],"tags":[14073,1111,11,13208,1777,674,1011,27,6736,766,12,2636,3744,21730,17385,25,72385],"class_list":{"0":"post-612891","1":"post","2":"type-post","3":"status-publish","4":"format-standard","5":"has-post-thumbnail","7":"category-nantes","8":"tag-accueil","9":"tag-actu","10":"tag-actualites","11":"tag-chaleur","12":"tag-eu","13":"tag-europe","14":"tag-fr","15":"tag-france","16":"tag-hiver","17":"tag-nantes","18":"tag-news","19":"tag-pays-de-la-loire","20":"tag-personnes","21":"tag-precaires","22":"tag-repas","23":"tag-republique-francaise","24":"tag-solidair"},"share_on_mastodon":{"url":"https:\/\/pubeurope.com\/@fr\/115755111087798396","error":""},"_links":{"self":[{"href":"https:\/\/www.europesays.com\/fr\/wp-json\/wp\/v2\/posts\/612891","targetHints":{"allow":["GET"]}}],"collection":[{"href":"https:\/\/www.europesays.com\/fr\/wp-json\/wp\/v2\/posts"}],"about":[{"href":"https:\/\/www.europesays.com\/fr\/wp-json\/wp\/v2\/types\/post"}],"author":[{"embeddable":true,"href":"https:\/\/www.europesays.com\/fr\/wp-json\/wp\/v2\/users\/2"}],"replies":[{"embeddable":true,"href":"https:\/\/www.europesays.com\/fr\/wp-json\/wp\/v2\/comments?post=612891"}],"version-history":[{"count":0,"href":"https:\/\/www.europesays.com\/fr\/wp-json\/wp\/v2\/posts\/612891\/revisions"}],"wp:featuredmedia":[{"embeddable":true,"href":"https:\/\/www.europesays.com\/fr\/wp-json\/wp\/v2\/media\/612892"}],"wp:attachment":[{"href":"https:\/\/www.europesays.com\/fr\/wp-json\/wp\/v2\/media?parent=612891"}],"wp:term":[{"taxonomy":"category","embeddable":true,"href":"https:\/\/www.europesays.com\/fr\/wp-json\/wp\/v2\/categories?post=612891"},{"taxonomy":"post_tag","embeddable":true,"href":"https:\/\/www.europesays.com\/fr\/wp-json\/wp\/v2\/tags?post=612891"}],"curies":[{"name":"wp","href":"https:\/\/api.w.org\/{rel}","templated":true}]}}