{"id":612906,"date":"2025-12-21T02:16:14","date_gmt":"2025-12-21T02:16:14","guid":{"rendered":"https:\/\/www.europesays.com\/fr\/612906\/"},"modified":"2025-12-21T02:16:14","modified_gmt":"2025-12-21T02:16:14","slug":"un-jeune-dune-vingtaine-dannees-tue-par-balle","status":"publish","type":"post","link":"https:\/\/www.europesays.com\/fr\/612906\/","title":{"rendered":"Un jeune d\u2019une vingtaine d\u2019ann\u00e9es tu\u00e9 par balle"},"content":{"rendered":"<p>Un tragique fait divers vient <a href=\"https:\/\/www.20minutes.fr\/faits_divers\/faits-divers-marseille\/4188724-20251129-marseille-corps-carbonise-celui-adolescent-15-ans\" target=\"_blank\" class=\"c-link c-link--is-underlined\" rel=\"noopener\">une nouvelle fois endeuiller Marseille<\/a>. Un jeune homme a \u00e9t\u00e9 tu\u00e9 par balle samedi soir dans le nord de la cit\u00e9 phoc\u00e9enne.<\/p>\n<p>Le jeune homme, \u00e2g\u00e9 d\u2019une vingtaine d\u2019ann\u00e9es selon les pompiers, \u00e9tait d\u00e9j\u00e0 d\u00e9c\u00e9d\u00e9 \u00e0 l\u2019arriv\u00e9e des secours, selon les marins-pompiers. Les faits se sont produits vers 21 heures boulevard Jourdan, dans le 14e\u00a0arrondissement de la ville, dans le quartier du Mail.<\/p>\n<p>La police judiciaire m\u00e8ne l\u2019enqu\u00eate<\/p>\n<p>La police judiciaire a \u00e9t\u00e9 saisie, a-t-on appris de source polici\u00e8re. Le profil de la victime n\u2019est pas connu pour l\u2019heure.<\/p>\n<\/p>\n<p>Selon une source proche du dossier, le jeune homme a \u00e9t\u00e9 tu\u00e9 par des personnes circulant en voiture.<\/p>\n<p>Le choc de la mort de Mehdi Kessaci<\/p>\n<p>Selon un d\u00e9compte de l\u2019AFP, et en ne tenant pas compte de ce nouvel homicide, 17 personnes ont perdu la vie dans des assassinats li\u00e9s au <a href=\"https:\/\/www.20minutes.fr\/dossier\/trafic_de_drogue\" target=\"_blank\" class=\"c-link c-link--is-underlined\" rel=\"noopener\">trafic de drogue<\/a> depuis le d\u00e9but de l\u2019ann\u00e9e dans le d\u00e9partement des Bouches-du-Rh\u00f4ne.<\/p>\n<p><a href=\"https:\/\/www.20minutes.fr\/marseille\/\" target=\"_blank\" class=\"c-link c-btn c-btn--primary\" rel=\"noopener\">Nos articles sur Marseille<\/a><\/p>\n<p>Le 13 novembre, <a href=\"https:\/\/www.20minutes.fr\/societe\/4187325-20251123-marseille-assassins-deja-tuee-cri-douleur-mere-mehdi-kessaci-marche-blanche\" target=\"_blank\" class=\"c-link c-link--is-underlined\" rel=\"noopener\">la mort de Mehdi Kessaci, 20 ans<\/a>, le petit fr\u00e8re du militant \u00e9cologiste et contre le narcotrafic Amine Kessaci, a boulevers\u00e9 Marseille.<\/p>\n","protected":false},"excerpt":{"rendered":"Un tragique fait divers vient une nouvelle fois endeuiller Marseille. Un jeune homme a \u00e9t\u00e9 tu\u00e9 par balle&hellip;\n","protected":false},"author":2,"featured_media":612907,"comment_status":"","ping_status":"","sticky":false,"template":"","format":"standard","meta":{"footnotes":""},"categories":[2814],"tags":[1111,47,11,885,1777,674,118,7505,1011,27,2683,884,777,12,883,882,33962,25,133],"class_list":{"0":"post-612906","1":"post","2":"type-post","3":"status-publish","4":"format-standard","5":"has-post-thumbnail","7":"category-marseille","8":"tag-actu","9":"tag-actualite","10":"tag-actualites","11":"tag-bouches-du-rhone","12":"tag-eu","13":"tag-europe","14":"tag-faits-divers","15":"tag-faits-divers-marseille","16":"tag-fr","17":"tag-france","18":"tag-homicide","19":"tag-marseille","20":"tag-meurtre","21":"tag-news","22":"tag-paca","23":"tag-provence-alpes-cote-dazur","24":"tag-quartiers-nord-de-marseille","25":"tag-republique-francaise","26":"tag-video"},"share_on_mastodon":{"url":"https:\/\/pubeurope.com\/@fr\/115755154565639272","error":""},"_links":{"self":[{"href":"https:\/\/www.europesays.com\/fr\/wp-json\/wp\/v2\/posts\/612906","targetHints":{"allow":["GET"]}}],"collection":[{"href":"https:\/\/www.europesays.com\/fr\/wp-json\/wp\/v2\/posts"}],"about":[{"href":"https:\/\/www.europesays.com\/fr\/wp-json\/wp\/v2\/types\/post"}],"author":[{"embeddable":true,"href":"https:\/\/www.europesays.com\/fr\/wp-json\/wp\/v2\/users\/2"}],"replies":[{"embeddable":true,"href":"https:\/\/www.europesays.com\/fr\/wp-json\/wp\/v2\/comments?post=612906"}],"version-history":[{"count":0,"href":"https:\/\/www.europesays.com\/fr\/wp-json\/wp\/v2\/posts\/612906\/revisions"}],"wp:featuredmedia":[{"embeddable":true,"href":"https:\/\/www.europesays.com\/fr\/wp-json\/wp\/v2\/media\/612907"}],"wp:attachment":[{"href":"https:\/\/www.europesays.com\/fr\/wp-json\/wp\/v2\/media?parent=612906"}],"wp:term":[{"taxonomy":"category","embeddable":true,"href":"https:\/\/www.europesays.com\/fr\/wp-json\/wp\/v2\/categories?post=612906"},{"taxonomy":"post_tag","embeddable":true,"href":"https:\/\/www.europesays.com\/fr\/wp-json\/wp\/v2\/tags?post=612906"}],"curies":[{"name":"wp","href":"https:\/\/api.w.org\/{rel}","templated":true}]}}