{"id":612923,"date":"2025-12-21T02:28:29","date_gmt":"2025-12-21T02:28:29","guid":{"rendered":"https:\/\/www.europesays.com\/fr\/612923\/"},"modified":"2025-12-21T02:28:29","modified_gmt":"2025-12-21T02:28:29","slug":"usa-a-lapproche-des-elections-de-mi-mandat-trump-espere-faire-de-leconomie-un-theme-gagnant-3","status":"publish","type":"post","link":"https:\/\/www.europesays.com\/fr\/612923\/","title":{"rendered":"USA-A l&rsquo;approche des \u00e9lections de mi-mandat, Trump esp\u00e8re faire de l&rsquo;\u00e9conomie un th\u00e8me gagnant"},"content":{"rendered":"<p class=\"upper-letter\">par Steve \u200cHolland et Trevor Hunnicutt<\/p>\n<p>ROCKY MOUNT, Caroline du Nord, 19 d\u00e9cembre (Reuters) &#8211; Le pr\u00e9sident am\u00e9ricain Donald Trump s&rsquo;est rendu en Caroline du Nord vendredi, o\u00f9 il a prononc\u00e9 un discours visant \u00e0 convaincre \u200dles Am\u00e9ricains que l&rsquo;\u00e9conomie est en bonne sant\u00e9 alors que son Parti r\u00e9publicain se pr\u00e9pare \u00e0 une campagne tendue en vue des \u00e9lections de mi-mandat au Congr\u00e8s (\u00ab\u00a0midterms\u00a0\u00bb).<\/p>\n<p>Malgr\u00e9 la morosit\u00e9 des consommateurs et la baisse de sa c\u00f4te de popularit\u00e9 dans les sondages d&rsquo;opinion, Donald Trump a vant\u00e9 ses accomplissements.<\/p>\n<p>\u00ab\u00a0A lui seul, ce \u200dr\u00e9sultat devrait nous permettre de remporter les \u00e9lections de mi-mandat\u00a0\u00bb, a d\u00e9clar\u00e9 le \u200dlocataire de la Maison blanche alors qu&rsquo;il \u00e9voquait la signature d&rsquo;accords visant \u00e0 r\u00e9duire les prix de leurs m\u00e9dicaments.<\/p>\n<p>Il a \u00e9galement abord\u00e9 les donn\u00e9es sur \u2060l&rsquo;inflation aux Etats-Unis, plus faibles que pr\u00e9vu, publi\u00e9es jeudi par le d\u00e9partement du Travail. \u00ab\u00a0Je vous l&rsquo;avais dit ! \u00ab\u00a0Je vous \u200bl&rsquo;avais dit !\u00a0\u00bb, s&rsquo;est-il exclam\u00e9.<\/p>\n<p>Dans un discours de 90 minutes, pr\u00e9sent\u00e9 comme un discours portant sur l&rsquo;\u00e9conomie, Donald Trump a \u00e9voqu\u00e9 ses tests cognitifs, l&rsquo;intelligence de l&rsquo;ancienne candidate d\u00e9mocrate \u200b\u00e0 la pr\u00e9sidence Hillary Clinton, et le fait que les forces de l&rsquo;ordre auraient fouill\u00e9 dans les sous-v\u00eatements de son \u00e9pouse Melania.<\/p>\n<p>Il n&rsquo;a pas abord\u00e9 la \u2060publication vendredi de milliers de documents, largement expurg\u00e9s, li\u00e9s \u00e0 Jeffrey \u2060Epstein, financier am\u00e9ricain qui s&rsquo;est suicid\u00e9 en 2019 alors qu&rsquo;il \u00e9tait en d\u00e9tention aux Etats-Unis avant son proc\u00e8s pour trafic sexuel de mineures.<\/p>\n<p>L&rsquo;\u00c9CONOMIE AU COEUR DE LA CAMPAGNE<\/p>\n<p>Bien qu&rsquo;il vante ses accomplissements en mati\u00e8re d&rsquo;\u00e9conomie, \u200cDonald Trump pourrait avoir fort \u00e0 faire pour convaincre les \u00e9lecteurs de voter pour les candidats de son parti lors des \u00e9lections de mi-mandat.<\/p>\n<p>Un \u200dsondage Reuters\/Ipsos publi\u00e9 mardi montre que seulement 33% des adultes am\u00e9ricains approuvent la mani\u00e8re dont Donald Trump g\u00e8re l&rsquo;\u00e9conomie.<\/p>\n<p>Le pr\u00e9sident am\u00e9ricain a affirm\u00e9 que l&rsquo;\u00e9conomie \u00e9tait pr\u00eate \u00e0 conna\u00eetre un \u2060rebond gr\u00e2ce \u00e0 ses politiques et que les probl\u00e8mes rencontr\u00e9s par la population \u00e9taient dus aux D\u00e9mocrates.<\/p>\n<p>Majoritaires depuis janvier dernier au S\u00e9nat et \u00e0 la Chambre des repr\u00e9sentants, les r\u00e9publicains entendent renforcer lors des \u00ab\u00a0midterms\u00a0\u00bb de novembre 2026 leur contr\u00f4le sur les deux chambres du Congr\u00e8s.<\/p>\n<p>Les d\u00e9mocrates, qui ont enregistr\u00e9 le mois dernier des succ\u00e8s locaux lors des premi\u00e8res \u00e9lections organis\u00e9es depuis le d\u00e9but du second mandat de \u200dDonald Trump, ont mis l&rsquo;accent sur la hausse du co\u00fbt de la vie et cherchent \u00e0 \u200bse d\u00e9marquer des r\u00e9publicains sur la question des remboursements des soins de sant\u00e9, qui inqui\u00e8te des millions d&rsquo;Am\u00e9ricains.<\/p>\n<p>Donald \u200bTrump a prononc\u00e9 son discours depuis Rocky Mount, en Caroline du Nord, un Etat \u200dsouvent consid\u00e9r\u00e9 comme \u00ab\u00a0pivots\u00a0\u00bb (\u00ab\u00a0Swing States\u00a0\u00bb) o\u00f9 il a remport\u00e9 le scrutin pr\u00e9sidentiel en 2016, 2020 et 2024.<\/p>\n<p> (version fran\u00e7aise Camille Raynaud)<\/p>\n","protected":false},"excerpt":{"rendered":"par Steve \u200cHolland et Trevor Hunnicutt ROCKY MOUNT, Caroline du Nord, 19 d\u00e9cembre (Reuters) &#8211; Le pr\u00e9sident am\u00e9ricain&hellip;\n","protected":false},"author":2,"featured_media":612924,"comment_status":"","ping_status":"","sticky":false,"template":"","format":"standard","meta":{"footnotes":""},"categories":[1589],"tags":[11,73,1866,12,1864,1865,1863,308],"class_list":{"0":"post-612923","1":"post","2":"type-post","3":"status-publish","4":"format-standard","5":"has-post-thumbnail","7":"category-etats-unis","8":"tag-actualites","9":"tag-etats-unis","10":"tag-etats-unis-damerique","11":"tag-news","12":"tag-united-states","13":"tag-united-states-of-america","14":"tag-us","15":"tag-usa"},"share_on_mastodon":{"url":"https:\/\/pubeurope.com\/@fr\/115755201649804739","error":""},"_links":{"self":[{"href":"https:\/\/www.europesays.com\/fr\/wp-json\/wp\/v2\/posts\/612923","targetHints":{"allow":["GET"]}}],"collection":[{"href":"https:\/\/www.europesays.com\/fr\/wp-json\/wp\/v2\/posts"}],"about":[{"href":"https:\/\/www.europesays.com\/fr\/wp-json\/wp\/v2\/types\/post"}],"author":[{"embeddable":true,"href":"https:\/\/www.europesays.com\/fr\/wp-json\/wp\/v2\/users\/2"}],"replies":[{"embeddable":true,"href":"https:\/\/www.europesays.com\/fr\/wp-json\/wp\/v2\/comments?post=612923"}],"version-history":[{"count":0,"href":"https:\/\/www.europesays.com\/fr\/wp-json\/wp\/v2\/posts\/612923\/revisions"}],"wp:featuredmedia":[{"embeddable":true,"href":"https:\/\/www.europesays.com\/fr\/wp-json\/wp\/v2\/media\/612924"}],"wp:attachment":[{"href":"https:\/\/www.europesays.com\/fr\/wp-json\/wp\/v2\/media?parent=612923"}],"wp:term":[{"taxonomy":"category","embeddable":true,"href":"https:\/\/www.europesays.com\/fr\/wp-json\/wp\/v2\/categories?post=612923"},{"taxonomy":"post_tag","embeddable":true,"href":"https:\/\/www.europesays.com\/fr\/wp-json\/wp\/v2\/tags?post=612923"}],"curies":[{"name":"wp","href":"https:\/\/api.w.org\/{rel}","templated":true}]}}