{"id":612931,"date":"2025-12-21T02:33:22","date_gmt":"2025-12-21T02:33:22","guid":{"rendered":"https:\/\/www.europesays.com\/fr\/612931\/"},"modified":"2025-12-21T02:33:22","modified_gmt":"2025-12-21T02:33:22","slug":"la-frustration-du-bresil-face-aux-hesitations-europeennes","status":"publish","type":"post","link":"https:\/\/www.europesays.com\/fr\/612931\/","title":{"rendered":"la frustration du Br\u00e9sil face aux h\u00e9sitations europ\u00e9ennes"},"content":{"rendered":"\n<p>Avant m\u00eame son ouverture \u00e0 Foz de Igua\u00e7u, dans le sud du Br\u00e9sil, samedi 20\u00a0d\u00e9cembre, le sommet des dirigeants du bloc commercial sud-am\u00e9ricain est d\u00e9j\u00e0 marqu\u00e9 par la \u201cd\u00e9ception\u201d, <a href=\"https:\/\/www1.folha.uol.com.br\/amp\/mercado\/2025\/12\/cupula-do-mercosul-vive-anticlimax-com-decisao-da-ue-de-adiar-assinatura-do-acordo.shtml\" target=\"_blank\" rel=\"noopener\">observe le quotidien <strong>Folha de S\u00e3o Paulo<\/strong><\/a><strong>.<\/strong> En cause\u00a0: la d\u00e9cision de l\u2019Union europ\u00e9enne, prise deux jours auparavant, de reporter \u00e0 janvier la signature de l\u2019accord de libre-\u00e9change avec les pays du Mercosur (Argentine, Br\u00e9sil, Bolivie, Uruguay et Paraguay), attendue \u00e0 cette occasion.<\/p>\n<p>Si l\u2019entourage du pr\u00e9sident br\u00e9silien <a href=\"https:\/\/www.courrierinternational.com\/sujet\/lula\" target=\"_blank\" rel=\"noopener\">Luiz In\u00e1cio Lula da Silva<\/a> se refuse \u00e0 y voir un \u201cd\u00e9sastre total\u201d, le \u201cclimat de frustration\u201d est accentu\u00e9 par le passage de la pr\u00e9sidence tournante du Mercosur du Br\u00e9sil au Paraguay.<\/p>\n<p>Pour le dirigeant, conclure ce pacte commercial, en n\u00e9gociation depuis vingt-six ans, aurait constitu\u00e9 un succ\u00e8s majeur \u00e0 inscrire \u00e0 son \u201cportfolio international\u201d \u00e0 l\u2019approche de la pr\u00e9sidentielle de 2026, \u00e0 laquelle il entend se repr\u00e9senter. Apr\u00e8s une <a href=\"https:\/\/www.courrierinternational.com\/article\/climat-la-cop30-au-bresil-s-acheve-sur-un-accord-modeste-sans-plan-de-sortie-des-energies-fossiles_237704\" target=\"_blank\" rel=\"noopener\">COP30 jug\u00e9e d\u00e9cevante<\/a> \u00e0 Bel\u00e9m en novembre dernier, le report de la signature avec les Europ\u00e9ens \u201cmarque un nouvel \u00e9chec de la diplomatie\u201d du dirigeant de gauche, qui cherchait \u00e0 se \u201cd\u00e9marquer en tant qu\u2019articulateur international\u201d, <a class=\"ithalc\" data-ithal=\"lien_externe\" data-ithalc=\"[nav_article]\" target=\"_blank\" href=\"https:\/\/www.gazetadopovo.com.br\/republica\/adiamento-de-acordo-uniao-europeia-mercosul-aponta-novo-fracasso-da-diplomacia-de-lula\/\" rel=\"noopener\">tranche une chroniqueuse de l\u2019hebdomadaire conservateur <strong>Gazeta do Povo<\/strong><\/a><strong>.<\/strong><\/p>\n<p> Les \u201ccontradictions\u201d de l\u2019Europe <\/p>\n<p>En coulisses, rapporte Fo<\/p>\n","protected":false},"excerpt":{"rendered":"Avant m\u00eame son ouverture \u00e0 Foz de Igua\u00e7u, dans le sud du Br\u00e9sil, samedi 20\u00a0d\u00e9cembre, le sommet des&hellip;\n","protected":false},"author":2,"featured_media":612932,"comment_status":"","ping_status":"","sticky":false,"template":"","format":"standard","meta":{"footnotes":""},"categories":[1586],"tags":[11,327,3822,19362,1777,674,1779,1011,27,1892,21426,12,25,2542,1778,364,2475],"class_list":{"0":"post-612931","1":"post","2":"type-post","3":"status-publish","4":"format-standard","5":"has-post-thumbnail","7":"category-europe","8":"tag-actualites","9":"tag-agriculture","10":"tag-amu00e9riques","11":"tag-bru00e9sil","12":"tag-eu","13":"tag-europe","14":"tag-european-union","15":"tag-fr","16":"tag-france","17":"tag-gu00e9opolitique","18":"tag-mercosur","19":"tag-news","20":"tag-republique-francaise","21":"tag-u00e9conomie","22":"tag-ue","23":"tag-union-europeenne","24":"tag-union-europu00e9enne"},"share_on_mastodon":{"url":"https:\/\/pubeurope.com\/@fr\/115755221431993879","error":""},"_links":{"self":[{"href":"https:\/\/www.europesays.com\/fr\/wp-json\/wp\/v2\/posts\/612931","targetHints":{"allow":["GET"]}}],"collection":[{"href":"https:\/\/www.europesays.com\/fr\/wp-json\/wp\/v2\/posts"}],"about":[{"href":"https:\/\/www.europesays.com\/fr\/wp-json\/wp\/v2\/types\/post"}],"author":[{"embeddable":true,"href":"https:\/\/www.europesays.com\/fr\/wp-json\/wp\/v2\/users\/2"}],"replies":[{"embeddable":true,"href":"https:\/\/www.europesays.com\/fr\/wp-json\/wp\/v2\/comments?post=612931"}],"version-history":[{"count":0,"href":"https:\/\/www.europesays.com\/fr\/wp-json\/wp\/v2\/posts\/612931\/revisions"}],"wp:featuredmedia":[{"embeddable":true,"href":"https:\/\/www.europesays.com\/fr\/wp-json\/wp\/v2\/media\/612932"}],"wp:attachment":[{"href":"https:\/\/www.europesays.com\/fr\/wp-json\/wp\/v2\/media?parent=612931"}],"wp:term":[{"taxonomy":"category","embeddable":true,"href":"https:\/\/www.europesays.com\/fr\/wp-json\/wp\/v2\/categories?post=612931"},{"taxonomy":"post_tag","embeddable":true,"href":"https:\/\/www.europesays.com\/fr\/wp-json\/wp\/v2\/tags?post=612931"}],"curies":[{"name":"wp","href":"https:\/\/api.w.org\/{rel}","templated":true}]}}