{"id":612937,"date":"2025-12-21T02:37:00","date_gmt":"2025-12-21T02:37:00","guid":{"rendered":"https:\/\/www.europesays.com\/fr\/612937\/"},"modified":"2025-12-21T02:37:00","modified_gmt":"2025-12-21T02:37:00","slug":"avec-le-ballon-dor-ousmane-dembele-le-psg-taille-patron-face-a-vendee-fontenay","status":"publish","type":"post","link":"https:\/\/www.europesays.com\/fr\/612937\/","title":{"rendered":"avec le Ballon d\u2019or Ousmane Demb\u00e9l\u00e9, le PSG taille patron face \u00e0 Vend\u00e9e Fontenay"},"content":{"rendered":"<p><strong>Vend\u00e9e Fontenay (N3) &#8211; PSG (L1)\u00a0: 0-5<\/strong><\/p>\n<p><strong>De notre envoy\u00e9 sp\u00e9cial \u00e0 Nantes<\/strong><\/p>\n<p>La f\u00eate a \u00e9t\u00e9 belle lors de ce 32e\u00a0de finale de Coupe de France, samedi 20\u00a0d\u00e9cembre 2025. Les deux kops ont assur\u00e9 l\u2019ambiance avec un joli tifo vend\u00e9en. Les supporteurs de Fontenay se sont m\u00eame permis un petit tacle gliss\u00e9 \u00e0 l\u2019encontre de leur adversaire\u00a0: \u00ab On n\u2019entend plus chanter les Parisiens.\u00a0\u00bb Un feu d\u2019artifice a aussi \u00e9t\u00e9 tir\u00e9 aux abords de La Beaujoire.<\/p>\n<p>Et que dire de la haie d\u2019honneur des Champions d\u2019Europe puis le tour du stade des Vend\u00e9ens, remerciant les nombreux habitants du \u00ab\u00a085\u00a0\u00bb par des petits ballons adress\u00e9s aux diff\u00e9rentes tribunes. Avec \u00e0 leur t\u00eate, les anciens Bl\u00e9sois Lo\u00efc Lambert (2017-2022) et Joey Millimono (pass\u00e9 aussi par Neuville dans la Vienne entre\u00a02020 et\u00a02022). Ou encore des jeunes form\u00e9s aux Chamois Niortais Noah Renou et Maxime Bisleau&#8230;. <\/p>\n<p>    Cet article a \u00e9t\u00e9 tronqu\u00e9. Abonnez-vous pour lire l&rsquo;article complet sur notre site.<\/p>\n<p style=\"margin: 0 !important; padding: 0 !important; font-size: 12px !important;\">Cet article a \u00e9t\u00e9 tronqu\u00e9. Abonnez-vous pour lire l&rsquo;article complet.<\/p>\n<p>    <a href=\"https:\/\/www.lanouvellerepublique.fr\/abonnements\" style=\"display: inline-block; margin-top: 5px !important; padding: 6px 12px !important; background: #cb1c27; color: white; text-decoration: none; border-radius: 4px; font-size: 12px !important;\" target=\"_blank\" rel=\"noopener\"><br \/>\n      S&rsquo;abonner<br \/>\n    <\/a><\/p>\n","protected":false},"excerpt":{"rendered":"Vend\u00e9e Fontenay (N3) &#8211; PSG (L1)\u00a0: 0-5 De notre envoy\u00e9 sp\u00e9cial \u00e0 Nantes La f\u00eate a \u00e9t\u00e9 belle&hellip;\n","protected":false},"author":2,"featured_media":612938,"comment_status":"","ping_status":"","sticky":false,"template":"","format":"standard","meta":{"footnotes":""},"categories":[4],"tags":[328,1392,11,52302,63,1011,27,66,12,25,60,2546],"class_list":{"0":"post-612937","1":"post","2":"type-post","3":"status-publish","4":"format-standard","5":"has-post-thumbnail","7":"category-france","8":"tag-a-la-une","9":"tag-a-la-une-local","10":"tag-actualites","11":"tag-coupe-de-france-football","12":"tag-football","13":"tag-fr","14":"tag-france","15":"tag-ligue-1","16":"tag-news","17":"tag-republique-francaise","18":"tag-sports","19":"tag-vendee"},"share_on_mastodon":{"url":"https:\/\/pubeurope.com\/@fr\/115755236916751109","error":""},"_links":{"self":[{"href":"https:\/\/www.europesays.com\/fr\/wp-json\/wp\/v2\/posts\/612937","targetHints":{"allow":["GET"]}}],"collection":[{"href":"https:\/\/www.europesays.com\/fr\/wp-json\/wp\/v2\/posts"}],"about":[{"href":"https:\/\/www.europesays.com\/fr\/wp-json\/wp\/v2\/types\/post"}],"author":[{"embeddable":true,"href":"https:\/\/www.europesays.com\/fr\/wp-json\/wp\/v2\/users\/2"}],"replies":[{"embeddable":true,"href":"https:\/\/www.europesays.com\/fr\/wp-json\/wp\/v2\/comments?post=612937"}],"version-history":[{"count":0,"href":"https:\/\/www.europesays.com\/fr\/wp-json\/wp\/v2\/posts\/612937\/revisions"}],"wp:featuredmedia":[{"embeddable":true,"href":"https:\/\/www.europesays.com\/fr\/wp-json\/wp\/v2\/media\/612938"}],"wp:attachment":[{"href":"https:\/\/www.europesays.com\/fr\/wp-json\/wp\/v2\/media?parent=612937"}],"wp:term":[{"taxonomy":"category","embeddable":true,"href":"https:\/\/www.europesays.com\/fr\/wp-json\/wp\/v2\/categories?post=612937"},{"taxonomy":"post_tag","embeddable":true,"href":"https:\/\/www.europesays.com\/fr\/wp-json\/wp\/v2\/tags?post=612937"}],"curies":[{"name":"wp","href":"https:\/\/api.w.org\/{rel}","templated":true}]}}