{"id":612939,"date":"2025-12-21T02:39:19","date_gmt":"2025-12-21T02:39:19","guid":{"rendered":"https:\/\/www.europesays.com\/fr\/612939\/"},"modified":"2025-12-21T02:39:19","modified_gmt":"2025-12-21T02:39:19","slug":"volley-ball-le-club-de-saint-die-des-vosges-vise-par-de-lourdes-sanctions-financieres-et-sportives","status":"publish","type":"post","link":"https:\/\/www.europesays.com\/fr\/612939\/","title":{"rendered":"Volley-ball : le club de Saint-Di\u00e9-des-Vosges vis\u00e9 par de lourdes sanctions financi\u00e8res et sportives"},"content":{"rendered":"<p>\t\t\t\t\t\t\t\t<a href=\"https:\/\/vosgesinfo.fr\/app\/uploads\/sites\/4\/2025\/10\/volley-ball-premier-match-louves-saforelle-power-6-5.jpg\" data-slb-active=\"1\" data-slb-asset=\"472239141\" data-slb-internal=\"0\" data-slb-group=\"slb\" target=\"_blank\" rel=\"noopener\"><img fetchpriority=\"high\" decoding=\"async\" aria-describedby=\"caption-attachment-83261\" class=\"size-large wp-image-83261 lazyload\" alt=\"\" width=\"1024\" height=\"683\" src=\"https:\/\/www.europesays.com\/fr\/wp-content\/uploads\/2025\/12\/volley-ball-premier-match-louves-saforelle-power-6-5-1024x683.jpg\"  data- data-eio-rwidth=\"1024\" data-eio-rheight=\"683\"\/><\/a><\/p>\n<p id=\"caption-attachment-83261\" class=\"wp-caption-text\">(Archive)<\/p>\n<p>Selon <strong data-start=\"6\" data-end=\"21\">Volley Actu<\/strong>, \u00ab \u00e0 l\u2019issue d\u2019un <strong data-start=\"40\" data-end=\"72\">contr\u00f4le financier des clubs<\/strong> \u00bb, la <strong data-start=\"79\" data-end=\"150\">Commission d\u2019Aide et de Contr\u00f4le des Clubs Professionnels \u2013 CACCP \u2013<\/strong> a prononc\u00e9 des sanctions envers le <strong data-start=\"186\" data-end=\"222\">Saint-Di\u00e9-des-Vosges Volley-Ball<\/strong>, dont l\u2019\u00e9quipe des <strong data-start=\"242\" data-end=\"252\">Louves<\/strong> \u00e9volue pour la premi\u00e8re fois de son histoire en ligue professionnelle <strong data-start=\"323\" data-end=\"344\">Saforelle Power 6, <\/strong>\u00ab en raison d\u2019<strong data-start=\"360\" data-end=\"401\">anomalies et d\u2019infractions constat\u00e9es<\/strong> \u00bb.<\/p>\n<p><strong>Des sanctions lourdes pour le club d\u00e9odatien<\/strong><\/p>\n<p data-start=\"415\" data-end=\"809\">Le club \u00e9cope d\u2019une <strong data-start=\"435\" data-end=\"466\">amende ferme de 3 000 euros<\/strong>, d\u2019un <strong data-start=\"473\" data-end=\"496\">retrait de 5 points<\/strong> au classement et d\u2019une <strong data-start=\"520\" data-end=\"547\">exclusion des play-offs<\/strong>. La CACCP impose aussi un <strong data-start=\"574\" data-end=\"620\">encadrement renforc\u00e9 de la masse salariale<\/strong>, une <strong data-start=\"626\" data-end=\"682\">interdiction de recrutement pour la saison 2025-2026<\/strong> et une <strong data-start=\"690\" data-end=\"745\">r\u00e9trogradation administrative \u00e0 titre conservatoire<\/strong>. Le club dispose d\u2019un d\u00e9lai de sept jours pour faire appel.<\/p>\n<p><strong>La direction du club r\u00e9agit dans un communiqu\u00e9<\/strong><\/p>\n<p data-start=\"853\" data-end=\"1373\">Dans un communiqu\u00e9, la direction du club juge les sanctions tr\u00e8s lourdes au regard du travail engag\u00e9 depuis plusieurs mois pour se mettre en conformit\u00e9. Elle rappelle qu\u2019il s\u2019agit d\u2019un <strong data-start=\"1030\" data-end=\"1047\">club familial<\/strong> \u00ab reposant en grande partie sur l\u2019engagement de <strong data-start=\"1065\" data-end=\"1089\">dirigeants b\u00e9n\u00e9voles <\/strong>\u00bb, avec seulement <strong data-start=\"1106\" data-end=\"1139\">38 % de subventions publiques<\/strong>, contre plus de 50 % pour la plupart des clubs du m\u00eame niveau. Les dirigeants \u00e9voquent une <strong data-start=\"1231\" data-end=\"1279\">charge sportive et administrative importante<\/strong> ces derni\u00e8res semaines et annoncent vouloir renforcer la recherche de <strong data-start=\"1350\" data-end=\"1372\">partenaires priv\u00e9s<\/strong>.<\/p>\n<p><strong>Le club va faire appel<\/strong><\/p>\n<p data-start=\"1416\" data-end=\"1839\">Le club indique analyser en d\u00e9tail la d\u00e9cision et pr\u00e9parer une <strong data-start=\"1479\" data-end=\"1500\">proc\u00e9dure d\u2019appel<\/strong>. Sa priorit\u00e9 reste la d\u00e9fense du <strong data-start=\"1534\" data-end=\"1552\">projet sportif<\/strong> et des joueuses engag\u00e9es dans le <strong data-start=\"1586\" data-end=\"1632\">volley-ball f\u00e9minin \u00e0 Saint-Di\u00e9-des-Vosges<\/strong>. La direction reconna\u00eet que, sans nouvelles ressources financi\u00e8res, la <strong data-start=\"1704\" data-end=\"1725\">p\u00e9rennit\u00e9 du club<\/strong> \u00e0 ce niveau de comp\u00e9tition<strong> \u00ab restera un d\u00e9fi majeur \u00bb<\/strong>, tout en appelant \u00e0 l\u2019unit\u00e9 et \u00e0 la solidarit\u00e9 autour des Louves.<\/p>\n<p><strong>Le communiqu\u00e9 de la direction du Saint-Di\u00e9-des-Vosges Volley-Ball<\/strong><\/p>\n<p data-start=\"1416\" data-end=\"1839\"><a href=\"https:\/\/vosgesinfo.fr\/app\/uploads\/sites\/4\/2025\/12\/sanction-sddv-volley-ball-communique.jpg\" data-slb-active=\"1\" data-slb-asset=\"434080298\" data-slb-internal=\"0\" data-slb-group=\"slb\" target=\"_blank\" rel=\"noopener\"><img loading=\"lazy\" decoding=\"async\" class=\"alignnone size-large wp-image-86041 lazyload\" alt=\"\" width=\"819\" height=\"1024\" src=\"https:\/\/www.europesays.com\/fr\/wp-content\/uploads\/2025\/12\/sanction-sddv-volley-ball-communique-819x1024.jpg\"  data- data-eio-rwidth=\"819\" data-eio-rheight=\"1024\"\/><\/a><\/p>\n","protected":false},"excerpt":{"rendered":"(Archive) Selon Volley Actu, \u00ab \u00e0 l\u2019issue d\u2019un contr\u00f4le financier des clubs \u00bb, la Commission d\u2019Aide et de&hellip;\n","protected":false},"author":2,"featured_media":612940,"comment_status":"","ping_status":"","sticky":false,"template":"","format":"standard","meta":{"footnotes":""},"categories":[1417],"tags":[7431,72386,1011,27,44551,72387,44553,44554,72388,72389,60,1470,44556,1469,774],"class_list":{"0":"post-612939","1":"post","2":"type-post","3":"status-publish","4":"format-standard","5":"has-post-thumbnail","7":"category-volley","8":"tag-appel","9":"tag-caccp","10":"tag-fr","11":"tag-france","12":"tag-les-louves","13":"tag-retrogradation-administrative","14":"tag-saforelle-power-6","15":"tag-saint-die-des-vosges-volley-ball","16":"tag-sanctions-financieres","17":"tag-sanctions-sportives","18":"tag-sports","19":"tag-volley","20":"tag-volley-ball-feminin","21":"tag-volleyball","22":"tag-vosges"},"share_on_mastodon":{"url":"https:\/\/pubeurope.com\/@fr\/115755248103350871","error":""},"_links":{"self":[{"href":"https:\/\/www.europesays.com\/fr\/wp-json\/wp\/v2\/posts\/612939","targetHints":{"allow":["GET"]}}],"collection":[{"href":"https:\/\/www.europesays.com\/fr\/wp-json\/wp\/v2\/posts"}],"about":[{"href":"https:\/\/www.europesays.com\/fr\/wp-json\/wp\/v2\/types\/post"}],"author":[{"embeddable":true,"href":"https:\/\/www.europesays.com\/fr\/wp-json\/wp\/v2\/users\/2"}],"replies":[{"embeddable":true,"href":"https:\/\/www.europesays.com\/fr\/wp-json\/wp\/v2\/comments?post=612939"}],"version-history":[{"count":0,"href":"https:\/\/www.europesays.com\/fr\/wp-json\/wp\/v2\/posts\/612939\/revisions"}],"wp:featuredmedia":[{"embeddable":true,"href":"https:\/\/www.europesays.com\/fr\/wp-json\/wp\/v2\/media\/612940"}],"wp:attachment":[{"href":"https:\/\/www.europesays.com\/fr\/wp-json\/wp\/v2\/media?parent=612939"}],"wp:term":[{"taxonomy":"category","embeddable":true,"href":"https:\/\/www.europesays.com\/fr\/wp-json\/wp\/v2\/categories?post=612939"},{"taxonomy":"post_tag","embeddable":true,"href":"https:\/\/www.europesays.com\/fr\/wp-json\/wp\/v2\/tags?post=612939"}],"curies":[{"name":"wp","href":"https:\/\/api.w.org\/{rel}","templated":true}]}}