{"id":612943,"date":"2025-12-21T02:45:28","date_gmt":"2025-12-21T02:45:28","guid":{"rendered":"https:\/\/www.europesays.com\/fr\/612943\/"},"modified":"2025-12-21T02:45:28","modified_gmt":"2025-12-21T02:45:28","slug":"les-ffl-dor-2025-de-la-5e-a-la-4e-place","status":"publish","type":"post","link":"https:\/\/www.europesays.com\/fr\/612943\/","title":{"rendered":"Les FFL d\u2019Or 2025 : de la 5e \u00e0 la 4e place"},"content":{"rendered":"<p><a href=\"https:\/\/shop.fflose.com\/?utm_source=fflose.com&amp;utm_medium=articles&amp;utm_campaign=banner_nouveau_shop\" target=\"_blank\" rel=\"noopener\"><br \/>\n  <img decoding=\"async\" src=\"https:\/\/www.europesays.com\/fr\/wp-content\/uploads\/2025\/11\/55b7e63f-banniere-nouveau-shop-ffl.png\"\/><br \/>\n<\/a><\/p>\n<p><strong>On continue notre r\u00e9v\u00e9lation des FFL d\u2019Or 2025, avec le cinqui\u00e8me et quatri\u00e8me. <\/strong><strong>Pas assez inspir\u00e9s par la lose pour esp\u00e9rer le podium, mais suffisamment pour ne pas sombrer dans les profondeurs du top 10. Mesdames et messieurs, nous sommes heureux de vous pr\u00e9senter le ventre mou des FFL d\u2019Or.<\/strong><\/p>\n<p>5. Julian Alaphilippe<\/p>\n<p>Lors de la 15\u1d49 \u00e9tape du Tour de France, qui relie Muret \u00e0 Carcassonne, les organisateurs n\u2019avaient certainement pas imagin\u00e9 que la 112\u1d49 \u00e9dition de la Grande Boucle allait basculer dans la post\u00e9rit\u00e9. Pourtant, l\u2019arriv\u00e9e de cette \u00e9tape est encore intacte dans notre esprit.<\/p>\n<p>  Pas encore inscrit \u00e0 la Loseletter ?<\/p>\n<p style=\"margin:0 0 15px;font-size:15px;line-height:1.4;\">\n    Chaque vendredi, ton best-of de la semaine \ud83c\uddeb\ud83c\uddf7 \ud83d\uddde\n  <\/p>\n<p>Un groupe de coureurs approche de la ligne d\u2019arriv\u00e9e, et lance le sprint. Parmi eux, Julian Alaphilippe et Wout Van Aert, et c\u2019est le Fran\u00e7ais qui sort vainqueur. Le coureur de l\u2019\u00e9quipe Tudor l\u00e8ve les bras pour c\u00e9l\u00e9brer sa victoire. Petit probl\u00e8me, deux coureurs belges ont franchi la ligne d\u2019arriv\u00e9e avant le Fran\u00e7ais, mais celui-ci ne le sait pas, sa radio ne fonctionnant pas. On se retrouve donc avec Julian Alaphilippe pensant c\u00e9l\u00e9brer sa victoire, mais qui <strong>honore en r\u00e9alit\u00e9 une troisi\u00e8me place<\/strong>. <a href=\"https:\/\/fflose.com\/liege-bastogne-liege-alaphilippe-voulait-vraiment-montrer-son-nouveau-maillot\/\" target=\"_blank\" rel=\"noopener\">Une c\u00e9l\u00e9bration alaphilippienne<\/a> dans les r\u00e8gles de l\u2019art. Le sport fran\u00e7ais n\u2019a aucun \u00e9gal, \u00e9pisode 6386729.<\/p>\n<blockquote class=\"twitter-tweet\">\n<p dir=\"ltr\" lang=\"fr\">Le directeur sportif de Tudor confirme que Julian Alaphilippe pensait s\u2019impose sur cette 15e \u00e9tape du Tour de France. \u00ab\u00a0La radio n\u2019a pas fonctionn\u00e9\u00a0\u00bb, a expliqu\u00e9 son DS, avec le sourire aupr\u00e8s de France TV.<\/p>\n<p>Le Fran\u00e7ais va faire une radio pour l\u2019\u00e9paule. <a href=\"https:\/\/twitter.com\/hashtag\/TDF2025?src=hash&amp;ref_src=twsrc%5Etfw\" target=\"_blank\" rel=\"noopener\">#TDF2025<\/a> <a href=\"https:\/\/t.co\/g7FSSpiRy3\">pic.twitter.com\/g7FSSpiRy3<\/a><\/p>\n<p>\u2014 Le Gruppetto (@LeGruppetto) <a href=\"https:\/\/twitter.com\/LeGruppetto\/status\/1946953732987539669?ref_src=twsrc%5Etfw\" target=\"_blank\" rel=\"noopener\">July 20, 2025<\/a><\/p>\n<\/blockquote>\n<blockquote>\n<p>\u00ab\u00a0Comme un con, j\u2019ai lev\u00e9 les mains\u00a0\u00bb Julian Alaphilippe<\/p>\n<\/blockquote>\n<blockquote class=\"twitter-tweet\">\n<p dir=\"ltr\" lang=\"fr\">C\u2019est pas Alain Philippe qui aurait fait cette bourde<\/p>\n<p>\u2014 F\u00e9d\u00e9 \ud83c\uddeb\ud83c\uddf7 de la Lose (@FFLose) <a href=\"https:\/\/twitter.com\/FFLose\/status\/1946955862506963125?ref_src=twsrc%5Etfw\" target=\"_blank\" rel=\"noopener\">July 20, 2025<\/a><\/p>\n<\/blockquote>\n<p>4. H\u00e9rouville Saint-Clair VS l\u2019Avant Garde Caen Football<\/p>\n<p>En cette ann\u00e9e 2025, le football normand est \u00e0 la f\u00eate. Apr\u00e8s le Stade Malherbe Caen qui signe un nouveau record de d\u00e9faites cons\u00e9cutives en Ligue 2, et Kylian Mbapp\u00e9 qui se clashe avec Orelsan sur les r\u00e9seaux, c\u2019est un autre spectacle haut en couleur qui nous est propos\u00e9 ici. Pour cela, nous vous emmenons dans les m\u00e9andres du football fran\u00e7ais, \u00e0 l\u2019occasion du premier match de la saison en R\u00e9gional 1. L\u2019Avant-Garde caennaise re\u00e7oit le non moins immense le SC H\u00e9rouville, ou SCH pour les amateurs de rap, sur la pelouse du Stade de Venoix.<\/p>\n<p>Au bout des 90 minutes, c\u2019est H\u00e9rouville Saint-Clair qui s\u2019impose 7-1. Mais on vous arr\u00eate tout de suite ; 7-1 score qui ne va pas tenir tr\u00e8s longtemps. En effet, les vainqueurs du jour voient leur victoire \u00eatre annul\u00e9e. La raison ? Ils ont align\u00e9 Titouan Lefranc, et ce dernier est\u00a0un joueur mut\u00e9 en trop. La frustration est d\u2019autant plus grande dans le camp h\u00e9rouvillais, que celui-ci n\u2019est plus consid\u00e9r\u00e9 comme \u00ab mut\u00e9 \u00bb quatre jours seulement apr\u00e8s le match en question. Gigantesque.<\/p>\n<blockquote class=\"twitter-tweet\">\n<p dir=\"ltr\" lang=\"fr\">89\u2019 | Le 7\u00e8me but du SC H\u00e9rouville<a href=\"https:\/\/twitter.com\/hashtag\/AGCSCH?src=hash&amp;ref_src=twsrc%5Etfw\" target=\"_blank\" rel=\"noopener\">#AGCSCH<\/a> 1\ufe0f\u20e3-7\ufe0f\u20e3 <a href=\"https:\/\/t.co\/MIweAPy6gI\">pic.twitter.com\/MIweAPy6gI<\/a><\/p>\n<p>\u2014 AG Caen Football (@AGCaen) <a href=\"https:\/\/twitter.com\/AGCaen\/status\/1964387940416835776?ref_src=twsrc%5Etfw\" target=\"_blank\" rel=\"noopener\">September 6, 2025<\/a><\/p>\n<\/blockquote>\n<p>Mais le sc\u00e9nario passe de dr\u00f4le \u00e0 irr\u00e9el. Tandis que l\u2019Avant-Garde caennaise se voit d\u00e9j\u00e0 r\u00e9cup\u00e9rer les trois points sur tapis vert malgr\u00e9 un revers 7-1, le club se manque \u00e9galement lors de ce match en alignant un joueur qui \u00e9tait suspendu.\u00a0L\u2019impensable se produit alors ;\u00a0la Ligue de football de Normandie d\u00e9clare que les deux clubs sont perdants. Oui, vous avez bien lu : <strong>deux d\u00e9faites dans un m\u00eame match<\/strong>. C\u2019est pas mal non ? C\u2019est normand.<\/p>\n<p>                         <a href=\"https:\/\/fflose.com\/author\/tomgaleron\/\" class=\"url\" title=\"Tom\" target=\"_blank\" rel=\"noopener\"> <img loading=\"lazy\" decoding=\"async\" alt=\"Tom\" src=\"https:\/\/www.europesays.com\/fr\/wp-content\/uploads\/2025\/12\/1766285128_966_fa539669b9b6c266044bdafc0534c1c7e71784259f6e9e9e6fab2d5d73302c49\"  class=\"avatar avatar-250 photo\" height=\"250\" width=\"250\"\/><\/a> <\/p>\n<p>Natif de Marseille, autant vous dire qu&rsquo;il est pr\u00e9f\u00e9rable de ne pas me parler de football en ce moment. Merci pour votre compr\u00e9hension.<\/p>\n<p> <a href=\"https:\/\/fflose.com\/author\/tomgaleron\/\" class=\"url\" title=\"Tom\" target=\"_blank\" rel=\"noopener\"><img loading=\"lazy\" decoding=\"async\" alt=\"Tom\" src=\"https:\/\/www.europesays.com\/fr\/wp-content\/uploads\/2025\/12\/1766285128_966_fa539669b9b6c266044bdafc0534c1c7e71784259f6e9e9e6fab2d5d73302c49\"  class=\"avatar avatar-250 photo\" height=\"250\" width=\"250\"\/><\/a><br \/>\n<a href=\"https:\/\/shop.fflose.com\/?utm_source=fflose.com&amp;utm_medium=articles&amp;utm_campaign=banner_nouveau_shop\" target=\"_blank\" rel=\"noopener\"><br \/>\n  <img decoding=\"async\" src=\"https:\/\/www.europesays.com\/fr\/wp-content\/uploads\/2025\/11\/55b7e63f-banniere-nouveau-shop-ffl.png\"\/><br \/>\n<\/a><\/p>\n<p><script async src=\"https:\/\/platform.twitter.com\/widgets.js\" charset=\"utf-8\"><\/script><\/p>\n","protected":false},"excerpt":{"rendered":"On continue notre r\u00e9v\u00e9lation des FFL d\u2019Or 2025, avec le cinqui\u00e8me et quatri\u00e8me. Pas assez inspir\u00e9s par la&hellip;\n","protected":false},"author":2,"featured_media":612944,"comment_status":"","ping_status":"","sticky":false,"template":"","format":"standard","meta":{"footnotes":""},"categories":[1411],"tags":[1154,207,1011,27,60],"class_list":{"0":"post-612943","1":"post","2":"type-post","3":"status-publish","4":"format-standard","5":"has-post-thumbnail","7":"category-cyclisme","8":"tag-cycling","9":"tag-cyclisme","10":"tag-fr","11":"tag-france","12":"tag-sports"},"share_on_mastodon":{"url":"https:\/\/pubeurope.com\/@fr\/115755269188271491","error":""},"_links":{"self":[{"href":"https:\/\/www.europesays.com\/fr\/wp-json\/wp\/v2\/posts\/612943","targetHints":{"allow":["GET"]}}],"collection":[{"href":"https:\/\/www.europesays.com\/fr\/wp-json\/wp\/v2\/posts"}],"about":[{"href":"https:\/\/www.europesays.com\/fr\/wp-json\/wp\/v2\/types\/post"}],"author":[{"embeddable":true,"href":"https:\/\/www.europesays.com\/fr\/wp-json\/wp\/v2\/users\/2"}],"replies":[{"embeddable":true,"href":"https:\/\/www.europesays.com\/fr\/wp-json\/wp\/v2\/comments?post=612943"}],"version-history":[{"count":0,"href":"https:\/\/www.europesays.com\/fr\/wp-json\/wp\/v2\/posts\/612943\/revisions"}],"wp:featuredmedia":[{"embeddable":true,"href":"https:\/\/www.europesays.com\/fr\/wp-json\/wp\/v2\/media\/612944"}],"wp:attachment":[{"href":"https:\/\/www.europesays.com\/fr\/wp-json\/wp\/v2\/media?parent=612943"}],"wp:term":[{"taxonomy":"category","embeddable":true,"href":"https:\/\/www.europesays.com\/fr\/wp-json\/wp\/v2\/categories?post=612943"},{"taxonomy":"post_tag","embeddable":true,"href":"https:\/\/www.europesays.com\/fr\/wp-json\/wp\/v2\/tags?post=612943"}],"curies":[{"name":"wp","href":"https:\/\/api.w.org\/{rel}","templated":true}]}}