{"id":612949,"date":"2025-12-21T02:48:52","date_gmt":"2025-12-21T02:48:52","guid":{"rendered":"https:\/\/www.europesays.com\/fr\/612949\/"},"modified":"2025-12-21T02:48:52","modified_gmt":"2025-12-21T02:48:52","slug":"la-cite-de-larchitecture-plonge-le-visiteur-dans-une-nouvelle-dimension","status":"publish","type":"post","link":"https:\/\/www.europesays.com\/fr\/612949\/","title":{"rendered":"La Cit\u00e9 de l&rsquo;architecture plonge le visiteur dans une nouvelle dimension"},"content":{"rendered":"<p>La Cit\u00e9 de l&rsquo;architecture et du patrimoine lance de nouveaux outils num\u00e9riques en 2026. L&rsquo;institution parisienne repense et enrichit ses outils de m\u00e9diation gr\u00e2ce \u00e0 de nouvelles exp\u00e9riences num\u00e9riques destin\u00e9es aux visiteurs. <\/p>\n<p class=\"para r3\">\u00a0<\/p>\n<p>Trois nouveaux dispositifs interactifs et immersifs seront install\u00e9s au sein des galeries permanentes. Une fa\u00e7on d&rsquo;offrir aux visiteurs \u00ab\u00a0une nouvelle lecture sensible, intuitive et vivante des monuments expos\u00e9s\u00a0\u00bb, d\u00e9clare Julien Bargeton, pr\u00e9sident de la Cit\u00e9 de l&rsquo;architecture et du patrimoine, contact\u00e9 par Batiactu. <\/p>\n<p class=\"para r3\">\u00a0<\/p>\n<p>Les dispositifs sont pens\u00e9s  <\/p>\n<p>Il vous reste 79% \u00e0 d\u00e9couvrir.<\/p>\n","protected":false},"excerpt":{"rendered":"La Cit\u00e9 de l&rsquo;architecture et du patrimoine lance de nouveaux outils num\u00e9riques en 2026. L&rsquo;institution parisienne repense et&hellip;\n","protected":false},"author":2,"featured_media":612950,"comment_status":"","ping_status":"","sticky":false,"template":"","format":"standard","meta":{"footnotes":""},"categories":[1358],"tags":[1348,1384,1385,1386,58,59,1011,27],"class_list":{"0":"post-612949","1":"post","2":"type-post","3":"status-publish","4":"format-standard","5":"has-post-thumbnail","7":"category-arts-et-design","8":"tag-arts","9":"tag-arts-and-design","10":"tag-arts-et-design","11":"tag-design","12":"tag-divertissement","13":"tag-entertainment","14":"tag-fr","15":"tag-france"},"share_on_mastodon":{"url":"https:\/\/pubeurope.com\/@fr\/115755284071152171","error":""},"_links":{"self":[{"href":"https:\/\/www.europesays.com\/fr\/wp-json\/wp\/v2\/posts\/612949","targetHints":{"allow":["GET"]}}],"collection":[{"href":"https:\/\/www.europesays.com\/fr\/wp-json\/wp\/v2\/posts"}],"about":[{"href":"https:\/\/www.europesays.com\/fr\/wp-json\/wp\/v2\/types\/post"}],"author":[{"embeddable":true,"href":"https:\/\/www.europesays.com\/fr\/wp-json\/wp\/v2\/users\/2"}],"replies":[{"embeddable":true,"href":"https:\/\/www.europesays.com\/fr\/wp-json\/wp\/v2\/comments?post=612949"}],"version-history":[{"count":0,"href":"https:\/\/www.europesays.com\/fr\/wp-json\/wp\/v2\/posts\/612949\/revisions"}],"wp:featuredmedia":[{"embeddable":true,"href":"https:\/\/www.europesays.com\/fr\/wp-json\/wp\/v2\/media\/612950"}],"wp:attachment":[{"href":"https:\/\/www.europesays.com\/fr\/wp-json\/wp\/v2\/media?parent=612949"}],"wp:term":[{"taxonomy":"category","embeddable":true,"href":"https:\/\/www.europesays.com\/fr\/wp-json\/wp\/v2\/categories?post=612949"},{"taxonomy":"post_tag","embeddable":true,"href":"https:\/\/www.europesays.com\/fr\/wp-json\/wp\/v2\/tags?post=612949"}],"curies":[{"name":"wp","href":"https:\/\/api.w.org\/{rel}","templated":true}]}}