{"id":612953,"date":"2025-12-21T02:51:14","date_gmt":"2025-12-21T02:51:14","guid":{"rendered":"https:\/\/www.europesays.com\/fr\/612953\/"},"modified":"2025-12-21T02:51:14","modified_gmt":"2025-12-21T02:51:14","slug":"quatre-chanteuses-rendent-hommage-a-celine-dion-sur-scene-dans-generation-celine-cetait-mon-reve-de-reprendre-un-jour-ses-chansons","status":"publish","type":"post","link":"https:\/\/www.europesays.com\/fr\/612953\/","title":{"rendered":"Quatre chanteuses rendent hommage \u00e0 C\u00e9line Dion sur sc\u00e8ne dans \u00ab\u00a0G\u00e9n\u00e9ration C\u00e9line\u00a0\u00bb\u00a0: \u00ab\u00a0C&rsquo;\u00e9tait mon r\u00eave de reprendre un jour ses chansons\u00a0\u00bb"},"content":{"rendered":"<p><img loading=\"lazy\" decoding=\"async\" class=\"w-full lazyload lazyload--opacity object-contain\" style=\"aspect-ratio:145 \/ 100;opacity:1\" alt=\"Les quatre chanteuses de G\u00e9n\u00e9ration C\u00e9line en studio.\" width=\"768\" height=\"530\" fetchpriority=\"auto\" src=\"https:\/\/www.europesays.com\/fr\/wp-content\/uploads\/2025\/12\/1766285474_384_S5VKD3X55FFF3BW6V4SEHXNP7I.png\"  data- data-optimumx=\"1\"\/>Les quatre chanteuses de G\u00e9n\u00e9ration C\u00e9line en studio. De gauche \u00e0 droite : Virginie Rohart, Magali Ponsada, Chiara Nova et Catherine Pearson. \u00a9PHOTOPQR\/LE PARISIEN\/Jean-Baptiste Quentin<\/p>\n<p class=\"ap-StoryElement ap-StoryElement--mb ap-StoryText\">Apr\u00e8s quelques dates en septembre dernier, elles reprendront la tourn\u00e9e d\u00e8s le mois de janvier, dans toute la France. Le 19 f\u00e9vrier, elles seront de passage \u00e0 Bruxelles. En attendant, Catherine Pearson et Virginie Rohart nous parlent de \u00ab\u00a0G\u00e9n\u00e9ration C\u00e9line\u00a0\u00bb et de leur rapport avec la chanteuse.<\/p>\n<p><a href=\"https:\/\/www.parismatch.be\/actualites\/people\/2025\/10\/06\/celine-dion-fait-une-apparition-remarquee-au-concert-de-paul-mccartney-a-las-vegas-videos-G6ZYUUIL6NC3HJODVEVLCCZ3PU\/\" target=\"_self\" class=\"ap-StoryInterstitialLink ap-StoryElement ap-StoryElement--mb\" rel=\"noopener\">C\u00e9line Dion fait une apparition remarqu\u00e9e au concert de Paul McCartney \u00e0 Las Vegas (vid\u00e9os)<\/a><\/p>\n<p class=\"ap-StoryElement ap-StoryElement--mb ap-StoryText\"><b>Comment pr\u00e9senteriez-vous &lsquo;G\u00e9n\u00e9ration C\u00e9line&rsquo; ?<\/b><\/p>\n<p class=\"ap-StoryElement ap-StoryElement--mb ap-StoryText\"><b>Virginie Rohart.<\/b> \u00ab\u00a0C&rsquo;est un spectacle. Il y a un show lumi\u00e8re, des musiciens live, un \u00e9cran vid\u00e9o, etc. Nous sommes quatre filles et nous reprenons les chansons de C\u00e9line Dion. C&rsquo;est plus un hommage \u00e0 ses chansons, sur un r\u00e9pertoire d&rsquo;un peu pr\u00e8s 22 titres, allant de sa p\u00e9riode des d\u00e9buts \u00e0 Las Vegas, en passant par des titres comme &lsquo;Pour que tu m&rsquo;aimes encore&rsquo;.\u00a0\u00bb<\/p>\n<p class=\"ap-StoryElement ap-StoryElement--mb ap-StoryText\"><b>Comment avez-vous \u00e9t\u00e9 choisies pour faire partie de ce spectacle ?<\/b><\/p>\n<p class=\"ap-StoryElement ap-StoryElement--mb ap-StoryText\"><b>V.R. <\/b>\u00ab\u00a0Il y a eu un casting pour &lsquo;G\u00e9n\u00e9ration C\u00e9line&rsquo;, avec, entre autres, Erick Benzi, qui est l&rsquo;auteur-compositeur, en collaboration avec <a href=\"https:\/\/www.parismatch.be\/actualites\/people\/2025\/04\/11\/celine-dion-bientot-de-retour-la-chanteuse-aurait-passe-un-moment-en-studio-avec-jean-jacques-goldman-SJPRXNI37NCJLIYVHZIDGC7LFY\/\" target=\"_self\" rel=\"noopener\">Jean-Jacques Goldman<\/a>, sur les quatre albums de C\u00e9line Dion en fran\u00e7ais. J&rsquo;ai d\u00e9pos\u00e9 ma candidature avec une vid\u00e9o et je me suis retrouv\u00e9e dans son studio pour auditionner. C&rsquo;\u00e9tait il y a un an. On \u00e9tait entre deux et trois filles et c&rsquo;\u00e9tait beaucoup de stress de se retrouver dans le studio d&rsquo;Erick Benzi. C&rsquo;\u00e9tait tr\u00e8s impressionnant.\u00a0\u00bb<\/p>\n<p class=\"ap-StoryElement ap-StoryElement--mb ap-StoryText\"><b>Catherine Pearson.<\/b> \u00ab\u00a0Moi, j&rsquo;ai eu un processus diff\u00e9rent, parce que j&rsquo;ai eu la chance de ne pas participer aux auditions, puisque j&rsquo;ai d\u00e9j\u00e0 un hommage \u00e0 C\u00e9line au Qu\u00e9bec, qui tourne depuis quelques ann\u00e9es. Ils se sont bas\u00e9s sur les vid\u00e9os que j&rsquo;avais de mon spectacle et c&rsquo;est ce qui a servi pour l&rsquo;audition. Je n&rsquo;ai pas eu ce stress-l\u00e0.\u00a0\u00bb<\/p>\n<blockquote class=\"ap-StoryQuote ap-StoryQuote--pullquote\"><p>guillement<\/p>\n<p class=\"ap-StoryQuote-text\">Au Qu\u00e9bec, on conna\u00eet C\u00e9line depuis 1981 et moi je la chante depuis 1984, depuis que je suis toute petite. <\/p>\n<\/blockquote>\n<p class=\"ap-StoryElement ap-StoryElement--mb ap-StoryText\"><b>Quel \u00e9tait votre rapport \u00e0 C\u00e9line Dion avant \u00e7a ?<\/b><\/p>\n<p class=\"ap-StoryElement ap-StoryElement--mb ap-StoryText\"><b>V.R. <\/b>\u00ab\u00a0Pour ma part, je suis fan de C\u00e9line. Elle a \u00e9t\u00e9 l&rsquo;une de mes premi\u00e8res r\u00e9f\u00e9rences en tant que chanteuse. Quand &lsquo;Pour que tu m&rsquo;aimes&rsquo; est sorti, je d\u00e9marrais ma carri\u00e8re et \u00e7a m&rsquo;a donn\u00e9 l&rsquo;envie de chanter et d&rsquo;en faire mon m\u00e9tier.\u00a0\u00bb<\/p>\n<p class=\"ap-StoryElement ap-StoryElement--mb ap-StoryText\"><b>C.P. <\/b>\u00ab\u00a0Au Qu\u00e9bec, on conna\u00eet C\u00e9line depuis 1981 et moi je la chante depuis 1984, depuis que je suis toute petite. Je chantais avec les cassettes, dans la voiture\u2026 Je n&rsquo;ai pas connu la vie sans C\u00e9line en fait. Elle m&rsquo;a accompagn\u00e9e tout au cours de ma vie et je me suis toujours dit que ce serait mon r\u00eave de reprendre un jour ses chansons, mais je ne savais pas si l&rsquo;occasion allait se pr\u00e9senter. Mais j&rsquo;ai eu cette immense chance de le faire au Qu\u00e9bec et maintenant aussi en France et en Belgique. C&rsquo;est exceptionnel.\u00a0\u00bb<\/p>\n<p class=\"ap-StoryElement ap-StoryElement--mb ap-StoryText\"><b>Dans &lsquo;G\u00e9n\u00e9ration C\u00e9line&rsquo;, vous \u00eates quatre. Comment vous partagez-vous la sc\u00e8ne et les chansons ?<\/b><\/p>\n<p class=\"ap-StoryElement ap-StoryElement--mb ap-StoryText\"><b>V.R.<\/b> \u00ab\u00a0On a des titres en solo mais aussi ce qu&rsquo;on appelle des &lsquo;coll\u00e9giales&rsquo;, quand on est quatre \u00e0 chanter la m\u00eame chanson. On a eu la distribution par Erick Benzin, qui est le directeur musical de &lsquo;G\u00e9n\u00e9ration C\u00e9line, par rapport \u00e0 nos caract\u00e8res, notre timbre vocal, mais aussi un petit peu \u00e0 nos choix, parce qu&rsquo;il a senti qu&rsquo;on aimait bien certaines chansons. Et on se partage la sc\u00e8ne.\u00a0\u00bb<\/p>\n<p class=\"ap-StoryElement ap-StoryElement--mb ap-StoryText\"><b>C.P.<\/b> \u00ab\u00a0On est soit toutes les quatre ensemble, sinon c&rsquo;est en individuel et, parfois, il y en a qui sont choristes.\u00a0\u00bb<\/p>\n<blockquote class=\"ap-StoryQuote ap-StoryQuote--pullquote\"><p>guillement<\/p>\n<p class=\"ap-StoryQuote-text\">Il y a cette pression de reprendre ses titres et aussi de plaire aux fans qui viennent nous voir.<\/p>\n<\/blockquote>\n<p class=\"ap-StoryElement ap-StoryElement--mb ap-StoryText\"><b>Est-ce que vous avez beaucoup de pression \u00e0 \u00eatre compar\u00e9es ou vous comparer vous-m\u00eames \u00e0 C\u00e9line Dion ?<\/b><\/p>\n<p class=\"ap-StoryElement ap-StoryElement--mb ap-StoryText\"><b>V.R. <\/b>\u00ab\u00a0Quand m\u00eame. Pour ma part, je ne suis pas connue du grand public, je suis une chanteuse d&rsquo;\u00e9v\u00e9nements, donc oui c&rsquo;est impressionnant, parce que C\u00e9line Dion c&rsquo;est un monstre de technique et d&rsquo;\u00e9motions. C&rsquo;est l&rsquo;une des plus grandes chanteuses francophones. Donc, oui, il y a cette pression de reprendre ses titres et aussi de plaire aux fans qui viennent nous voir.\u00a0\u00bb<\/p>\n<p class=\"ap-StoryElement ap-StoryElement--mb ap-StoryText\"><b>C.P. <\/b>\u00ab\u00a0C\u00e9line est connue partout sur la plan\u00e8te, donc \u00e7a rajoute une pression suppl\u00e9mentaire. Avec mon hommage, au Qu\u00e9bec, et en ayant \u00e9t\u00e9 influenc\u00e9e depuis toujours par C\u00e9line, j&rsquo;ai une couleur vocale qui lui ressemble plus. C&rsquo;est ce que j&rsquo;aime faire, que \u00e7a ressemble le plus \u00e0 ce qu&rsquo;elle fait. Mais \u00e9videmment, je ne suis pas elle.\u00a0\u00bb<\/p>\n<p class=\"ap-StoryElement ap-StoryElement--mb ap-StoryText\"><b>V.R. <\/b>\u00ab\u00a0Elle a son accent aussi ! (Rires) Mais je dois avouer que c&rsquo;est impressionnant la ressemblance des titres quand Catherine les chante. Elle a vraiment une tessiture qui ressemble \u00e0 celle de C\u00e9line. Sur nous quatre, c&rsquo;est elle qui a la voix la plus ressemblante.\u00a0\u00bb<\/p>\n<blockquote class=\"ap-StoryQuote ap-StoryQuote--pullquote\"><p>guillement<\/p>\n<p class=\"ap-StoryQuote-text\">On est tellement heureuses d&rsquo;\u00eatre l\u00e0. Et on a cette dynamique d&#8217;emmener les gens avec nous, de les transporter sur les titres et de les faire chanter.<\/p>\n<\/blockquote>\n<p class=\"ap-StoryElement ap-StoryElement--mb ap-StoryText\"><b>Que pense le public de &lsquo;G\u00e9n\u00e9ration C\u00e9line&rsquo; ?<\/b><\/p>\n<p class=\"ap-StoryElement ap-StoryElement--mb ap-StoryText\"><b>V.R. <\/b>\u00ab\u00a0Le grand fan va s&rsquo;y retrouver, mais aussi les personnes qui aiment juste certains titres.\u00a0\u00bb<\/p>\n<p class=\"ap-StoryElement ap-StoryElement--mb ap-StoryText\"><b>C.P. <\/b>\u00ab\u00a0Il n&rsquo;y a pas d&rsquo;autre choix que d&rsquo;\u00eatre emport\u00e9 par la vague du public, parce que c&rsquo;est une grande vague d&rsquo;amour que l&rsquo;on re\u00e7oit sur sc\u00e8ne.\u00a0\u00bb<\/p>\n<p class=\"ap-StoryElement ap-StoryElement--mb ap-StoryText\"><b>V.R. <\/b>\u00ab\u00a0Et qu&rsquo;on donne aussi, parce qu&rsquo;on est tellement heureuses d&rsquo;\u00eatre l\u00e0. Et on a cette dynamique d&#8217;emmener les gens avec nous, de les transporter sur les titres et de les faire chanter. C&rsquo;est le plus important. \u00c7a chante beaucoup dans le public, on est tr\u00e8s contentes. On a justement fait la premi\u00e8re \u00e0 Beauvais et deux dates \u00e0 Paris (les 19, 20 et 21 septembre 2025, ndlr) et on a \u00e9t\u00e9 tr\u00e8s surprises que, d\u00e8s le troisi\u00e8me titre, on voit une vague de filles arriver sur le devant. \u00c7a nous a motiv\u00e9es \u00e0 donner encore plus. On a franchement ador\u00e9.\u00a0\u00bb<\/p>\n<p><a href=\"https:\/\/www.parismatch.be\/actualites\/people\/2025\/05\/14\/la-musique-nous-unit-celine-dion-sexprime-dans-un-touchant-message-diffuse-lors-de-la-demi-finale-de-leurovision-a-bale-video-ZKT55YL3HZBAXLOI4FYVY5ZMBI\/\" target=\"_self\" class=\"ap-StoryInterstitialLink ap-StoryElement ap-StoryElement--mb\" rel=\"noopener\">\u00ab\u00a0La musique nous unit\u00a0\u00bb : C\u00e9line Dion s&rsquo;exprime dans un touchant message diffus\u00e9 lors de la demi-finale de l&rsquo;Eurovision, \u00e0 B\u00e2le (VID\u00c9O)<\/a><\/p>\n<p class=\"ap-StoryElement ap-StoryElement--mb ap-StoryText\"><b>Y a-t-il une diff\u00e9rence entre le public qu\u00e9b\u00e9cois et le public fran\u00e7ais ?<\/b><\/p>\n<p class=\"ap-StoryElement ap-StoryElement--mb ap-StoryText\"><b>C.P. <\/b>\u00ab\u00a0Ce que j&rsquo;ai surtout remarqu\u00e9, c&rsquo;est que le public fran\u00e7ais chante les chansons du d\u00e9but \u00e0 la fin. Au Qu\u00e9bec, le public chante des petits bouts et s&rsquo;arr\u00eate. Ici, c&rsquo;est vraiment TOUTE la chanson. (Rires) C&rsquo;est vraiment extraordinaire, j&rsquo;adore ! Mais, au d\u00e9part, \u00e7a m&rsquo;a vraiment \u00e9tonn\u00e9e.\u00a0\u00bb<\/p>\n<p class=\"ap-StoryElement ap-StoryElement--mb ap-StoryText\"><b>Avez-vous un souvenir particulier en rapport avec C\u00e9line Dion ?<\/b><\/p>\n<p class=\"ap-StoryElement ap-StoryElement--mb ap-StoryText\"><b>V.R.<\/b> \u00ab\u00a0Avec l&rsquo;orchestre o\u00f9 j&rsquo;\u00e9tais \u00e0 l&rsquo;\u00e9poque, l&rsquo;ann\u00e9e o\u00f9 le film &lsquo;Titanic&rsquo; est sorti, on a donn\u00e9 un concert en plein air sur la place Drouet d&rsquo;Erlon de Reims. Il y avait peut-\u00eatre 5 000 personnes devant la sc\u00e8ne et, au moment o\u00f9 j&rsquo;ai chant\u00e9 &lsquo;My Heart Will Go On&rsquo;, \u00e7a a \u00e9t\u00e9 5 000 personnes qui chantaient, avec, \u00e0 l&rsquo;\u00e9poque, des briquets lev\u00e9s. Je n&rsquo;avais m\u00eame plus envie de chanter, parce que les gens chantaient tellement fort que j&rsquo;\u00e9tais prise dans l&rsquo;\u00e9motion. Je garde ce souvenir de cette chanson. Et je revis \u00e7a maintenant avec &lsquo;G\u00e9n\u00e9ration C\u00e9line&rsquo;, \u00e7a n&rsquo;a pas chang\u00e9.\u00a0\u00bb<\/p>\n<p class=\"ap-StoryElement ap-StoryElement--mb ap-StoryText\"><b>C.P. <\/b>\u00ab\u00a0&lsquo;The Power of Love&rsquo; a \u00e9t\u00e9 un moment tr\u00e8s fort pour nous au Qu\u00e9bec, quand C\u00e9line a d\u00e9clar\u00e9 son amour pour <a href=\"https:\/\/www.parismatch.be\/actualites\/people\/2025\/12\/18\/cest-toujours-un-oui-celine-dion-rend-un-vibrant-hommage-a-rene-angelil-pour-celebrer-une-date-chere-a-son-coeur-KBMN5432TZG35HYGR32QYYYAFI\/\" target=\"_self\" rel=\"noopener\">Ren\u00e9<\/a>, \u00e0 l&rsquo;\u00e9mission de Sonia Benezra (animatrice et actrice canadienne, ndlr), c&rsquo;\u00e9tait vraiment un moment magique. On se doutait qu&rsquo;il y avait quelque chose entre eux mais ce n&rsquo;\u00e9tait pas confirm\u00e9, jusqu&rsquo;\u00e0 ce soir-l\u00e0. C&rsquo;\u00e9tait vraiment une magnifique soir\u00e9e.\u00a0\u00bb<\/p>\n","protected":false},"excerpt":{"rendered":"Les quatre chanteuses de G\u00e9n\u00e9ration C\u00e9line en studio. De gauche \u00e0 droite : Virginie Rohart, Magali Ponsada, Chiara&hellip;\n","protected":false},"author":2,"featured_media":612954,"comment_status":"","ping_status":"","sticky":false,"template":"","format":"standard","meta":{"footnotes":""},"categories":[1355],"tags":[7043,1695,58,59,1011,27,72390,1361,873,3140],"class_list":{"0":"post-612953","1":"post","2":"type-post","3":"status-publish","4":"format-standard","5":"has-post-thumbnail","7":"category-musique","8":"tag-celine-dion","9":"tag-chanson","10":"tag-divertissement","11":"tag-entertainment","12":"tag-fr","13":"tag-france","14":"tag-generation-celine","15":"tag-music","16":"tag-musique","17":"tag-spectacle"},"share_on_mastodon":{"url":"https:\/\/pubeurope.com\/@fr\/115755292109513372","error":""},"_links":{"self":[{"href":"https:\/\/www.europesays.com\/fr\/wp-json\/wp\/v2\/posts\/612953","targetHints":{"allow":["GET"]}}],"collection":[{"href":"https:\/\/www.europesays.com\/fr\/wp-json\/wp\/v2\/posts"}],"about":[{"href":"https:\/\/www.europesays.com\/fr\/wp-json\/wp\/v2\/types\/post"}],"author":[{"embeddable":true,"href":"https:\/\/www.europesays.com\/fr\/wp-json\/wp\/v2\/users\/2"}],"replies":[{"embeddable":true,"href":"https:\/\/www.europesays.com\/fr\/wp-json\/wp\/v2\/comments?post=612953"}],"version-history":[{"count":0,"href":"https:\/\/www.europesays.com\/fr\/wp-json\/wp\/v2\/posts\/612953\/revisions"}],"wp:featuredmedia":[{"embeddable":true,"href":"https:\/\/www.europesays.com\/fr\/wp-json\/wp\/v2\/media\/612954"}],"wp:attachment":[{"href":"https:\/\/www.europesays.com\/fr\/wp-json\/wp\/v2\/media?parent=612953"}],"wp:term":[{"taxonomy":"category","embeddable":true,"href":"https:\/\/www.europesays.com\/fr\/wp-json\/wp\/v2\/categories?post=612953"},{"taxonomy":"post_tag","embeddable":true,"href":"https:\/\/www.europesays.com\/fr\/wp-json\/wp\/v2\/tags?post=612953"}],"curies":[{"name":"wp","href":"https:\/\/api.w.org\/{rel}","templated":true}]}}