{"id":61298,"date":"2025-04-29T08:06:09","date_gmt":"2025-04-29T08:06:09","guid":{"rendered":"https:\/\/www.europesays.com\/fr\/61298\/"},"modified":"2025-04-29T08:06:09","modified_gmt":"2025-04-29T08:06:09","slug":"le-president-de-la-ffr-repond-au-pere-de-medhi-narjissi","status":"publish","type":"post","link":"https:\/\/www.europesays.com\/fr\/61298\/","title":{"rendered":"le pr\u00e9sident de la FFR r\u00e9pond au p\u00e8re de Medhi Narjissi,"},"content":{"rendered":"<p>                             Par     <a class=\"fig-content-metas__author\" href=\"https:\/\/www.lefigaro.fr\/auteur\/david-reyrat\" rel=\"author noopener\" target=\"_blank\">David Reyrat<\/a><\/p>\n<p>\n            Publi\u00e9<br \/>\n                le 29 avril 2025 \u00e0 08h54,<br \/>\n                 mis \u00e0 jour le 29 avril 2025 \u00e0 09h56<\/p>\n<p>\u00a0\u00bb<br \/>\n        data-script=\u00a0\u00bbhttps:\/\/static.lefigaro.fr\/widget-video\/short-ttl\/video\/index.js\u00a0\u00bb<br \/>\n    &gt;<\/p>\n<p>Dans un long courrier adress\u00e9 \u00e0 Jalil Narjissi, Florian Grill exprime \u00e0 nouveau ses regrets tout en s\u2019employant \u00e0 expliquer les raisons de l\u2019incompr\u00e9hension et \u00e0 r\u00e9futer les attaques \u00e0 son encontre.<\/p>\n<p class=\"fig-paragraph\">Une longue r\u00e9ponse de six pages sign\u00e9e du pr\u00e9sident de la F\u00e9d\u00e9ration Fran\u00e7aise de Rugby, que\u00a0<a href=\"https:\/\/rmcsport.bfmtv.com\/rugby\/ne-vous-trompez-pas-de-combat-florian-grill-a-repondu-par-courrier-aux-critiques-du-pere-de-medhi-narjissi_AV-202504280774.html\" target=\"_blank\" rel=\"nofollow noopener\" data-gtm-custom-categorie=\"navigation\" data-gtm-custom-action=\"crossclick\" data-gtm-custom-label=\"Contextuel\" data-gtm-event=\"customEventSPE\">RMC Sport a pu consulter<\/a>. Un courrier adress\u00e9 vendredi dernier \u00e0 Jalil Narjissi,\u00a0<a href=\"http:\/\/www.lefigaro.fr\/sports\/rugby\/la-colere-du-pere-de-medhi-narjissi-disparu-en-mer-l-ete-dernier-nous-denoncons-aujourd-hui-de-graves-defaillances-20250423\" data-fig-type=\"Article\" data-gtm-custom-categorie=\"navigation\" data-gtm-custom-action=\"crossclick\" data-gtm-custom-label=\"Contextuel\" data-gtm-event=\"customEventSPE\" data-fig-domain=\"LEFIGARO\" target=\"_blank\" rel=\"noopener\">deux jours apr\u00e8s l\u2019interview que le p\u00e8re inconsolable de Medhi nous a accord\u00e9<\/a>, dans laquelle il pointait \u00ables responsabilit\u00e9s de la FFR dans ce drame et l\u2019absence d\u2019accompagnement de son pr\u00e9sident, qui a pr\u00e9f\u00e9r\u00e9 se concentrer sur sa r\u00e9\u00e9lection plut\u00f4t que d\u2019\u00eatre \u00e0 nos c\u00f4t\u00e9s.\u00bb<\/p>\n<p class=\"fig-paragraph\">Dans son courrier, Florian Grill s\u2019emploie \u00e0 \u00abrestituer les faits tels qu\u2019ils se sont d\u00e9roul\u00e9s\u00bb, concernant la tragique disparition en mer du jeune international de 17 ans lors d\u2019une tourn\u00e9e de l\u2019\u00e9quipe de France des moins de 18 ans, l\u2019\u00e9t\u00e9 dernier en Afrique du Sud.<\/p>\n<p>\u00abVous me dites dans la presse que la FFR cherche \u00e0 se prot\u00e9ger, ce n\u2019est pas vrai\u00bb<\/p>\n<p class=\"fig-paragraph\">\u00abDans votre interview au Figaro (du 23 avril, NDLR), vous prenez le parti de m\u2019attaquer avec virulence, ainsi que la f\u00e9d\u00e9ration que je pr\u00e9side (\u2026) Vous me dites dans la presse que la FFR cherche \u00e0 se prot\u00e9ger, ce n\u2019est pas vrai\u00bb, promet le patron du rugby fran\u00e7ais, qui, tout en renouvelant ses excuses, rappelle toutes ses actions et tous les \u00e9changes priv\u00e9s qu\u2019il a eus avec Jalil Narjissi depuis le drame.<\/p>\n<p class=\"fig-paragraph\">\u00abJ\u2019ai agi d\u00e8s la premi\u00e8re minute. J\u2019ai soutenu, accompagn\u00e9, organis\u00e9, \u00e9chang\u00e9. J\u2019ai demand\u00e9 des enqu\u00eates. J\u2019ai exig\u00e9 la v\u00e9rit\u00e9. J\u2019ai propos\u00e9 un hommage. Je vous ai rencontr\u00e9. J\u2019ai pleur\u00e9 avec vous\u00bb, \u00e9crit Florian Grill, revendiquant un \u00abengagement sinc\u00e8re\u00bb aupr\u00e8s de la famille Narjissi dans cette \u00e9preuve. R\u00e9futant le manque de soutien de compassion dont elle l\u2019a accus\u00e9.<\/p>\n<blockquote class=\"fig-quote&#10;    \">\n<p class=\"fig-quote__text\">\u00ab J\u2019ai s\u00fbrement commis des maladresses dans ma communication aupr\u00e8s de vous dans l\u2019urgence et le stress de la gestion du drame. Mais la r\u00e9alit\u00e9 est qu\u2019il y a eu, sous ma coordination, une mobilisation g\u00e9n\u00e9rale de toutes les \u00e9quipes de la FFR.\u00a0\u00bb<\/p>\n<p>            Florian Grill\n    <\/p><\/blockquote>\n<p class=\"fig-paragraph\">Accus\u00e9 par Jalil Narjissi d\u2019avoir poursuivi sa campagne \u00e9lectorale pour l\u2019\u00e9lection \u00e0 la t\u00eate de la FFR et de ne pas les avoir accompagn\u00e9s en Afrique du Sud, le pr\u00e9sident de la FFR s\u2019explique \u00e0 nouveau. Il consid\u00e8re que \u00abdiriger la cellule d\u2019urgence\u00bb depuis la France \u00e9tait un choix juste. Affirme qu\u2019il a cru que la famille ne souhaitait pas le voir. Et rappelle que, le 27 ao\u00fbt, soit vingt jours apr\u00e8s le drame, conscient de sa m\u00e9prise, il a envoy\u00e9 un message au p\u00e8re de Medhi. \u00abJ\u2019ai compris que vous me reprochiez mon absence \u00e0 vos c\u00f4t\u00e9s (\u2026)J\u2019ai s\u00fbrement mal interpr\u00e9t\u00e9 et je vous pr\u00e9sente mes excuses pour cela mais envoyant que vous refusiez la visioconf\u00e9rence ou un appel j\u2019ai \u00e0 tort estim\u00e9 que ma pr\u00e9sence \u00e9tait inopportune \u00e0 vos yeux.\u00bb<\/p>\n<p class=\"fig-paragraph\">Florian Grill s\u2019efforce de faire amende honorable. \u00abJ\u2019ai s\u00fbrement commis des maladresses dans ma communication aupr\u00e8s de vous dans l\u2019urgence et le stress de la gestion du drame. Mais la r\u00e9alit\u00e9 est qu\u2019il y a eu, sous ma coordination, une mobilisation g\u00e9n\u00e9rale de toutes les \u00e9quipes de la FFR.\u00bb<\/p>\n<p>\u00abNe vous trompez pas de combat\u00bb<\/p>\n<p class=\"fig-paragraph\">Il cherche enfin l\u2019apaisement. \u00abNous voulons la v\u00e9rit\u00e9, pas la vengeance (\u2026) Je comprends que vous ayez besoin de r\u00e9ponses et que vous cherchiez des coupables, mais ne vous trompez pas de combat et faites confiance \u00e0 notre justice.\u00bb<\/p>\n<p class=\"fig-paragraph\"><a href=\"http:\/\/www.lefigaro.fr\/sports\/rugby\/disparition-de-medhi-narjissi-une-information-pour-homicide-involontaire-ouverte-par-le-parquet-d-agen-20241016\" data-fig-type=\"NewsFlash\" data-gtm-custom-categorie=\"navigation\" data-gtm-custom-action=\"crossclick\" data-gtm-custom-label=\"Contextuel\" data-gtm-event=\"customEventSPE\" data-fig-domain=\"LEFIGARO\" target=\"_blank\" rel=\"noopener\">Une information judiciaire\u00a0<\/a>a \u00e9t\u00e9 ouverte pour homicide involontaire et a abouti \u00e0 une premi\u00e8re garde \u00e0 vue, celle de l\u2019ancien manager de l\u2019\u00e9quipe de France U18, St\u00e9phane Cambos.<\/p>\n","protected":false},"excerpt":{"rendered":"Par David Reyrat Publi\u00e9 le 29 avril 2025 \u00e0 08h54, mis \u00e0 jour le 29 avril 2025 \u00e0&hellip;\n","protected":false},"author":2,"featured_media":61299,"comment_status":"","ping_status":"","sticky":false,"template":"","format":"standard","meta":{"footnotes":""},"categories":[1416],"tags":[2306,525,2309,1981,2313,1089,451,814,12116,1011,27,955,2308,2311,1980,479,1468,2259,2307,60,478,2310,2312,513],"class_list":{"0":"post-61298","1":"post","2":"type-post","3":"status-publish","4":"format-standard","5":"has-post-thumbnail","7":"category-rugby","8":"tag-6-nations","9":"tag-calendrier","10":"tag-challenge-europeen","11":"tag-classement","12":"tag-clermont","13":"tag-coupe-deurope","14":"tag-coupe-du-monde","15":"tag-direct","16":"tag-ffr","17":"tag-fr","18":"tag-france","19":"tag-match","20":"tag-pro-d2","21":"tag-racing","22":"tag-resultats","23":"tag-rugby","24":"tag-rugby-football","25":"tag-score","26":"tag-six-nations","27":"tag-sports","28":"tag-top-14","29":"tag-toulon","30":"tag-toulouse","31":"tag-xv-de-france"},"share_on_mastodon":{"url":"https:\/\/pubeurope.com\/@fr\/114420225393005681","error":""},"_links":{"self":[{"href":"https:\/\/www.europesays.com\/fr\/wp-json\/wp\/v2\/posts\/61298","targetHints":{"allow":["GET"]}}],"collection":[{"href":"https:\/\/www.europesays.com\/fr\/wp-json\/wp\/v2\/posts"}],"about":[{"href":"https:\/\/www.europesays.com\/fr\/wp-json\/wp\/v2\/types\/post"}],"author":[{"embeddable":true,"href":"https:\/\/www.europesays.com\/fr\/wp-json\/wp\/v2\/users\/2"}],"replies":[{"embeddable":true,"href":"https:\/\/www.europesays.com\/fr\/wp-json\/wp\/v2\/comments?post=61298"}],"version-history":[{"count":0,"href":"https:\/\/www.europesays.com\/fr\/wp-json\/wp\/v2\/posts\/61298\/revisions"}],"wp:featuredmedia":[{"embeddable":true,"href":"https:\/\/www.europesays.com\/fr\/wp-json\/wp\/v2\/media\/61299"}],"wp:attachment":[{"href":"https:\/\/www.europesays.com\/fr\/wp-json\/wp\/v2\/media?parent=61298"}],"wp:term":[{"taxonomy":"category","embeddable":true,"href":"https:\/\/www.europesays.com\/fr\/wp-json\/wp\/v2\/categories?post=61298"},{"taxonomy":"post_tag","embeddable":true,"href":"https:\/\/www.europesays.com\/fr\/wp-json\/wp\/v2\/tags?post=61298"}],"curies":[{"name":"wp","href":"https:\/\/api.w.org\/{rel}","templated":true}]}}