{"id":612983,"date":"2025-12-21T03:15:30","date_gmt":"2025-12-21T03:15:30","guid":{"rendered":"https:\/\/www.europesays.com\/fr\/612983\/"},"modified":"2025-12-21T03:15:30","modified_gmt":"2025-12-21T03:15:30","slug":"seine-maritime-accident-entre-un-poids-lourd-transportant-des-betteraves-et-une-voiture-deux-blesses-dont-une-fillette-de-6-ans","status":"publish","type":"post","link":"https:\/\/www.europesays.com\/fr\/612983\/","title":{"rendered":"Seine-Maritime. Accident entre un poids lourd transportant des betteraves et une voiture, deux bless\u00e9s dont une fillette de 6 ans"},"content":{"rendered":"<p melodystyle=\"texte\">Un accident s&rsquo;est produit, mercredi 17\u00a0d\u00e9cembre peu avant midi, sur la D149 \u00e0 Cliponville. Un poids lourd transportant des betteraves et une voiture se sont percut\u00e9s. L&rsquo;accrochage a fait deux bless\u00e9es, une femme de 37 ans et une fillette de 6 ans, prises en charge sur place par une \u00e9quipe du Smur.<\/p>\n<p>Les deux bless\u00e9es ont \u00e9t\u00e9 transport\u00e9es \u00e0 l&rsquo;h\u00f4pital<\/p>\n<p melodystyle=\"texte\">L&rsquo;enfant a \u00e9t\u00e9 transport\u00e9e dans un \u00e9tat grave au CHU de Rouen par l&rsquo;h\u00e9licopt\u00e8re Dragon 76. La femme a elle aussi \u00e9t\u00e9 transport\u00e9e au CHU mais par ambulance.<\/p>\n","protected":false},"excerpt":{"rendered":"Un accident s&rsquo;est produit, mercredi 17\u00a0d\u00e9cembre peu avant midi, sur la D149 \u00e0 Cliponville. Un poids lourd transportant&hellip;\n","protected":false},"author":2,"featured_media":612984,"comment_status":"","ping_status":"","sticky":false,"template":"","format":"standard","meta":{"footnotes":""},"categories":[9587],"tags":[1111,11,1777,674,1011,27,12,5161,25,9590],"class_list":{"0":"post-612983","1":"post","2":"type-post","3":"status-publish","4":"format-standard","5":"has-post-thumbnail","7":"category-rouen","8":"tag-actu","9":"tag-actualites","10":"tag-eu","11":"tag-europe","12":"tag-fr","13":"tag-france","14":"tag-news","15":"tag-normandie","16":"tag-republique-francaise","17":"tag-rouen"},"share_on_mastodon":{"url":"https:\/\/pubeurope.com\/@fr\/115755386338223317","error":""},"_links":{"self":[{"href":"https:\/\/www.europesays.com\/fr\/wp-json\/wp\/v2\/posts\/612983","targetHints":{"allow":["GET"]}}],"collection":[{"href":"https:\/\/www.europesays.com\/fr\/wp-json\/wp\/v2\/posts"}],"about":[{"href":"https:\/\/www.europesays.com\/fr\/wp-json\/wp\/v2\/types\/post"}],"author":[{"embeddable":true,"href":"https:\/\/www.europesays.com\/fr\/wp-json\/wp\/v2\/users\/2"}],"replies":[{"embeddable":true,"href":"https:\/\/www.europesays.com\/fr\/wp-json\/wp\/v2\/comments?post=612983"}],"version-history":[{"count":0,"href":"https:\/\/www.europesays.com\/fr\/wp-json\/wp\/v2\/posts\/612983\/revisions"}],"wp:featuredmedia":[{"embeddable":true,"href":"https:\/\/www.europesays.com\/fr\/wp-json\/wp\/v2\/media\/612984"}],"wp:attachment":[{"href":"https:\/\/www.europesays.com\/fr\/wp-json\/wp\/v2\/media?parent=612983"}],"wp:term":[{"taxonomy":"category","embeddable":true,"href":"https:\/\/www.europesays.com\/fr\/wp-json\/wp\/v2\/categories?post=612983"},{"taxonomy":"post_tag","embeddable":true,"href":"https:\/\/www.europesays.com\/fr\/wp-json\/wp\/v2\/tags?post=612983"}],"curies":[{"name":"wp","href":"https:\/\/api.w.org\/{rel}","templated":true}]}}