{"id":612987,"date":"2025-12-21T03:20:25","date_gmt":"2025-12-21T03:20:25","guid":{"rendered":"https:\/\/www.europesays.com\/fr\/612987\/"},"modified":"2025-12-21T03:20:25","modified_gmt":"2025-12-21T03:20:25","slug":"ca-passe-pour-toulouse-et-le-paris-fc-nancy-surprend-grenoble-aux-tirs-au-but-coupe-de-france-32es-resume","status":"publish","type":"post","link":"https:\/\/www.europesays.com\/fr\/612987\/","title":{"rendered":"\u00c7a passe pour Toulouse et le Paris FC, Nancy surprend Grenoble aux tirs au but &#8211; Coupe de France &#8211; 32es &#8211; R\u00e9sum\u00e9"},"content":{"rendered":"<p>Dans un multiplex qui aura pris tout son temps pour se lancer (deux malheureux buts en premi\u00e8re p\u00e9riode), il n\u2019y aura pas vraiment eu de surprise. Premi\u00e8re \u00e9quipe \u00e0 frapper, le Paris FC a ma\u00eetris\u00e9 les d\u00e9bats sur la pelouse de Raon-l\u2019\u00c9tape, port\u00e9 par un tripl\u00e9 de Jonathan Ikon\u00e9. Un d\u00e9but de solution pour l\u2019attaque des Franciliens, en qu\u00eate d\u2019un avant-centre ? Des questions que ne se pose pas le T\u00e9f\u00e9c\u00e9. Avec un maximum de r\u00e9ussite, c\u2019est en effet Emersonn qui a d\u00e9bloqu\u00e9 la partie pour les Toulousains \u00e0 Lyon La Duch\u00e8re, de mani\u00e8re involontaire apr\u00e8s un poteau. De retour sur les terrains, c\u2019est ensuite Aron D\u00f8nnum qui double la mise, histoire de mettre les siens \u00e0 l\u2019abri de la r\u00e9duction du score des locaux sur penalty.<\/p>\n<p>La Ligue 2 elle aussi \u00e0 la f\u00eate<\/p>\n<p>\u00c0 l\u2019\u00e9tage du dessous, \u00e7a passe aussi pour Bastia. Sous des trombes d\u2019eau, la lanterne rouge de Ligue 2 s\u2019est fray\u00e9 un chemin \u00e0 Pontivy gr\u00e2ce \u00e0 F\u00e9lix Tomi en fin de partie, bien aid\u00e9 par une pelouse d\u00e9tremp\u00e9e et la fatigue dans les jambes des locaux. Le deuxi\u00e8me \u00e9chelon national ne fera toutefois pas un carton plein, la faute au choc entre deux de ses repr\u00e9sentants : Grenoble et Nancy. Une rencontre dans laquelle le dernier mot est revenu aux Nanc\u00e9iens, men\u00e9s jusqu\u2019\u00e0 l\u2019\u00e9galisation d\u2019Enzo Tacafred dans le temps additionnel. Puis victorieux aux tirs au but, avec au passage une panenka barre rentrante de Zakaria Ztouti.<\/p>\n<p>Sur la pelouse de B\u00e9thune, <a target=\"_blank\" href=\"https:\/\/www.sofoot.com\/breves\/plus-de-40-tentatives-une-seance-de-tirs-aux-buts-completement-folle-en-coupe-de-france\" rel=\"noopener\">pourtant habitu\u00e9 des \u00e9motions fortes<\/a>, Sochaux s\u2019est d\u2019abord fait peur avant de tout renverser en seconde p\u00e9riode. Une r\u00e9volte entam\u00e9e par un penalty apr\u00e8s une \u00e9norme faute sur le pauvre Solomon Loubao, \u00e9vacu\u00e9 sur civi\u00e8re apr\u00e8s un long arr\u00eat de jeu. Enfin, le sixi\u00e8me et dernier ticket pour les seizi\u00e8mes de finale revient \u00e0 Istres, apr\u00e8s une rencontre bien terne \u00e0 M\u00e9rignac. Une rencontre dont le sort se sera d\u00e9termin\u00e9 l\u00e0 encore aux tirs au but, avec donc la victoire des Sudistes \u00e0 la mort subite, depuis un point de penalty devenu un sacr\u00e9 bourbier au fil des 14 tentatives.<\/p>\n<p>Lyon La Duch\u00e8re 1-2 Toulouse <img decoding=\"async\" loading=\"lazy\" class=\"blason blason-petit\" src=\"https:\/\/www.europesays.com\/fr\/wp-content\/uploads\/2025\/12\/toulouse.jpg\"\/><\/p>\n<p>Buts : Etien (68e SP) pour la Duch\u2019 \/\/ Emersonn (52e) et D\u00f8nnum (56e) pour le T\u00e9f\u00e9c\u00e9<\/p>\n<p><img decoding=\"async\" loading=\"lazy\" class=\"blason blason-petit\" src=\"https:\/\/www.europesays.com\/fr\/wp-content\/uploads\/2025\/12\/raon-l-etape.jpg\"\/> Raon-l\u2019Etape 0-3 Paris FC <img decoding=\"async\" loading=\"lazy\" class=\"blason blason-petit\" src=\"https:\/\/www.europesays.com\/fr\/wp-content\/uploads\/2025\/12\/1766287219_425_paris-fc-1.jpg\"\/><\/p>\n<p>Buts : Ikon\u00e9 (32e, 79e et 87e SP)<\/p>\n<p><img decoding=\"async\" loading=\"lazy\" class=\"blason blason-petit\" src=\"https:\/\/www.europesays.com\/fr\/wp-content\/uploads\/2025\/12\/grenoble-foot-38.jpg\"\/> Grenoble 1-1, 3-5 TAB Nancy <img decoding=\"async\" loading=\"lazy\" class=\"blason blason-petit\" src=\"https:\/\/www.europesays.com\/fr\/wp-content\/uploads\/2025\/12\/nancy.jpg\"\/><\/p>\n<p>Buts : Zahui (53e) pour le GF38 \/\/ Tacafred (90e+2) pour l\u2019ASNL<\/p>\n<p><img decoding=\"async\" loading=\"lazy\" class=\"blason blason-petit\" src=\"https:\/\/www.europesays.com\/fr\/wp-content\/uploads\/2025\/12\/pontivy-gsi.jpg\"\/> Pontivy 0-1 Bastia <img decoding=\"async\" loading=\"lazy\" class=\"blason blason-petit\" src=\"https:\/\/www.europesays.com\/fr\/wp-content\/uploads\/2025\/12\/bastia.jpg\"\/><\/p>\n<p>But : Tomi (80e)<\/p>\n<p>B\u00e9thune 2-4 Sochaux <img decoding=\"async\" loading=\"lazy\" class=\"blason blason-petit\" src=\"https:\/\/www.europesays.com\/fr\/wp-content\/uploads\/2025\/12\/sochaux.jpg\"\/><\/p>\n<p>Buts : Niangadou (32e et 90e+6) pour B\u00e9thune \/\/ Djoco (61e SP), Mendes (78e et 89e) et Fofana (83e) pour les Lionceaux<\/p>\n<p>M\u00e9rignac 0-0, 5-6 TAB Istres <img decoding=\"async\" loading=\"lazy\" class=\"blason blason-petit\" src=\"https:\/\/www.europesays.com\/fr\/wp-content\/uploads\/2025\/12\/istres.jpg\"\/><br \/>\n\t\t\t\t\t\t\t\t\t\t<a class=\"lien-connexe\" href=\"https:\/\/www.sofoot.com\/articles\/ligue-1-au-paris-fc-limportant-cest-de-prendre-son-temps\" target=\"_blank\" rel=\"noopener\">Au Paris FC, l\u2019important c\u2019est de prendre son temps<\/a>\t\t\t\t\t<\/p>\n","protected":false},"excerpt":{"rendered":"Dans un multiplex qui aura pris tout son temps pour se lancer (deux malheureux buts en premi\u00e8re p\u00e9riode),&hellip;\n","protected":false},"author":2,"featured_media":612988,"comment_status":"","ping_status":"","sticky":false,"template":"","format":"standard","meta":{"footnotes":""},"categories":[9566],"tags":[1111,47,11,61,2430,69,65,64,1777,674,63,1011,27,2731,68,66,12,62,70,25,67],"class_list":{"0":"post-612987","1":"post","2":"type-post","3":"status-publish","4":"format-standard","5":"has-post-thumbnail","7":"category-grenoble","8":"tag-actu","9":"tag-actualite","10":"tag-actualites","11":"tag-actus-football","12":"tag-auvergne-rhone-alpes","13":"tag-bundesliga","14":"tag-championnats-europeens","15":"tag-equipe-de-france","16":"tag-eu","17":"tag-europe","18":"tag-football","19":"tag-fr","20":"tag-france","21":"tag-grenoble","22":"tag-ligua","23":"tag-ligue-1","24":"tag-news","25":"tag-news-foot","26":"tag-premier-league","27":"tag-republique-francaise","28":"tag-serie-a"},"share_on_mastodon":{"url":"https:\/\/pubeurope.com\/@fr\/115755407238892816","error":""},"_links":{"self":[{"href":"https:\/\/www.europesays.com\/fr\/wp-json\/wp\/v2\/posts\/612987","targetHints":{"allow":["GET"]}}],"collection":[{"href":"https:\/\/www.europesays.com\/fr\/wp-json\/wp\/v2\/posts"}],"about":[{"href":"https:\/\/www.europesays.com\/fr\/wp-json\/wp\/v2\/types\/post"}],"author":[{"embeddable":true,"href":"https:\/\/www.europesays.com\/fr\/wp-json\/wp\/v2\/users\/2"}],"replies":[{"embeddable":true,"href":"https:\/\/www.europesays.com\/fr\/wp-json\/wp\/v2\/comments?post=612987"}],"version-history":[{"count":0,"href":"https:\/\/www.europesays.com\/fr\/wp-json\/wp\/v2\/posts\/612987\/revisions"}],"wp:featuredmedia":[{"embeddable":true,"href":"https:\/\/www.europesays.com\/fr\/wp-json\/wp\/v2\/media\/612988"}],"wp:attachment":[{"href":"https:\/\/www.europesays.com\/fr\/wp-json\/wp\/v2\/media?parent=612987"}],"wp:term":[{"taxonomy":"category","embeddable":true,"href":"https:\/\/www.europesays.com\/fr\/wp-json\/wp\/v2\/categories?post=612987"},{"taxonomy":"post_tag","embeddable":true,"href":"https:\/\/www.europesays.com\/fr\/wp-json\/wp\/v2\/tags?post=612987"}],"curies":[{"name":"wp","href":"https:\/\/api.w.org\/{rel}","templated":true}]}}